{"id":5756,"date":"2025-06-09T17:57:05","date_gmt":"2025-06-09T21:57:05","guid":{"rendered":"https:\/\/www.confederaciondelcobre.cl\/?p=5756"},"modified":"2025-06-11T00:16:36","modified_gmt":"2025-06-11T04:16:36","slug":"conmemoracion-de-los-100-anos-de-la-masacre-de-la-coruna","status":"publish","type":"post","link":"https:\/\/www.confederaciondelcobre.cl\/index.php\/2025\/06\/09\/conmemoracion-de-los-100-anos-de-la-masacre-de-la-coruna\/","title":{"rendered":"Conmemoraci\u00f3n de los 100 a\u00f1os de la masacre de La Coru\u00f1a."},"content":{"rendered":"\n<p><strong>TARAPAC\u00c1<\/strong>| <strong>La semana pasada, se conmemoraron 100 a\u00f1os de ocurrida la masacre de La Coru\u00f1a, en la pampa del Tamarugal, el 5 de junio de 1925, la que dej\u00f3 a cerca de dos mil obreros muertos por la violenta respuesta represiva del gobierno presidente Arturo Alessandri Palma a la Huelga General.<\/strong><\/p>\n\n\n<div class=\"wp-block-image\">\n<figure class=\"alignright size-large is-resized\"><img loading=\"lazy\" decoding=\"async\" width=\"1024\" height=\"576\" src=\"https:\/\/www.confederaciondelcobre.cl\/wp-content\/uploads\/2025\/06\/8b401072-82d6-45af-a5e5-25db1b152707-1024x576.jpeg\" alt=\"\" class=\"wp-image-5758\" style=\"width:433px;height:auto\" srcset=\"https:\/\/www.confederaciondelcobre.cl\/wp-content\/uploads\/2025\/06\/8b401072-82d6-45af-a5e5-25db1b152707-1024x576.jpeg 1024w, https:\/\/www.confederaciondelcobre.cl\/wp-content\/uploads\/2025\/06\/8b401072-82d6-45af-a5e5-25db1b152707-300x169.jpeg 300w, https:\/\/www.confederaciondelcobre.cl\/wp-content\/uploads\/2025\/06\/8b401072-82d6-45af-a5e5-25db1b152707-768x432.jpeg 768w, https:\/\/www.confederaciondelcobre.cl\/wp-content\/uploads\/2025\/06\/8b401072-82d6-45af-a5e5-25db1b152707.jpeg 1476w\" sizes=\"auto, (max-width: 1024px) 100vw, 1024px\" \/><\/figure><\/div>\n\n\n<p>Uno de los actos de conmemoraci\u00f3n se llev\u00f3 a cabo en la sede de la CUT \u2013 Central Unitaria de Trabajadores &#8211; en la ciudad de Iquique, la cual fue encabezada por su presidenta regional, <strong><em>Esmeralda Contrera<\/em>s<\/strong>. El encuentro, desarroll\u00f3 exposiciones del historiador <strong><em>Paulo Lanas Castillo<\/em><\/strong>, quien hizo una rese\u00f1a de los tr\u00e1gicos hechos de La Coru\u00f1a durante 1925. Tambi\u00e9n, se llev\u00f3 el tema de la Seguridad y Salud en el trabajo, en donde <strong><em>Sergio Mart\u00ednez Guti\u00e9rrez<\/em><\/strong>, Director del Instituto de Salud Laboral de Tarapac\u00e1 recorri\u00f3 la materia durante estos 100 a\u00f1os y los desaf\u00edos de estos para el futuro. La tercera exposici\u00f3n fue realizada por <strong><em>Francisco Rivera Tobar<\/em><\/strong>, Jefe de divisi\u00f3n de di\u00e1logo social y participaci\u00f3n ciudadana, quien plante\u00f3&nbsp;La construcci\u00f3n de pol\u00edticas p\u00fablicas basadas en el di\u00e1logo social, mostrando sus resultados y proyecciones desde el Ministerio del Trabajo y Previsi\u00f3n Social.<\/p>\n\n\n\n<p>Los di\u00e1logos fueron acompa\u00f1ados por la presentaci\u00f3n art\u00edstica circense de Anyeli Olmos, por la cantante de m\u00fasica criolla Marita Torres, y el Grupo Wila.<\/p>\n\n\n\n<p><strong>En Maroussia (Marusia)<\/strong><\/p>\n\n\n<div class=\"wp-block-image\">\n<figure class=\"alignright size-large is-resized\"><img loading=\"lazy\" decoding=\"async\" width=\"1024\" height=\"682\" src=\"https:\/\/www.confederaciondelcobre.cl\/wp-content\/uploads\/2025\/06\/WhatsApp-Image-2025-06-06-at-11.51.03-1024x682.jpeg\" alt=\"\" class=\"wp-image-5759\" style=\"width:365px;height:auto\" srcset=\"https:\/\/www.confederaciondelcobre.cl\/wp-content\/uploads\/2025\/06\/WhatsApp-Image-2025-06-06-at-11.51.03-1024x682.jpeg 1024w, https:\/\/www.confederaciondelcobre.cl\/wp-content\/uploads\/2025\/06\/WhatsApp-Image-2025-06-06-at-11.51.03-300x200.jpeg 300w, https:\/\/www.confederaciondelcobre.cl\/wp-content\/uploads\/2025\/06\/WhatsApp-Image-2025-06-06-at-11.51.03-768x512.jpeg 768w, https:\/\/www.confederaciondelcobre.cl\/wp-content\/uploads\/2025\/06\/WhatsApp-Image-2025-06-06-at-11.51.03-1536x1023.jpeg 1536w, https:\/\/www.confederaciondelcobre.cl\/wp-content\/uploads\/2025\/06\/WhatsApp-Image-2025-06-06-at-11.51.03.jpeg 1600w\" sizes=\"auto, (max-width: 1024px) 100vw, 1024px\" \/><\/figure><\/div>\n\n\n<p>Tambi\u00e9n se llev\u00f3 a cabo esta conmemoraci\u00f3n en el mismo lugar donde se situ\u00f3 la Oficina de La Coru\u00f1a, Marussia, en medio del desierto de la regi\u00f3n de Tarapac\u00e1, lugar en donde a\u00f1o a a\u00f1o, se recuerdan a quienes fueron asesinados por el Estado.<\/p>\n\n\n\n<p>En este centenarios, la actividad de conmemoraci\u00f3n comenz\u00f3 entonado los Himnos Nacionales de Chile ,Bolivia y Per\u00fa, naciones a las que pertenec\u00edan los ca\u00eddos por la sangrienta masacre de 1925, con los qu\u00e9 se rindi\u00f3 un emotivo homenaje, luego se entreg\u00f3 una rese\u00f1a hist\u00f3rica a nombre del comit\u00e9 pro centenario a cargo del profesor, abogado e historiador <strong><em>Oscar Torres<\/em><\/strong>.&nbsp;<\/p>\n\n\n\n<p>El homenaje, tambi\u00e9n contempl\u00f3 recordar a quien coloc\u00f3 los primeros cimientos de la memoria sobre La Coru\u00f1a, <strong><em>Freddy Taberna<\/em><\/strong>, el qu\u00e9 fue recordado por el historiador y premio nacional de Historia <strong><em>Lautaro N\u00fa\u00f1ez<\/em><\/strong>. Freddy Taberna, Tarapaque\u00f1o, militante Socialista&nbsp;y ge\u00f3grafo encargado de temas lim\u00edtrofes&nbsp;durante el gobierno del <strong>Presidente Salvador Allende<\/strong>, que decidi\u00f3 mostrar la historia de sangre de La Coru\u00f1a al cantautor <strong><em>Patricio Manns<\/em><\/strong>, quien finalmente, realiz\u00f3 una dedicada investigaci\u00f3n y public\u00f3 el libro \u201c<strong>Actas de Marusia<\/strong>\u201d.&nbsp;Escrita durante la dictadura militar y publicada por la editorial Pluma y Pincel en 1993, \u201cActas de Marusia\u201d es una de las obras m\u00e1s desconocidas y a la vez m\u00e1s potentes de Patricio Manns. No existen ejemplares en circulaci\u00f3n, pues fue requisada tras su primera publicaci\u00f3n. Solo se conserva lo editado por Pluma y Pincel y algunas versiones digitales archivadas en la Biblioteca Nacional de Chile.&nbsp;En el pr\u00f3logo del libro, Manns relata su encuentro decisivo con Freddy Taberna, en el a\u00f1o 1973. Taberna le pregunt\u00f3 por qu\u00e9 nunca hab\u00eda escrito sobre la masacre de Marusia. Manns, sorprendido, confes\u00f3 que no la conoc\u00eda. Fue entonces cuando Taberna le explic\u00f3 que se trataba de un hito crucial en la historia social chilena: por primera vez, los trabajadores se defendieron con armas frente a la represi\u00f3n estatal.<\/p>\n\n\n\n<figure class=\"wp-block-gallery has-nested-images columns-default is-cropped wp-block-gallery-1 is-layout-flex wp-block-gallery-is-layout-flex\">\n<figure class=\"wp-block-image size-large\"><img loading=\"lazy\" decoding=\"async\" width=\"600\" height=\"1000\" data-id=\"5776\" src=\"https:\/\/www.confederaciondelcobre.cl\/wp-content\/uploads\/2025\/06\/FO00-1260_1_-2.jpg\" alt=\"\" class=\"wp-image-5776\" srcset=\"https:\/\/www.confederaciondelcobre.cl\/wp-content\/uploads\/2025\/06\/FO00-1260_1_-2.jpg 600w, https:\/\/www.confederaciondelcobre.cl\/wp-content\/uploads\/2025\/06\/FO00-1260_1_-2-180x300.jpg 180w\" sizes=\"auto, (max-width: 600px) 100vw, 600px\" \/><\/figure>\n\n\n\n<figure class=\"wp-block-image size-large\"><img loading=\"lazy\" decoding=\"async\" width=\"493\" height=\"750\" data-id=\"5777\" src=\"https:\/\/www.confederaciondelcobre.cl\/wp-content\/uploads\/2025\/06\/articles-9338_thumbnail.jpg\" alt=\"\" class=\"wp-image-5777\" srcset=\"https:\/\/www.confederaciondelcobre.cl\/wp-content\/uploads\/2025\/06\/articles-9338_thumbnail.jpg 493w, https:\/\/www.confederaciondelcobre.cl\/wp-content\/uploads\/2025\/06\/articles-9338_thumbnail-197x300.jpg 197w\" sizes=\"auto, (max-width: 493px) 100vw, 493px\" \/><\/figure>\n<\/figure>\n\n\n\n<p><strong><em>Freddy Taberna<\/em><\/strong> fue ejecutado por la dictadura en 1973, y sin su acto de memoria, la masacre de La Coru\u00f1a no tendr\u00eda la relevancia que tiene hoy dentro de la historia obrera de Tarapac\u00e1.<\/p>\n\n\n\n<p><strong>Finalmente, la actividad fue cerrada por el saludo de la Seremi de cultura regional Sandra Mercado Mart\u00ednez, y el Presidente de la Federaci\u00f3n Minera del Norte \u2013 FEMINORT- y Vicepresidente de la Confederaci\u00f3n de Trabajadores del Cobre Francisco Cabezas, quienes relevaron la importancia de actos de memoria como este, en donde es importante decir para nuestra historia, un nunca m\u00e1s.<\/strong><\/p>\n\n\n\n<figure class=\"wp-block-gallery has-nested-images columns-default is-cropped wp-block-gallery-2 is-layout-flex wp-block-gallery-is-layout-flex\">\n<figure class=\"wp-block-image size-large\"><img loading=\"lazy\" decoding=\"async\" width=\"1024\" height=\"682\" data-id=\"5763\" src=\"https:\/\/www.confederaciondelcobre.cl\/wp-content\/uploads\/2025\/06\/0b574ff8-b361-4659-9b07-7b6274a50c6d-1024x682.jpeg\" alt=\"\" class=\"wp-image-5763\" srcset=\"https:\/\/www.confederaciondelcobre.cl\/wp-content\/uploads\/2025\/06\/0b574ff8-b361-4659-9b07-7b6274a50c6d-1024x682.jpeg 1024w, https:\/\/www.confederaciondelcobre.cl\/wp-content\/uploads\/2025\/06\/0b574ff8-b361-4659-9b07-7b6274a50c6d-300x200.jpeg 300w, https:\/\/www.confederaciondelcobre.cl\/wp-content\/uploads\/2025\/06\/0b574ff8-b361-4659-9b07-7b6274a50c6d-768x512.jpeg 768w, https:\/\/www.confederaciondelcobre.cl\/wp-content\/uploads\/2025\/06\/0b574ff8-b361-4659-9b07-7b6274a50c6d-1536x1023.jpeg 1536w, https:\/\/www.confederaciondelcobre.cl\/wp-content\/uploads\/2025\/06\/0b574ff8-b361-4659-9b07-7b6274a50c6d.jpeg 1600w\" sizes=\"auto, (max-width: 1024px) 100vw, 1024px\" \/><\/figure>\n\n\n\n<figure class=\"wp-block-image size-large\"><img loading=\"lazy\" decoding=\"async\" width=\"1024\" height=\"576\" data-id=\"5765\" src=\"https:\/\/www.confederaciondelcobre.cl\/wp-content\/uploads\/2025\/06\/8b401072-82d6-45af-a5e5-25db1b152707-1-1024x576.jpeg\" alt=\"\" class=\"wp-image-5765\" srcset=\"https:\/\/www.confederaciondelcobre.cl\/wp-content\/uploads\/2025\/06\/8b401072-82d6-45af-a5e5-25db1b152707-1-1024x576.jpeg 1024w, https:\/\/www.confederaciondelcobre.cl\/wp-content\/uploads\/2025\/06\/8b401072-82d6-45af-a5e5-25db1b152707-1-300x169.jpeg 300w, https:\/\/www.confederaciondelcobre.cl\/wp-content\/uploads\/2025\/06\/8b401072-82d6-45af-a5e5-25db1b152707-1-768x432.jpeg 768w, https:\/\/www.confederaciondelcobre.cl\/wp-content\/uploads\/2025\/06\/8b401072-82d6-45af-a5e5-25db1b152707-1.jpeg 1476w\" sizes=\"auto, (max-width: 1024px) 100vw, 1024px\" \/><\/figure>\n\n\n\n<figure class=\"wp-block-image size-large\"><img loading=\"lazy\" decoding=\"async\" width=\"1024\" height=\"682\" data-id=\"5764\" src=\"https:\/\/www.confederaciondelcobre.cl\/wp-content\/uploads\/2025\/06\/29f86050-a01d-48b1-aa8d-b0961f0e0de2-1024x682.jpeg\" alt=\"\" class=\"wp-image-5764\" srcset=\"https:\/\/www.confederaciondelcobre.cl\/wp-content\/uploads\/2025\/06\/29f86050-a01d-48b1-aa8d-b0961f0e0de2-1024x682.jpeg 1024w, https:\/\/www.confederaciondelcobre.cl\/wp-content\/uploads\/2025\/06\/29f86050-a01d-48b1-aa8d-b0961f0e0de2-300x200.jpeg 300w, https:\/\/www.confederaciondelcobre.cl\/wp-content\/uploads\/2025\/06\/29f86050-a01d-48b1-aa8d-b0961f0e0de2-768x512.jpeg 768w, https:\/\/www.confederaciondelcobre.cl\/wp-content\/uploads\/2025\/06\/29f86050-a01d-48b1-aa8d-b0961f0e0de2-1536x1023.jpeg 1536w, https:\/\/www.confederaciondelcobre.cl\/wp-content\/uploads\/2025\/06\/29f86050-a01d-48b1-aa8d-b0961f0e0de2.jpeg 1600w\" sizes=\"auto, (max-width: 1024px) 100vw, 1024px\" \/><\/figure>\n\n\n\n<figure class=\"wp-block-image size-large\"><img loading=\"lazy\" decoding=\"async\" width=\"1024\" height=\"682\" data-id=\"5761\" src=\"https:\/\/www.confederaciondelcobre.cl\/wp-content\/uploads\/2025\/06\/81b85b28-d632-4fc4-858b-b1f5a19872ae-1024x682.jpeg\" alt=\"\" class=\"wp-image-5761\" srcset=\"https:\/\/www.confederaciondelcobre.cl\/wp-content\/uploads\/2025\/06\/81b85b28-d632-4fc4-858b-b1f5a19872ae-1024x682.jpeg 1024w, https:\/\/www.confederaciondelcobre.cl\/wp-content\/uploads\/2025\/06\/81b85b28-d632-4fc4-858b-b1f5a19872ae-300x200.jpeg 300w, https:\/\/www.confederaciondelcobre.cl\/wp-content\/uploads\/2025\/06\/81b85b28-d632-4fc4-858b-b1f5a19872ae-768x512.jpeg 768w, https:\/\/www.confederaciondelcobre.cl\/wp-content\/uploads\/2025\/06\/81b85b28-d632-4fc4-858b-b1f5a19872ae-1536x1023.jpeg 1536w, https:\/\/www.confederaciondelcobre.cl\/wp-content\/uploads\/2025\/06\/81b85b28-d632-4fc4-858b-b1f5a19872ae.jpeg 1600w\" sizes=\"auto, (max-width: 1024px) 100vw, 1024px\" \/><\/figure>\n\n\n\n<figure class=\"wp-block-image size-large\"><img loading=\"lazy\" decoding=\"async\" width=\"1024\" height=\"682\" data-id=\"5762\" src=\"https:\/\/www.confederaciondelcobre.cl\/wp-content\/uploads\/2025\/06\/92a7a850-c5a0-4a0d-b2b4-ddf8a3477691-1024x682.jpeg\" alt=\"\" class=\"wp-image-5762\" srcset=\"https:\/\/www.confederaciondelcobre.cl\/wp-content\/uploads\/2025\/06\/92a7a850-c5a0-4a0d-b2b4-ddf8a3477691-1024x682.jpeg 1024w, https:\/\/www.confederaciondelcobre.cl\/wp-content\/uploads\/2025\/06\/92a7a850-c5a0-4a0d-b2b4-ddf8a3477691-300x200.jpeg 300w, https:\/\/www.confederaciondelcobre.cl\/wp-content\/uploads\/2025\/06\/92a7a850-c5a0-4a0d-b2b4-ddf8a3477691-768x512.jpeg 768w, https:\/\/www.confederaciondelcobre.cl\/wp-content\/uploads\/2025\/06\/92a7a850-c5a0-4a0d-b2b4-ddf8a3477691-1536x1023.jpeg 1536w, https:\/\/www.confederaciondelcobre.cl\/wp-content\/uploads\/2025\/06\/92a7a850-c5a0-4a0d-b2b4-ddf8a3477691.jpeg 1600w\" sizes=\"auto, (max-width: 1024px) 100vw, 1024px\" \/><\/figure>\n\n\n\n<figure class=\"wp-block-image size-large\"><img loading=\"lazy\" decoding=\"async\" width=\"1024\" height=\"682\" data-id=\"5766\" src=\"https:\/\/www.confederaciondelcobre.cl\/wp-content\/uploads\/2025\/06\/735dc74f-2f72-4282-bc17-a58723d86709-1024x682.jpeg\" alt=\"\" class=\"wp-image-5766\" srcset=\"https:\/\/www.confederaciondelcobre.cl\/wp-content\/uploads\/2025\/06\/735dc74f-2f72-4282-bc17-a58723d86709-1024x682.jpeg 1024w, https:\/\/www.confederaciondelcobre.cl\/wp-content\/uploads\/2025\/06\/735dc74f-2f72-4282-bc17-a58723d86709-300x200.jpeg 300w, https:\/\/www.confederaciondelcobre.cl\/wp-content\/uploads\/2025\/06\/735dc74f-2f72-4282-bc17-a58723d86709-768x512.jpeg 768w, https:\/\/www.confederaciondelcobre.cl\/wp-content\/uploads\/2025\/06\/735dc74f-2f72-4282-bc17-a58723d86709-1536x1023.jpeg 1536w, https:\/\/www.confederaciondelcobre.cl\/wp-content\/uploads\/2025\/06\/735dc74f-2f72-4282-bc17-a58723d86709.jpeg 1600w\" sizes=\"auto, (max-width: 1024px) 100vw, 1024px\" \/><\/figure>\n\n\n\n<figure class=\"wp-block-image size-large\"><img loading=\"lazy\" decoding=\"async\" width=\"1024\" height=\"682\" data-id=\"5767\" src=\"https:\/\/www.confederaciondelcobre.cl\/wp-content\/uploads\/2025\/06\/5177a78b-4e2b-4b8b-845e-b0dcb269dbfa-1-1024x682.jpeg\" alt=\"\" class=\"wp-image-5767\" srcset=\"https:\/\/www.confederaciondelcobre.cl\/wp-content\/uploads\/2025\/06\/5177a78b-4e2b-4b8b-845e-b0dcb269dbfa-1-1024x682.jpeg 1024w, https:\/\/www.confederaciondelcobre.cl\/wp-content\/uploads\/2025\/06\/5177a78b-4e2b-4b8b-845e-b0dcb269dbfa-1-300x200.jpeg 300w, https:\/\/www.confederaciondelcobre.cl\/wp-content\/uploads\/2025\/06\/5177a78b-4e2b-4b8b-845e-b0dcb269dbfa-1-768x512.jpeg 768w, https:\/\/www.confederaciondelcobre.cl\/wp-content\/uploads\/2025\/06\/5177a78b-4e2b-4b8b-845e-b0dcb269dbfa-1.jpeg 1490w\" sizes=\"auto, (max-width: 1024px) 100vw, 1024px\" \/><\/figure>\n\n\n\n<figure class=\"wp-block-image size-large\"><img loading=\"lazy\" decoding=\"async\" width=\"1024\" height=\"682\" data-id=\"5768\" src=\"https:\/\/www.confederaciondelcobre.cl\/wp-content\/uploads\/2025\/06\/42370f57-57c5-4b2c-83d2-4cafa0b89dde-1024x682.jpeg\" alt=\"\" class=\"wp-image-5768\" srcset=\"https:\/\/www.confederaciondelcobre.cl\/wp-content\/uploads\/2025\/06\/42370f57-57c5-4b2c-83d2-4cafa0b89dde-1024x682.jpeg 1024w, https:\/\/www.confederaciondelcobre.cl\/wp-content\/uploads\/2025\/06\/42370f57-57c5-4b2c-83d2-4cafa0b89dde-300x200.jpeg 300w, https:\/\/www.confederaciondelcobre.cl\/wp-content\/uploads\/2025\/06\/42370f57-57c5-4b2c-83d2-4cafa0b89dde-768x512.jpeg 768w, https:\/\/www.confederaciondelcobre.cl\/wp-content\/uploads\/2025\/06\/42370f57-57c5-4b2c-83d2-4cafa0b89dde-1536x1023.jpeg 1536w, https:\/\/www.confederaciondelcobre.cl\/wp-content\/uploads\/2025\/06\/42370f57-57c5-4b2c-83d2-4cafa0b89dde.jpeg 1600w\" sizes=\"auto, (max-width: 1024px) 100vw, 1024px\" \/><\/figure>\n\n\n\n<figure class=\"wp-block-image size-large\"><img loading=\"lazy\" decoding=\"async\" width=\"1024\" height=\"768\" data-id=\"5770\" src=\"https:\/\/www.confederaciondelcobre.cl\/wp-content\/uploads\/2025\/06\/61036fa1-f275-430c-bf3a-8c9106f2388a-1024x768.jpeg\" alt=\"\" class=\"wp-image-5770\" srcset=\"https:\/\/www.confederaciondelcobre.cl\/wp-content\/uploads\/2025\/06\/61036fa1-f275-430c-bf3a-8c9106f2388a-1024x768.jpeg 1024w, https:\/\/www.confederaciondelcobre.cl\/wp-content\/uploads\/2025\/06\/61036fa1-f275-430c-bf3a-8c9106f2388a-300x225.jpeg 300w, https:\/\/www.confederaciondelcobre.cl\/wp-content\/uploads\/2025\/06\/61036fa1-f275-430c-bf3a-8c9106f2388a-768x576.jpeg 768w, https:\/\/www.confederaciondelcobre.cl\/wp-content\/uploads\/2025\/06\/61036fa1-f275-430c-bf3a-8c9106f2388a-1536x1152.jpeg 1536w, https:\/\/www.confederaciondelcobre.cl\/wp-content\/uploads\/2025\/06\/61036fa1-f275-430c-bf3a-8c9106f2388a.jpeg 1600w\" sizes=\"auto, (max-width: 1024px) 100vw, 1024px\" \/><\/figure>\n\n\n\n<figure class=\"wp-block-image size-large\"><img loading=\"lazy\" decoding=\"async\" width=\"1024\" height=\"682\" data-id=\"5769\" src=\"https:\/\/www.confederaciondelcobre.cl\/wp-content\/uploads\/2025\/06\/bbb80a65-fc59-46ce-884e-6a806101eb76-1024x682.jpeg\" alt=\"\" class=\"wp-image-5769\" srcset=\"https:\/\/www.confederaciondelcobre.cl\/wp-content\/uploads\/2025\/06\/bbb80a65-fc59-46ce-884e-6a806101eb76-1024x682.jpeg 1024w, https:\/\/www.confederaciondelcobre.cl\/wp-content\/uploads\/2025\/06\/bbb80a65-fc59-46ce-884e-6a806101eb76-300x200.jpeg 300w, https:\/\/www.confederaciondelcobre.cl\/wp-content\/uploads\/2025\/06\/bbb80a65-fc59-46ce-884e-6a806101eb76-768x512.jpeg 768w, https:\/\/www.confederaciondelcobre.cl\/wp-content\/uploads\/2025\/06\/bbb80a65-fc59-46ce-884e-6a806101eb76-1536x1023.jpeg 1536w, https:\/\/www.confederaciondelcobre.cl\/wp-content\/uploads\/2025\/06\/bbb80a65-fc59-46ce-884e-6a806101eb76.jpeg 1600w\" sizes=\"auto, (max-width: 1024px) 100vw, 1024px\" \/><\/figure>\n\n\n\n<figure class=\"wp-block-image size-large\"><img loading=\"lazy\" decoding=\"async\" width=\"682\" height=\"1024\" data-id=\"5771\" src=\"https:\/\/www.confederaciondelcobre.cl\/wp-content\/uploads\/2025\/06\/c6b82eeb-ce72-495d-be38-af349bff0161-682x1024.jpeg\" alt=\"\" class=\"wp-image-5771\" srcset=\"https:\/\/www.confederaciondelcobre.cl\/wp-content\/uploads\/2025\/06\/c6b82eeb-ce72-495d-be38-af349bff0161-682x1024.jpeg 682w, https:\/\/www.confederaciondelcobre.cl\/wp-content\/uploads\/2025\/06\/c6b82eeb-ce72-495d-be38-af349bff0161-200x300.jpeg 200w, https:\/\/www.confederaciondelcobre.cl\/wp-content\/uploads\/2025\/06\/c6b82eeb-ce72-495d-be38-af349bff0161-768x1153.jpeg 768w, https:\/\/www.confederaciondelcobre.cl\/wp-content\/uploads\/2025\/06\/c6b82eeb-ce72-495d-be38-af349bff0161.jpeg 770w\" sizes=\"auto, (max-width: 682px) 100vw, 682px\" \/><\/figure>\n\n\n\n<figure class=\"wp-block-image size-large\"><img loading=\"lazy\" decoding=\"async\" width=\"1024\" height=\"682\" data-id=\"5773\" src=\"https:\/\/www.confederaciondelcobre.cl\/wp-content\/uploads\/2025\/06\/WhatsApp-Image-2025-06-06-at-11.51.03-1-1024x682.jpeg\" alt=\"\" class=\"wp-image-5773\" srcset=\"https:\/\/www.confederaciondelcobre.cl\/wp-content\/uploads\/2025\/06\/WhatsApp-Image-2025-06-06-at-11.51.03-1-1024x682.jpeg 1024w, https:\/\/www.confederaciondelcobre.cl\/wp-content\/uploads\/2025\/06\/WhatsApp-Image-2025-06-06-at-11.51.03-1-300x200.jpeg 300w, https:\/\/www.confederaciondelcobre.cl\/wp-content\/uploads\/2025\/06\/WhatsApp-Image-2025-06-06-at-11.51.03-1-768x512.jpeg 768w, https:\/\/www.confederaciondelcobre.cl\/wp-content\/uploads\/2025\/06\/WhatsApp-Image-2025-06-06-at-11.51.03-1-1536x1023.jpeg 1536w, https:\/\/www.confederaciondelcobre.cl\/wp-content\/uploads\/2025\/06\/WhatsApp-Image-2025-06-06-at-11.51.03-1.jpeg 1600w\" sizes=\"auto, (max-width: 1024px) 100vw, 1024px\" \/><\/figure>\n<\/figure>\n\n\n<div class=\"wp-block-site-logo\"><a href=\"https:\/\/www.confederaciondelcobre.cl\/\" class=\"custom-logo-link\" rel=\"home\"><img loading=\"lazy\" decoding=\"async\" width=\"585\" height=\"71\" src=\"https:\/\/www.confederaciondelcobre.cl\/wp-content\/uploads\/2023\/01\/TituloWebCTC.png\" class=\"custom-logo\" alt=\"Confederaci\u00f3n de Trabajadores del Cobre &#8211; CTC\" srcset=\"https:\/\/www.confederaciondelcobre.cl\/wp-content\/uploads\/2023\/01\/TituloWebCTC.png 606w, https:\/\/www.confederaciondelcobre.cl\/wp-content\/uploads\/2023\/01\/TituloWebCTC-300x37.png 300w\" sizes=\"auto, (max-width: 585px) 100vw, 585px\" \/><\/a><\/div>","protected":false},"excerpt":{"rendered":"<p>TARAPAC\u00c1| La semana pasada, se conmemoraron 100 a\u00f1os de ocurrida la masacre de La Coru\u00f1a, en la pampa del Tamarugal, el 5 de junio de 1925, la que dej\u00f3 a &hellip; <\/p>\n","protected":false},"author":2,"featured_media":5775,"comment_status":"closed","ping_status":"closed","sticky":false,"template":"","format":"standard","meta":{"jetpack_post_was_ever_published":false,"_jetpack_newsletter_access":"","_jetpack_dont_email_post_to_subs":false,"_jetpack_newsletter_tier_id":0,"_jetpack_memberships_contains_paywalled_content":false,"_jetpack_memberships_contains_paid_content":false,"footnotes":"","jetpack_publicize_message":"","jetpack_publicize_feature_enabled":true,"jetpack_social_post_already_shared":true,"jetpack_social_options":{"image_generator_settings":{"template":"highway","default_image_id":0,"enabled":false},"version":2}},"categories":[9],"tags":[48,59,67],"class_list":["post-5756","post","type-post","status-publish","format-standard","has-post-thumbnail","hentry","category-confederacion","tag-ctc","tag-memoria","tag-trabajadores"],"jetpack_publicize_connections":[],"jetpack_featured_media_url":"https:\/\/www.confederaciondelcobre.cl\/wp-content\/uploads\/2025\/06\/5fc4a22e-51e0-4dd4-9acc-29215988b097.jpeg","jetpack_sharing_enabled":true,"post_mailing_queue_ids":[],"_links":{"self":[{"href":"https:\/\/www.confederaciondelcobre.cl\/index.php\/wp-json\/wp\/v2\/posts\/5756","targetHints":{"allow":["GET"]}}],"collection":[{"href":"https:\/\/www.confederaciondelcobre.cl\/index.php\/wp-json\/wp\/v2\/posts"}],"about":[{"href":"https:\/\/www.confederaciondelcobre.cl\/index.php\/wp-json\/wp\/v2\/types\/post"}],"author":[{"embeddable":true,"href":"https:\/\/www.confederaciondelcobre.cl\/index.php\/wp-json\/wp\/v2\/users\/2"}],"replies":[{"embeddable":true,"href":"https:\/\/www.confederaciondelcobre.cl\/index.php\/wp-json\/wp\/v2\/comments?post=5756"}],"version-history":[{"count":3,"href":"https:\/\/www.confederaciondelcobre.cl\/index.php\/wp-json\/wp\/v2\/posts\/5756\/revisions"}],"predecessor-version":[{"id":5780,"href":"https:\/\/www.confederaciondelcobre.cl\/index.php\/wp-json\/wp\/v2\/posts\/5756\/revisions\/5780"}],"wp:featuredmedia":[{"embeddable":true,"href":"https:\/\/www.confederaciondelcobre.cl\/index.php\/wp-json\/wp\/v2\/media\/5775"}],"wp:attachment":[{"href":"https:\/\/www.confederaciondelcobre.cl\/index.php\/wp-json\/wp\/v2\/media?parent=5756"}],"wp:term":[{"taxonomy":"category","embeddable":true,"href":"https:\/\/www.confederaciondelcobre.cl\/index.php\/wp-json\/wp\/v2\/categories?post=5756"},{"taxonomy":"post_tag","embeddable":true,"href":"https:\/\/www.confederaciondelcobre.cl\/index.php\/wp-json\/wp\/v2\/tags?post=5756"}],"curies":[{"name":"wp","href":"https:\/\/api.w.org\/{rel}","templated":true}]}}