{"id":5782,"date":"2025-06-11T00:20:35","date_gmt":"2025-06-11T04:20:35","guid":{"rendered":"https:\/\/www.confederaciondelcobre.cl\/?p=5782"},"modified":"2025-06-11T00:20:37","modified_gmt":"2025-06-11T04:20:37","slug":"sindicato-puic-actualizacion-de-negociacion-colectiva","status":"publish","type":"post","link":"https:\/\/www.confederaciondelcobre.cl\/index.php\/2025\/06\/11\/sindicato-puic-actualizacion-de-negociacion-colectiva\/","title":{"rendered":"SINDICATO PUIC: Actualizaci\u00f3n de Negociaci\u00f3n Colectiva"},"content":{"rendered":"\n<p>La negociaci\u00f3n colectiva que enfrentan los trabajadores de <strong>PUIC<\/strong> desde el 14 mayo ha sido infructuosa. El 26 de mayo la empresa respondi\u00f3 el petitorio, sin embargo, esta rechaz\u00f3 la mayor\u00eda de los puntos exigidos en el\u00a0 proyecto colectivo.\u00a0<\/p>\n\n\n\n<p>Los trabajadores y trabajadoras de <strong>PUIC<\/strong>, federados en la <strong>FETRAMAC<\/strong> y confederados en la <strong>CTC -Confederaci\u00f3n de Trabajadores del Cobre- <\/strong>no bajan sus brazos, y se mantienen unidos, atentos y vigilantes, para enfrentar su proceso de negociaci\u00f3n.\u00a0<\/p>\n\n\n\n<p>As\u00ed, reafirman su compromiso sindical, entendiendo que la negociaci\u00f3n colectiva es la herramienta para que las y los trabajadores puedan mejorar y dignificar sus condiciones de trabajo y su calidad de vida, con <strong><em>Unidad, Lucha y Organizaci\u00f3n.<\/em><\/strong><\/p>\n","protected":false},"excerpt":{"rendered":"<p>La negociaci\u00f3n colectiva que enfrentan los trabajadores de PUIC desde el 14 mayo ha sido infructuosa. El 26 de mayo la empresa respondi\u00f3 el petitorio, sin embargo, esta rechaz\u00f3 la &hellip; <\/p>\n","protected":false},"author":2,"featured_media":5783,"comment_status":"closed","ping_status":"closed","sticky":false,"template":"","format":"standard","meta":{"jetpack_post_was_ever_published":false,"_jetpack_newsletter_access":"","_jetpack_dont_email_post_to_subs":false,"_jetpack_newsletter_tier_id":0,"_jetpack_memberships_contains_paywalled_content":false,"_jetpack_memberships_contains_paid_content":false,"footnotes":"","jetpack_publicize_message":"","jetpack_publicize_feature_enabled":true,"jetpack_social_post_already_shared":true,"jetpack_social_options":{"image_generator_settings":{"template":"highway","default_image_id":0,"enabled":false},"version":2}},"categories":[9],"tags":[80,44,79,67],"class_list":["post-5782","post","type-post","status-publish","format-standard","has-post-thumbnail","hentry","category-confederacion","tag-fetramac","tag-sindicato","tag-sindicato-puic","tag-trabajadores"],"jetpack_publicize_connections":[],"jetpack_featured_media_url":"https:\/\/www.confederaciondelcobre.cl\/wp-content\/uploads\/2025\/06\/WhatsApp-Image-2025-06-10-at-08.20.01.jpeg","jetpack_sharing_enabled":true,"post_mailing_queue_ids":[],"_links":{"self":[{"href":"https:\/\/www.confederaciondelcobre.cl\/index.php\/wp-json\/wp\/v2\/posts\/5782","targetHints":{"allow":["GET"]}}],"collection":[{"href":"https:\/\/www.confederaciondelcobre.cl\/index.php\/wp-json\/wp\/v2\/posts"}],"about":[{"href":"https:\/\/www.confederaciondelcobre.cl\/index.php\/wp-json\/wp\/v2\/types\/post"}],"author":[{"embeddable":true,"href":"https:\/\/www.confederaciondelcobre.cl\/index.php\/wp-json\/wp\/v2\/users\/2"}],"replies":[{"embeddable":true,"href":"https:\/\/www.confederaciondelcobre.cl\/index.php\/wp-json\/wp\/v2\/comments?post=5782"}],"version-history":[{"count":1,"href":"https:\/\/www.confederaciondelcobre.cl\/index.php\/wp-json\/wp\/v2\/posts\/5782\/revisions"}],"predecessor-version":[{"id":5784,"href":"https:\/\/www.confederaciondelcobre.cl\/index.php\/wp-json\/wp\/v2\/posts\/5782\/revisions\/5784"}],"wp:featuredmedia":[{"embeddable":true,"href":"https:\/\/www.confederaciondelcobre.cl\/index.php\/wp-json\/wp\/v2\/media\/5783"}],"wp:attachment":[{"href":"https:\/\/www.confederaciondelcobre.cl\/index.php\/wp-json\/wp\/v2\/media?parent=5782"}],"wp:term":[{"taxonomy":"category","embeddable":true,"href":"https:\/\/www.confederaciondelcobre.cl\/index.php\/wp-json\/wp\/v2\/categories?post=5782"},{"taxonomy":"post_tag","embeddable":true,"href":"https:\/\/www.confederaciondelcobre.cl\/index.php\/wp-json\/wp\/v2\/tags?post=5782"}],"curies":[{"name":"wp","href":"https:\/\/api.w.org\/{rel}","templated":true}]}}