{"id":5792,"date":"2025-06-13T10:10:10","date_gmt":"2025-06-13T14:10:10","guid":{"rendered":"https:\/\/www.confederaciondelcobre.cl\/?p=5792"},"modified":"2025-06-13T10:10:11","modified_gmt":"2025-06-13T14:10:11","slug":"acuerdo-marco-ctc-realiza-masivas-asambleas-en-sus-territorios","status":"publish","type":"post","link":"https:\/\/www.confederaciondelcobre.cl\/index.php\/2025\/06\/13\/acuerdo-marco-ctc-realiza-masivas-asambleas-en-sus-territorios\/","title":{"rendered":"ACUERDO MARCO: CTC realiza masivas asambleas en sus territorios."},"content":{"rendered":"\n<p>La&nbsp;<strong>Confederaci<\/strong><strong>\u00f3<\/strong><strong>n de Trabajadores del Cobre<\/strong>&nbsp;a trav\u00e9s de sus Federaciones y Sindicatos realiz\u00f3&nbsp;importantes asambleas&nbsp;durante los meses de mayo y junio del presente a\u00f1o,&nbsp;para evaluar los alcances y revisar el estado de cumplimiento del Acuerdo Marco desde la visi\u00f3n de las bases y&nbsp;las&nbsp;trabajadores&nbsp;y trabajadores, Acuerdo&nbsp;que se&nbsp;conquist\u00f3&nbsp;en 2007 junto a AGEMA y CODELCO, y que fue renovado con mejoras durante 2023, manteni\u00e9ndose vigente.&nbsp;<\/p>\n\n\n\n<p>Los exitosos encuentros fueron realizados en El Salvador, Calama, Rancagua y Los Andes, los que tuvieron una masiva asistencia&nbsp;y una muy positiva respuesta de&nbsp;parte de trabajadoras y trabajadores quienes participaron activamente&nbsp;en&nbsp;su desarrollo. Esto, con el objetivo, en general, de evaluar el estado de cumplimiento real del Acuerdo Marco, y en particular,&nbsp;de conocer el estado de impacto de los beneficios que&nbsp;este&nbsp;otorga en cada uno de los trabajadores y trabajadoras del subcontrato,&nbsp;lo que&nbsp;nos permite detectar las nuevas necesidades de nuestros afiliados.<\/p>\n\n\n\n<p><strong>\u00bf<\/strong><strong>Qu<\/strong><strong>\u00e9<\/strong><strong>&nbsp;es el Acuerdo Marco?<\/strong><\/p>\n\n\n\n<p>Es considerada en la pr\u00e1ctica, y luego de d\u00e9cadas en nuestro pa\u00eds, como&nbsp;<strong>la primera experiencia de Negociaci<\/strong><strong>\u00f3<\/strong><strong>n Ramal del sector privado<\/strong>. El Acuerdo Marco&nbsp;suscrito&nbsp;entre la CTC, AGEMA y CODELCO,&nbsp;<strong>establece condiciones m<\/strong><strong>\u00ed<\/strong><strong>nimas a las que est<\/strong><strong>\u00e1<\/strong><strong>n sujetas las empresas contratistas y subcontratistas que prestan servicios a CODELCO<\/strong>, respecto de sus trabajadoras y trabajadores.<\/p>\n\n\n\n<p><strong>El Acuerdo Marco es altamente reconocido y valorado<\/strong>&nbsp;por trabajadoras, trabajadores y empresas, tanto contratistas como subcontratistas, as\u00ed como tambi\u00e9n&nbsp;la propia mandante CODELCO.&nbsp;<strong>Es por tanto,&nbsp;<\/strong><strong>una clara comprobaci\u00f3n<\/strong><strong>&nbsp;de que la Negociaci<\/strong><strong>\u00f3<\/strong><strong>n Ramal o Multinivel en nuestro pa<\/strong><strong>\u00ed<\/strong><strong>s no solo&nbsp;<\/strong><strong>es necesaria, sino que tambi\u00e9n&nbsp;<\/strong><strong>es posible<\/strong><strong>.<\/strong><\/p>\n\n\n\n<p>Como&nbsp;<strong>Confederaci<\/strong><strong>\u00f3<\/strong><strong>n de Trabajadores del Cobre<\/strong>, organizaci\u00f3n pol\u00edtico sindical, nos enorgullecen estos encuentros, porque nos permiten ampliar&nbsp;y profundizar nuestra&nbsp;unidad. Es&nbsp;por eso&nbsp;que&nbsp;seguimos llevando la bandera en la defensa de los derechos de todas y todos los trabajadores del subcontrato, reafirmando siempre&nbsp;nuestra inquebrantable convicci\u00f3n del Trabajo Decente como objetivo estrat\u00e9gico, y con el firme compromiso de avanzar en una sostenida mejor\u00eda en la calidad de vida de quienes nos acompa\u00f1an, enfrentando siempre las dificultades qu\u00e9 el modelo econ\u00f3mico y la cultura empresarial nos impone.<\/p>\n\n\n\n<p><strong>La CTC, Siempre Unida.<\/strong><\/p>\n\n\n\n<p><strong>\u00a1<\/strong><strong>Arriba los qu<\/strong><strong>\u00e9<\/strong><strong>&nbsp;luchan y no se rinden jam<\/strong><strong>\u00e1<\/strong><strong>s!<\/strong><\/p>\n\n\n\n<figure class=\"wp-block-gallery has-nested-images columns-default is-cropped wp-block-gallery-1 is-layout-flex wp-block-gallery-is-layout-flex\">\n<figure class=\"wp-block-image size-large\"><img loading=\"lazy\" decoding=\"async\" width=\"1024\" height=\"768\" data-id=\"5796\" src=\"https:\/\/www.confederaciondelcobre.cl\/wp-content\/uploads\/2025\/06\/WhatsApp-Image-2025-06-13-at-09.34.40-1024x768.jpeg\" alt=\"\" class=\"wp-image-5796\" srcset=\"https:\/\/www.confederaciondelcobre.cl\/wp-content\/uploads\/2025\/06\/WhatsApp-Image-2025-06-13-at-09.34.40-1024x768.jpeg 1024w, https:\/\/www.confederaciondelcobre.cl\/wp-content\/uploads\/2025\/06\/WhatsApp-Image-2025-06-13-at-09.34.40-300x225.jpeg 300w, https:\/\/www.confederaciondelcobre.cl\/wp-content\/uploads\/2025\/06\/WhatsApp-Image-2025-06-13-at-09.34.40-768x576.jpeg 768w, https:\/\/www.confederaciondelcobre.cl\/wp-content\/uploads\/2025\/06\/WhatsApp-Image-2025-06-13-at-09.34.40-1536x1152.jpeg 1536w, https:\/\/www.confederaciondelcobre.cl\/wp-content\/uploads\/2025\/06\/WhatsApp-Image-2025-06-13-at-09.34.40.jpeg 1600w\" sizes=\"auto, (max-width: 1024px) 100vw, 1024px\" \/><\/figure>\n\n\n\n<figure class=\"wp-block-image size-large\"><img loading=\"lazy\" decoding=\"async\" width=\"779\" height=\"1024\" data-id=\"5797\" src=\"https:\/\/www.confederaciondelcobre.cl\/wp-content\/uploads\/2025\/06\/WhatsApp-Image-2025-06-13-at-08.53.30-2-779x1024.jpeg\" alt=\"\" class=\"wp-image-5797\" srcset=\"https:\/\/www.confederaciondelcobre.cl\/wp-content\/uploads\/2025\/06\/WhatsApp-Image-2025-06-13-at-08.53.30-2-779x1024.jpeg 779w, https:\/\/www.confederaciondelcobre.cl\/wp-content\/uploads\/2025\/06\/WhatsApp-Image-2025-06-13-at-08.53.30-2-228x300.jpeg 228w, https:\/\/www.confederaciondelcobre.cl\/wp-content\/uploads\/2025\/06\/WhatsApp-Image-2025-06-13-at-08.53.30-2-768x1009.jpeg 768w, https:\/\/www.confederaciondelcobre.cl\/wp-content\/uploads\/2025\/06\/WhatsApp-Image-2025-06-13-at-08.53.30-2.jpeg 828w\" sizes=\"auto, (max-width: 779px) 100vw, 779px\" \/><\/figure>\n\n\n\n<figure class=\"wp-block-image size-large\"><img loading=\"lazy\" decoding=\"async\" width=\"828\" height=\"469\" data-id=\"5794\" src=\"https:\/\/www.confederaciondelcobre.cl\/wp-content\/uploads\/2025\/06\/WhatsApp-Image-2025-06-13-at-08.53.30.jpeg\" alt=\"\" class=\"wp-image-5794\" srcset=\"https:\/\/www.confederaciondelcobre.cl\/wp-content\/uploads\/2025\/06\/WhatsApp-Image-2025-06-13-at-08.53.30.jpeg 828w, https:\/\/www.confederaciondelcobre.cl\/wp-content\/uploads\/2025\/06\/WhatsApp-Image-2025-06-13-at-08.53.30-300x170.jpeg 300w, https:\/\/www.confederaciondelcobre.cl\/wp-content\/uploads\/2025\/06\/WhatsApp-Image-2025-06-13-at-08.53.30-768x435.jpeg 768w\" sizes=\"auto, (max-width: 828px) 100vw, 828px\" \/><\/figure>\n\n\n\n<figure class=\"wp-block-image size-large\"><img loading=\"lazy\" decoding=\"async\" width=\"1024\" height=\"768\" data-id=\"5798\" src=\"https:\/\/www.confederaciondelcobre.cl\/wp-content\/uploads\/2025\/06\/WhatsApp-Image-2025-06-13-at-08.53.31-2-1024x768.jpeg\" alt=\"\" class=\"wp-image-5798\" srcset=\"https:\/\/www.confederaciondelcobre.cl\/wp-content\/uploads\/2025\/06\/WhatsApp-Image-2025-06-13-at-08.53.31-2-1024x768.jpeg 1024w, https:\/\/www.confederaciondelcobre.cl\/wp-content\/uploads\/2025\/06\/WhatsApp-Image-2025-06-13-at-08.53.31-2-300x225.jpeg 300w, https:\/\/www.confederaciondelcobre.cl\/wp-content\/uploads\/2025\/06\/WhatsApp-Image-2025-06-13-at-08.53.31-2-768x576.jpeg 768w, https:\/\/www.confederaciondelcobre.cl\/wp-content\/uploads\/2025\/06\/WhatsApp-Image-2025-06-13-at-08.53.31-2-1536x1152.jpeg 1536w, https:\/\/www.confederaciondelcobre.cl\/wp-content\/uploads\/2025\/06\/WhatsApp-Image-2025-06-13-at-08.53.31-2.jpeg 1600w\" sizes=\"auto, (max-width: 1024px) 100vw, 1024px\" \/><\/figure>\n\n\n\n<figure class=\"wp-block-image size-large\"><img loading=\"lazy\" decoding=\"async\" width=\"1024\" height=\"768\" data-id=\"5795\" src=\"https:\/\/www.confederaciondelcobre.cl\/wp-content\/uploads\/2025\/06\/WhatsApp-Image-2025-06-13-at-08.53.31-3-1024x768.jpeg\" alt=\"\" class=\"wp-image-5795\" srcset=\"https:\/\/www.confederaciondelcobre.cl\/wp-content\/uploads\/2025\/06\/WhatsApp-Image-2025-06-13-at-08.53.31-3-1024x768.jpeg 1024w, https:\/\/www.confederaciondelcobre.cl\/wp-content\/uploads\/2025\/06\/WhatsApp-Image-2025-06-13-at-08.53.31-3-300x225.jpeg 300w, https:\/\/www.confederaciondelcobre.cl\/wp-content\/uploads\/2025\/06\/WhatsApp-Image-2025-06-13-at-08.53.31-3-768x576.jpeg 768w, https:\/\/www.confederaciondelcobre.cl\/wp-content\/uploads\/2025\/06\/WhatsApp-Image-2025-06-13-at-08.53.31-3-1536x1152.jpeg 1536w, https:\/\/www.confederaciondelcobre.cl\/wp-content\/uploads\/2025\/06\/WhatsApp-Image-2025-06-13-at-08.53.31-3.jpeg 1600w\" sizes=\"auto, (max-width: 1024px) 100vw, 1024px\" \/><\/figure>\n\n\n\n<figure class=\"wp-block-image size-large\"><img loading=\"lazy\" decoding=\"async\" width=\"1024\" height=\"768\" data-id=\"5799\" src=\"https:\/\/www.confederaciondelcobre.cl\/wp-content\/uploads\/2025\/06\/WhatsApp-Image-2025-06-13-at-08.53.31-4-1024x768.jpeg\" alt=\"\" class=\"wp-image-5799\" srcset=\"https:\/\/www.confederaciondelcobre.cl\/wp-content\/uploads\/2025\/06\/WhatsApp-Image-2025-06-13-at-08.53.31-4-1024x768.jpeg 1024w, https:\/\/www.confederaciondelcobre.cl\/wp-content\/uploads\/2025\/06\/WhatsApp-Image-2025-06-13-at-08.53.31-4-300x225.jpeg 300w, https:\/\/www.confederaciondelcobre.cl\/wp-content\/uploads\/2025\/06\/WhatsApp-Image-2025-06-13-at-08.53.31-4-768x576.jpeg 768w, https:\/\/www.confederaciondelcobre.cl\/wp-content\/uploads\/2025\/06\/WhatsApp-Image-2025-06-13-at-08.53.31-4-1536x1152.jpeg 1536w, https:\/\/www.confederaciondelcobre.cl\/wp-content\/uploads\/2025\/06\/WhatsApp-Image-2025-06-13-at-08.53.31-4.jpeg 1600w\" sizes=\"auto, (max-width: 1024px) 100vw, 1024px\" \/><\/figure>\n\n\n\n<figure class=\"wp-block-image size-large\"><img loading=\"lazy\" decoding=\"async\" width=\"828\" height=\"848\" data-id=\"5800\" src=\"https:\/\/www.confederaciondelcobre.cl\/wp-content\/uploads\/2025\/06\/WhatsApp-Image-2025-06-13-at-08.53.31.jpeg\" alt=\"\" class=\"wp-image-5800\" srcset=\"https:\/\/www.confederaciondelcobre.cl\/wp-content\/uploads\/2025\/06\/WhatsApp-Image-2025-06-13-at-08.53.31.jpeg 828w, https:\/\/www.confederaciondelcobre.cl\/wp-content\/uploads\/2025\/06\/WhatsApp-Image-2025-06-13-at-08.53.31-293x300.jpeg 293w, https:\/\/www.confederaciondelcobre.cl\/wp-content\/uploads\/2025\/06\/WhatsApp-Image-2025-06-13-at-08.53.31-768x787.jpeg 768w\" sizes=\"auto, (max-width: 828px) 100vw, 828px\" \/><\/figure>\n\n\n\n<figure class=\"wp-block-image size-large\"><img loading=\"lazy\" decoding=\"async\" width=\"1024\" height=\"768\" data-id=\"5801\" src=\"https:\/\/www.confederaciondelcobre.cl\/wp-content\/uploads\/2025\/06\/WhatsApp-Image-2025-06-13-at-08.53.32-2-1024x768.jpeg\" alt=\"\" class=\"wp-image-5801\" srcset=\"https:\/\/www.confederaciondelcobre.cl\/wp-content\/uploads\/2025\/06\/WhatsApp-Image-2025-06-13-at-08.53.32-2-1024x768.jpeg 1024w, https:\/\/www.confederaciondelcobre.cl\/wp-content\/uploads\/2025\/06\/WhatsApp-Image-2025-06-13-at-08.53.32-2-300x225.jpeg 300w, https:\/\/www.confederaciondelcobre.cl\/wp-content\/uploads\/2025\/06\/WhatsApp-Image-2025-06-13-at-08.53.32-2-768x576.jpeg 768w, https:\/\/www.confederaciondelcobre.cl\/wp-content\/uploads\/2025\/06\/WhatsApp-Image-2025-06-13-at-08.53.32-2-1536x1152.jpeg 1536w, https:\/\/www.confederaciondelcobre.cl\/wp-content\/uploads\/2025\/06\/WhatsApp-Image-2025-06-13-at-08.53.32-2.jpeg 1600w\" sizes=\"auto, (max-width: 1024px) 100vw, 1024px\" \/><\/figure>\n\n\n\n<figure class=\"wp-block-image size-large\"><img loading=\"lazy\" decoding=\"async\" width=\"1024\" height=\"768\" data-id=\"5802\" src=\"https:\/\/www.confederaciondelcobre.cl\/wp-content\/uploads\/2025\/06\/WhatsApp-Image-2025-06-13-at-08.53.32-3-1024x768.jpeg\" alt=\"\" class=\"wp-image-5802\" srcset=\"https:\/\/www.confederaciondelcobre.cl\/wp-content\/uploads\/2025\/06\/WhatsApp-Image-2025-06-13-at-08.53.32-3-1024x768.jpeg 1024w, https:\/\/www.confederaciondelcobre.cl\/wp-content\/uploads\/2025\/06\/WhatsApp-Image-2025-06-13-at-08.53.32-3-300x225.jpeg 300w, https:\/\/www.confederaciondelcobre.cl\/wp-content\/uploads\/2025\/06\/WhatsApp-Image-2025-06-13-at-08.53.32-3-768x576.jpeg 768w, https:\/\/www.confederaciondelcobre.cl\/wp-content\/uploads\/2025\/06\/WhatsApp-Image-2025-06-13-at-08.53.32-3-1536x1152.jpeg 1536w, https:\/\/www.confederaciondelcobre.cl\/wp-content\/uploads\/2025\/06\/WhatsApp-Image-2025-06-13-at-08.53.32-3.jpeg 1600w\" sizes=\"auto, (max-width: 1024px) 100vw, 1024px\" \/><\/figure>\n\n\n\n<figure class=\"wp-block-image size-large\"><img loading=\"lazy\" decoding=\"async\" width=\"1024\" height=\"768\" data-id=\"5803\" src=\"https:\/\/www.confederaciondelcobre.cl\/wp-content\/uploads\/2025\/06\/WhatsApp-Image-2025-06-13-at-08.53.32-4-1024x768.jpeg\" alt=\"\" class=\"wp-image-5803\" srcset=\"https:\/\/www.confederaciondelcobre.cl\/wp-content\/uploads\/2025\/06\/WhatsApp-Image-2025-06-13-at-08.53.32-4-1024x768.jpeg 1024w, https:\/\/www.confederaciondelcobre.cl\/wp-content\/uploads\/2025\/06\/WhatsApp-Image-2025-06-13-at-08.53.32-4-300x225.jpeg 300w, https:\/\/www.confederaciondelcobre.cl\/wp-content\/uploads\/2025\/06\/WhatsApp-Image-2025-06-13-at-08.53.32-4-768x576.jpeg 768w, https:\/\/www.confederaciondelcobre.cl\/wp-content\/uploads\/2025\/06\/WhatsApp-Image-2025-06-13-at-08.53.32-4-1536x1152.jpeg 1536w, https:\/\/www.confederaciondelcobre.cl\/wp-content\/uploads\/2025\/06\/WhatsApp-Image-2025-06-13-at-08.53.32-4.jpeg 1600w\" sizes=\"auto, (max-width: 1024px) 100vw, 1024px\" \/><\/figure>\n\n\n\n<figure class=\"wp-block-image size-large\"><img loading=\"lazy\" decoding=\"async\" width=\"1024\" height=\"768\" data-id=\"5804\" src=\"https:\/\/www.confederaciondelcobre.cl\/wp-content\/uploads\/2025\/06\/WhatsApp-Image-2025-06-13-at-08.53.32-1024x768.jpeg\" alt=\"\" class=\"wp-image-5804\" srcset=\"https:\/\/www.confederaciondelcobre.cl\/wp-content\/uploads\/2025\/06\/WhatsApp-Image-2025-06-13-at-08.53.32-1024x768.jpeg 1024w, https:\/\/www.confederaciondelcobre.cl\/wp-content\/uploads\/2025\/06\/WhatsApp-Image-2025-06-13-at-08.53.32-300x225.jpeg 300w, https:\/\/www.confederaciondelcobre.cl\/wp-content\/uploads\/2025\/06\/WhatsApp-Image-2025-06-13-at-08.53.32-768x576.jpeg 768w, https:\/\/www.confederaciondelcobre.cl\/wp-content\/uploads\/2025\/06\/WhatsApp-Image-2025-06-13-at-08.53.32-1536x1152.jpeg 1536w, https:\/\/www.confederaciondelcobre.cl\/wp-content\/uploads\/2025\/06\/WhatsApp-Image-2025-06-13-at-08.53.32.jpeg 1600w\" sizes=\"auto, (max-width: 1024px) 100vw, 1024px\" \/><\/figure>\n\n\n\n<figure class=\"wp-block-image size-large\"><img loading=\"lazy\" decoding=\"async\" width=\"1024\" height=\"768\" data-id=\"5805\" src=\"https:\/\/www.confederaciondelcobre.cl\/wp-content\/uploads\/2025\/06\/WhatsApp-Image-2025-06-13-at-08.53.33-2-1024x768.jpeg\" alt=\"\" class=\"wp-image-5805\" srcset=\"https:\/\/www.confederaciondelcobre.cl\/wp-content\/uploads\/2025\/06\/WhatsApp-Image-2025-06-13-at-08.53.33-2-1024x768.jpeg 1024w, https:\/\/www.confederaciondelcobre.cl\/wp-content\/uploads\/2025\/06\/WhatsApp-Image-2025-06-13-at-08.53.33-2-300x225.jpeg 300w, https:\/\/www.confederaciondelcobre.cl\/wp-content\/uploads\/2025\/06\/WhatsApp-Image-2025-06-13-at-08.53.33-2-768x576.jpeg 768w, https:\/\/www.confederaciondelcobre.cl\/wp-content\/uploads\/2025\/06\/WhatsApp-Image-2025-06-13-at-08.53.33-2-1536x1152.jpeg 1536w, https:\/\/www.confederaciondelcobre.cl\/wp-content\/uploads\/2025\/06\/WhatsApp-Image-2025-06-13-at-08.53.33-2.jpeg 1600w\" sizes=\"auto, (max-width: 1024px) 100vw, 1024px\" \/><\/figure>\n\n\n\n<figure class=\"wp-block-image size-large\"><img loading=\"lazy\" decoding=\"async\" width=\"1024\" height=\"1024\" data-id=\"5806\" src=\"https:\/\/www.confederaciondelcobre.cl\/wp-content\/uploads\/2025\/06\/WhatsApp-Image-2025-06-13-at-08.53.33-3-1024x1024.jpeg\" alt=\"\" class=\"wp-image-5806\" srcset=\"https:\/\/www.confederaciondelcobre.cl\/wp-content\/uploads\/2025\/06\/WhatsApp-Image-2025-06-13-at-08.53.33-3-1024x1024.jpeg 1024w, https:\/\/www.confederaciondelcobre.cl\/wp-content\/uploads\/2025\/06\/WhatsApp-Image-2025-06-13-at-08.53.33-3-300x300.jpeg 300w, https:\/\/www.confederaciondelcobre.cl\/wp-content\/uploads\/2025\/06\/WhatsApp-Image-2025-06-13-at-08.53.33-3-150x150.jpeg 150w, https:\/\/www.confederaciondelcobre.cl\/wp-content\/uploads\/2025\/06\/WhatsApp-Image-2025-06-13-at-08.53.33-3-768x768.jpeg 768w, https:\/\/www.confederaciondelcobre.cl\/wp-content\/uploads\/2025\/06\/WhatsApp-Image-2025-06-13-at-08.53.33-3.jpeg 1536w\" sizes=\"auto, (max-width: 1024px) 100vw, 1024px\" \/><\/figure>\n\n\n\n<figure class=\"wp-block-image size-large\"><img loading=\"lazy\" decoding=\"async\" width=\"1024\" height=\"768\" data-id=\"5807\" src=\"https:\/\/www.confederaciondelcobre.cl\/wp-content\/uploads\/2025\/06\/WhatsApp-Image-2025-06-13-at-08.53.33-1024x768.jpeg\" alt=\"\" class=\"wp-image-5807\" srcset=\"https:\/\/www.confederaciondelcobre.cl\/wp-content\/uploads\/2025\/06\/WhatsApp-Image-2025-06-13-at-08.53.33-1024x768.jpeg 1024w, https:\/\/www.confederaciondelcobre.cl\/wp-content\/uploads\/2025\/06\/WhatsApp-Image-2025-06-13-at-08.53.33-300x225.jpeg 300w, https:\/\/www.confederaciondelcobre.cl\/wp-content\/uploads\/2025\/06\/WhatsApp-Image-2025-06-13-at-08.53.33-768x576.jpeg 768w, https:\/\/www.confederaciondelcobre.cl\/wp-content\/uploads\/2025\/06\/WhatsApp-Image-2025-06-13-at-08.53.33-1536x1152.jpeg 1536w, https:\/\/www.confederaciondelcobre.cl\/wp-content\/uploads\/2025\/06\/WhatsApp-Image-2025-06-13-at-08.53.33.jpeg 1600w\" sizes=\"auto, (max-width: 1024px) 100vw, 1024px\" \/><\/figure>\n<\/figure>\n","protected":false},"excerpt":{"rendered":"<p>La&nbsp;Confederaci\u00f3n de Trabajadores del Cobre&nbsp;a trav\u00e9s de sus Federaciones y Sindicatos realiz\u00f3&nbsp;importantes asambleas&nbsp;durante los meses de mayo y junio del presente a\u00f1o,&nbsp;para evaluar los alcances y revisar el estado de &hellip; <\/p>\n","protected":false},"author":2,"featured_media":5793,"comment_status":"closed","ping_status":"closed","sticky":false,"template":"","format":"standard","meta":{"jetpack_post_was_ever_published":false,"_jetpack_newsletter_access":"","_jetpack_dont_email_post_to_subs":false,"_jetpack_newsletter_tier_id":0,"_jetpack_memberships_contains_paywalled_content":false,"_jetpack_memberships_contains_paid_content":false,"footnotes":"","jetpack_publicize_message":"","jetpack_publicize_feature_enabled":true,"jetpack_social_post_already_shared":true,"jetpack_social_options":{"image_generator_settings":{"template":"highway","default_image_id":0,"enabled":false},"version":2}},"categories":[9],"tags":[49,82,48,67],"class_list":["post-5792","post","type-post","status-publish","format-standard","has-post-thumbnail","hentry","category-confederacion","tag-acuerdo-marco","tag-asambleas","tag-ctc","tag-trabajadores"],"jetpack_publicize_connections":[],"jetpack_featured_media_url":"https:\/\/www.confederaciondelcobre.cl\/wp-content\/uploads\/2025\/06\/FONDO-DE-VIVIENDA-CONCURSABLE-Portada-de-Facebook-2.png","jetpack_sharing_enabled":true,"post_mailing_queue_ids":[],"_links":{"self":[{"href":"https:\/\/www.confederaciondelcobre.cl\/index.php\/wp-json\/wp\/v2\/posts\/5792","targetHints":{"allow":["GET"]}}],"collection":[{"href":"https:\/\/www.confederaciondelcobre.cl\/index.php\/wp-json\/wp\/v2\/posts"}],"about":[{"href":"https:\/\/www.confederaciondelcobre.cl\/index.php\/wp-json\/wp\/v2\/types\/post"}],"author":[{"embeddable":true,"href":"https:\/\/www.confederaciondelcobre.cl\/index.php\/wp-json\/wp\/v2\/users\/2"}],"replies":[{"embeddable":true,"href":"https:\/\/www.confederaciondelcobre.cl\/index.php\/wp-json\/wp\/v2\/comments?post=5792"}],"version-history":[{"count":1,"href":"https:\/\/www.confederaciondelcobre.cl\/index.php\/wp-json\/wp\/v2\/posts\/5792\/revisions"}],"predecessor-version":[{"id":5808,"href":"https:\/\/www.confederaciondelcobre.cl\/index.php\/wp-json\/wp\/v2\/posts\/5792\/revisions\/5808"}],"wp:featuredmedia":[{"embeddable":true,"href":"https:\/\/www.confederaciondelcobre.cl\/index.php\/wp-json\/wp\/v2\/media\/5793"}],"wp:attachment":[{"href":"https:\/\/www.confederaciondelcobre.cl\/index.php\/wp-json\/wp\/v2\/media?parent=5792"}],"wp:term":[{"taxonomy":"category","embeddable":true,"href":"https:\/\/www.confederaciondelcobre.cl\/index.php\/wp-json\/wp\/v2\/categories?post=5792"},{"taxonomy":"post_tag","embeddable":true,"href":"https:\/\/www.confederaciondelcobre.cl\/index.php\/wp-json\/wp\/v2\/tags?post=5792"}],"curies":[{"name":"wp","href":"https:\/\/api.w.org\/{rel}","templated":true}]}}