{"id":5810,"date":"2025-06-17T19:12:34","date_gmt":"2025-06-17T23:12:34","guid":{"rendered":"https:\/\/www.confederaciondelcobre.cl\/?p=5810"},"modified":"2025-06-17T19:12:36","modified_gmt":"2025-06-17T23:12:36","slug":"sindicato-de-trabajadores-eleccon-logra-exitosa-negociacion-colectiva","status":"publish","type":"post","link":"https:\/\/www.confederaciondelcobre.cl\/index.php\/2025\/06\/17\/sindicato-de-trabajadores-eleccon-logra-exitosa-negociacion-colectiva\/","title":{"rendered":"Sindicato de Trabajadores ELECCON logra exitosa negociaci\u00f3n colectiva"},"content":{"rendered":"\n<p>La Federaci\u00f3n de Sindicatos de Trabajadores Anglo American Divisi\u00f3n Mantoverde (FESAMAV) celebra el \u00e9xito de la negociaci\u00f3n colectiva del Sindicato de Trabajadores ELECCON cerrada el 13 de mayo pasado, logrando importantes avances para sus afiliados.<\/p>\n\n\n\n<p>La Presidenta de la FESAMAV, Stephanie Gonz\u00e1lez, destac\u00f3 la importancia de este logro: &#8220;A pesar de lo dif\u00edcil que estaba esta negociaci\u00f3n, logramos salir adelante. Esto demuestra que el trabajo sindical es efectivo y que debemos avanzar en tareas importantes como la negociaci\u00f3n multinivel&#8221;.<\/p>\n\n\n\n<p>La FESAMAV se congratula por el resultado y reafirma su compromiso con la defensa de los derechos y beneficios de los trabajadores.<\/p>\n\n\n\n<figure class=\"wp-block-image size-large\"><img loading=\"lazy\" decoding=\"async\" width=\"1179\" height=\"1179\" src=\"https:\/\/www.confederaciondelcobre.cl\/wp-content\/uploads\/2025\/06\/WhatsApp-Image-2025-06-16-at-19.38.10-edited.jpeg\" alt=\"\" class=\"wp-image-5813\" srcset=\"https:\/\/www.confederaciondelcobre.cl\/wp-content\/uploads\/2025\/06\/WhatsApp-Image-2025-06-16-at-19.38.10-edited.jpeg 1179w, https:\/\/www.confederaciondelcobre.cl\/wp-content\/uploads\/2025\/06\/WhatsApp-Image-2025-06-16-at-19.38.10-edited-300x300.jpeg 300w, https:\/\/www.confederaciondelcobre.cl\/wp-content\/uploads\/2025\/06\/WhatsApp-Image-2025-06-16-at-19.38.10-edited-1024x1024.jpeg 1024w, https:\/\/www.confederaciondelcobre.cl\/wp-content\/uploads\/2025\/06\/WhatsApp-Image-2025-06-16-at-19.38.10-edited-150x150.jpeg 150w, https:\/\/www.confederaciondelcobre.cl\/wp-content\/uploads\/2025\/06\/WhatsApp-Image-2025-06-16-at-19.38.10-edited-768x768.jpeg 768w\" sizes=\"auto, (max-width: 1179px) 100vw, 1179px\" \/><\/figure>\n","protected":false},"excerpt":{"rendered":"<p>La Federaci\u00f3n de Sindicatos de Trabajadores Anglo American Divisi\u00f3n Mantoverde (FESAMAV) celebra el \u00e9xito de la negociaci\u00f3n colectiva del Sindicato de Trabajadores ELECCON cerrada el 13 de mayo pasado, logrando &hellip; <\/p>\n","protected":false},"author":2,"featured_media":5814,"comment_status":"closed","ping_status":"closed","sticky":false,"template":"","format":"standard","meta":{"jetpack_post_was_ever_published":false,"_jetpack_newsletter_access":"","_jetpack_dont_email_post_to_subs":false,"_jetpack_newsletter_tier_id":0,"_jetpack_memberships_contains_paywalled_content":false,"_jetpack_memberships_contains_paid_content":false,"footnotes":"","jetpack_publicize_message":"","jetpack_publicize_feature_enabled":true,"jetpack_social_post_already_shared":true,"jetpack_social_options":{"image_generator_settings":{"template":"highway","default_image_id":0,"enabled":false},"version":2}},"categories":[9],"tags":[83,44,67],"class_list":["post-5810","post","type-post","status-publish","format-standard","has-post-thumbnail","hentry","category-confederacion","tag-negociacion-colectiva","tag-sindicato","tag-trabajadores"],"jetpack_publicize_connections":[],"jetpack_featured_media_url":"https:\/\/www.confederaciondelcobre.cl\/wp-content\/uploads\/2025\/06\/FONDO-DE-VIVIENDA-CONCURSABLE-Portada-de-Facebook-4.png","jetpack_sharing_enabled":true,"post_mailing_queue_ids":[],"_links":{"self":[{"href":"https:\/\/www.confederaciondelcobre.cl\/index.php\/wp-json\/wp\/v2\/posts\/5810","targetHints":{"allow":["GET"]}}],"collection":[{"href":"https:\/\/www.confederaciondelcobre.cl\/index.php\/wp-json\/wp\/v2\/posts"}],"about":[{"href":"https:\/\/www.confederaciondelcobre.cl\/index.php\/wp-json\/wp\/v2\/types\/post"}],"author":[{"embeddable":true,"href":"https:\/\/www.confederaciondelcobre.cl\/index.php\/wp-json\/wp\/v2\/users\/2"}],"replies":[{"embeddable":true,"href":"https:\/\/www.confederaciondelcobre.cl\/index.php\/wp-json\/wp\/v2\/comments?post=5810"}],"version-history":[{"count":1,"href":"https:\/\/www.confederaciondelcobre.cl\/index.php\/wp-json\/wp\/v2\/posts\/5810\/revisions"}],"predecessor-version":[{"id":5815,"href":"https:\/\/www.confederaciondelcobre.cl\/index.php\/wp-json\/wp\/v2\/posts\/5810\/revisions\/5815"}],"wp:featuredmedia":[{"embeddable":true,"href":"https:\/\/www.confederaciondelcobre.cl\/index.php\/wp-json\/wp\/v2\/media\/5814"}],"wp:attachment":[{"href":"https:\/\/www.confederaciondelcobre.cl\/index.php\/wp-json\/wp\/v2\/media?parent=5810"}],"wp:term":[{"taxonomy":"category","embeddable":true,"href":"https:\/\/www.confederaciondelcobre.cl\/index.php\/wp-json\/wp\/v2\/categories?post=5810"},{"taxonomy":"post_tag","embeddable":true,"href":"https:\/\/www.confederaciondelcobre.cl\/index.php\/wp-json\/wp\/v2\/tags?post=5810"}],"curies":[{"name":"wp","href":"https:\/\/api.w.org\/{rel}","templated":true}]}}