{"id":5816,"date":"2025-06-22T15:50:57","date_gmt":"2025-06-22T19:50:57","guid":{"rendered":"https:\/\/www.confederaciondelcobre.cl\/?p=5816"},"modified":"2025-06-22T15:50:59","modified_gmt":"2025-06-22T19:50:59","slug":"26-de-junio-nueva-capacitacion-para-dirigentes-as","status":"publish","type":"post","link":"https:\/\/www.confederaciondelcobre.cl\/index.php\/2025\/06\/22\/26-de-junio-nueva-capacitacion-para-dirigentes-as\/","title":{"rendered":"26 DE JUNIO: Nueva Capacitaci\u00f3n para Dirigentes\/as"},"content":{"rendered":"\n<p>Luego de una exitosa primera jornada de capacitaciones, este jueves 26 de junio, a las 19:00 horas, realizaremos un nuevo encuentro para entregar las herramientas necesarias sobre la <strong>&#8220;NEGOCIACI\u00d3N COLECTIVA\u201c<\/strong>,\u00a0<strong>dirigida a Dirigentes y Dirigentes Sindicales<\/strong>, y que ser\u00e1 dictada por Rodrigo Garc\u00eda, abogado asesor de la CTC, Fernando Prado, dirigente nacional CTC, y Daniel C\u00e1ceres, dirigente nacional CTC encargado de negociaci\u00f3n y conflicto, quienes entregar\u00e1n una completa gu\u00eda y estar\u00e1n dispuestos a sus consultas.<\/p>\n\n\n\n<p class=\"has-text-align-center\"><strong>NO PIERDAS ESTA OPORTUNIDAD! <\/strong><\/p>\n\n\n\n<p class=\"has-text-align-center\"><strong>Si quieres participar, con\u00e9ctate con nosotros, solicita el link de zoom a tu dirigente.<\/strong><\/p>\n\n\n<div class=\"wp-block-site-logo\"><a href=\"https:\/\/www.confederaciondelcobre.cl\/\" class=\"custom-logo-link\" rel=\"home\"><img loading=\"lazy\" decoding=\"async\" width=\"688\" height=\"84\" src=\"https:\/\/www.confederaciondelcobre.cl\/wp-content\/uploads\/2023\/01\/TituloWebCTC.png\" class=\"custom-logo\" alt=\"Confederaci\u00f3n de Trabajadores del Cobre &#8211; CTC\" srcset=\"https:\/\/www.confederaciondelcobre.cl\/wp-content\/uploads\/2023\/01\/TituloWebCTC.png 606w, https:\/\/www.confederaciondelcobre.cl\/wp-content\/uploads\/2023\/01\/TituloWebCTC-300x37.png 300w\" sizes=\"auto, (max-width: 688px) 100vw, 688px\" \/><\/a><\/div>","protected":false},"excerpt":{"rendered":"<p>Luego de una exitosa primera jornada de capacitaciones, este jueves 26 de junio, a las 19:00 horas, realizaremos un nuevo encuentro para entregar las herramientas necesarias sobre la &#8220;NEGOCIACI\u00d3N COLECTIVA\u201c,\u00a0dirigida &hellip; <\/p>\n","protected":false},"author":2,"featured_media":5817,"comment_status":"closed","ping_status":"closed","sticky":false,"template":"","format":"standard","meta":{"jetpack_post_was_ever_published":false,"_jetpack_newsletter_access":"","_jetpack_dont_email_post_to_subs":false,"_jetpack_newsletter_tier_id":0,"_jetpack_memberships_contains_paywalled_content":false,"_jetpack_memberships_contains_paid_content":false,"footnotes":"","jetpack_publicize_message":"","jetpack_publicize_feature_enabled":true,"jetpack_social_post_already_shared":true,"jetpack_social_options":{"image_generator_settings":{"template":"highway","default_image_id":0,"enabled":false},"version":2}},"categories":[9],"tags":[76,77,48,83,44],"class_list":["post-5816","post","type-post","status-publish","format-standard","has-post-thumbnail","hentry","category-confederacion","tag-capacitacion","tag-capacitaciones","tag-ctc","tag-negociacion-colectiva","tag-sindicato"],"jetpack_publicize_connections":[],"jetpack_featured_media_url":"https:\/\/www.confederaciondelcobre.cl\/wp-content\/uploads\/2025\/06\/1286-A2-horizontal-2.png","jetpack_sharing_enabled":true,"post_mailing_queue_ids":[],"_links":{"self":[{"href":"https:\/\/www.confederaciondelcobre.cl\/index.php\/wp-json\/wp\/v2\/posts\/5816","targetHints":{"allow":["GET"]}}],"collection":[{"href":"https:\/\/www.confederaciondelcobre.cl\/index.php\/wp-json\/wp\/v2\/posts"}],"about":[{"href":"https:\/\/www.confederaciondelcobre.cl\/index.php\/wp-json\/wp\/v2\/types\/post"}],"author":[{"embeddable":true,"href":"https:\/\/www.confederaciondelcobre.cl\/index.php\/wp-json\/wp\/v2\/users\/2"}],"replies":[{"embeddable":true,"href":"https:\/\/www.confederaciondelcobre.cl\/index.php\/wp-json\/wp\/v2\/comments?post=5816"}],"version-history":[{"count":1,"href":"https:\/\/www.confederaciondelcobre.cl\/index.php\/wp-json\/wp\/v2\/posts\/5816\/revisions"}],"predecessor-version":[{"id":5818,"href":"https:\/\/www.confederaciondelcobre.cl\/index.php\/wp-json\/wp\/v2\/posts\/5816\/revisions\/5818"}],"wp:featuredmedia":[{"embeddable":true,"href":"https:\/\/www.confederaciondelcobre.cl\/index.php\/wp-json\/wp\/v2\/media\/5817"}],"wp:attachment":[{"href":"https:\/\/www.confederaciondelcobre.cl\/index.php\/wp-json\/wp\/v2\/media?parent=5816"}],"wp:term":[{"taxonomy":"category","embeddable":true,"href":"https:\/\/www.confederaciondelcobre.cl\/index.php\/wp-json\/wp\/v2\/categories?post=5816"},{"taxonomy":"post_tag","embeddable":true,"href":"https:\/\/www.confederaciondelcobre.cl\/index.php\/wp-json\/wp\/v2\/tags?post=5816"}],"curies":[{"name":"wp","href":"https:\/\/api.w.org\/{rel}","templated":true}]}}