{"id":5819,"date":"2025-06-22T17:55:43","date_gmt":"2025-06-22T21:55:43","guid":{"rendered":"https:\/\/www.confederaciondelcobre.cl\/?p=5819"},"modified":"2025-06-22T17:55:45","modified_gmt":"2025-06-22T21:55:45","slug":"resena-brics-y-los-desafios-en-la-region","status":"publish","type":"post","link":"https:\/\/www.confederaciondelcobre.cl\/index.php\/2025\/06\/22\/resena-brics-y-los-desafios-en-la-region\/","title":{"rendered":"RESE\u00d1A: &#8220;BRICS y los desaf\u00edos en la regi\u00f3n&#8221;"},"content":{"rendered":"\n<p>Santiago | El pasado 14 de junio, se realiz\u00f3 el conversatorio titulado\u00a0<strong>\u201cBRICS y los desaf\u00edos en la regi\u00f3n\u201d<\/strong>, en el cual participaron economistas, diplom\u00e1ticos, empresarios y representantes de sindicatos y otras organizaciones, entre quienes asisti\u00f3 la Presidenta de la\u00a0<strong>Confederaci\u00f3n de Trabajadores del Cobre<\/strong>\u00a0&#8211;<strong>Ana Lamas Aguirre<\/strong>-.<\/p>\n\n\n\n<p>El evento realizado en dependencias de la Universidad Academia de Humanismo Cristiano tuvo destacados expositores. Participaron el rector de la UAHC,&nbsp;<strong>\u00c1lvaro Ramis<\/strong>, el ex Subsecretario de Relaciones Internacionales&nbsp;<strong>Jos\u00e9 Miguel Ahumada<\/strong>, el jefe del sector de Promoci\u00f3n de Comercio Agroalimentario, Turismo e Inversiones de la embajada de Brasil en Chile,&nbsp;<strong>Felipe Caetano<\/strong>, y los acad\u00e9micos&nbsp;<strong>Mladen Yopo<\/strong>,&nbsp;<strong>Gonzalo Martner<\/strong>&nbsp;y&nbsp;<strong>Manuel Riesco<\/strong>.<\/p>\n\n\n\n<p>El seminario dej\u00f3 en evidencia la necesidad de repensar el multilateralismo y fortalecer espacios como los BRICS, en un mundo donde el conocimiento y la autonom\u00eda estrat\u00e9gica se vuelven centrales.&nbsp;<\/p>\n\n\n\n<p><br>El representante de la embajada de Brasil destac\u00f3 que&nbsp;<em>&#8220;el multilateralismo no ha logrado resolver ninguno de los conflictos ni crisis que hemos experimentado. Durante la pandemia, Brasil propuso en la OMS flexibilizar las patentes de vacunas, pero la respuesta fue el silencio. El orden multilateral est\u00e1 siendo desmantelado por sus propios creadores, y los acuerdos comerciales recientes no han cumplido con sus promesas. En este escenario, \u00bfcu\u00e1l es el rol de los BRICS? Este bloque permite diversificar el acceso al financiamiento, reducir la dependencia de Estados Unidos y abrir espacios para renegociar la arquitectura financiera internacional.&#8221;<\/em><br><br>Por su parte, el rector Ramis se\u00f1al\u00f3: &#8220;<em>Los recursos naturales y la gesti\u00f3n de datos tienen como base el conocimiento; por eso, el verdadero oro del futuro es el saber. La cuesti\u00f3n clave es c\u00f3mo canalizar el talento disperso en la regi\u00f3n. Brasil y Chile, por ejemplo, necesitan un salto cualitativo en el valor de su producci\u00f3n. La definici\u00f3n de una pol\u00edtica exterior innovadora es crucial, pues el futuro est\u00e1 en puertas abiertas y relaciones internacionales din\u00e1micas&#8221;.<\/em><\/p>\n\n\n\n<p><strong>El grupo Brics<\/strong>\u00a0surgi\u00f3 en 2010 tras la asociaci\u00f3n econ\u00f3mica comercial de cinco econom\u00edas emergentes, <strong>Brasil, Rusia, India, China y Sud\u00e1frica<\/strong>\u00a0y se consolid\u00f3 como una alternativa para favorecer la cooperaci\u00f3n y el multilateralismo.<\/p>\n\n\n\n<p>Posteriormente se incorporaron&nbsp;<strong>Egipto, Emiratos \u00c1rabes Unidos, Etiop\u00eda, Ir\u00e1n, Indonesia y Arabia Saudita.<\/strong><\/p>\n\n\n\n<p>En la Cumbre realizada en Kaz\u00e1n, Rusia, se cre\u00f3 la categor\u00eda de Estado miembro asociado, a la cual se sumaron&nbsp;<strong>Bielorrusia, Bolivia, Cuba, Kazajst\u00e1n, Malasia, Nigeria, Tailandia, Turqu\u00eda, Uganda, Uzbekist\u00e1n y Vietnam<\/strong>.<\/p>\n\n\n\n<p>El bloque representa alrededor del&nbsp;<strong>40 por ciento de la poblaci\u00f3n del planeta<\/strong>&nbsp;y un&nbsp;<strong>37 del Producto Interno Bruto mundial<\/strong>.<\/p>\n\n\n\n<p>La pr\u00f3xima reuni\u00f3n de l\u00edderes del Brics se celebrar\u00e1 los d\u00edas 6 y 7 de julio en R\u00edo de Janeiro, Brasil.<\/p>\n\n\n\n<figure class=\"wp-block-gallery has-nested-images columns-default is-cropped wp-block-gallery-1 is-layout-flex wp-block-gallery-is-layout-flex\">\n<figure class=\"wp-block-image size-large\"><img loading=\"lazy\" decoding=\"async\" width=\"819\" height=\"1024\" data-id=\"5824\" src=\"https:\/\/www.confederaciondelcobre.cl\/wp-content\/uploads\/2025\/06\/WhatsApp-Image-2025-06-14-at-11.31.40-819x1024.jpeg\" alt=\"\" class=\"wp-image-5824\" srcset=\"https:\/\/www.confederaciondelcobre.cl\/wp-content\/uploads\/2025\/06\/WhatsApp-Image-2025-06-14-at-11.31.40-819x1024.jpeg 819w, https:\/\/www.confederaciondelcobre.cl\/wp-content\/uploads\/2025\/06\/WhatsApp-Image-2025-06-14-at-11.31.40-240x300.jpeg 240w, https:\/\/www.confederaciondelcobre.cl\/wp-content\/uploads\/2025\/06\/WhatsApp-Image-2025-06-14-at-11.31.40-768x960.jpeg 768w, https:\/\/www.confederaciondelcobre.cl\/wp-content\/uploads\/2025\/06\/WhatsApp-Image-2025-06-14-at-11.31.40.jpeg 1080w\" sizes=\"auto, (max-width: 819px) 100vw, 819px\" \/><\/figure>\n\n\n\n<figure class=\"wp-block-image size-large\"><img loading=\"lazy\" decoding=\"async\" width=\"819\" height=\"1024\" data-id=\"5822\" src=\"https:\/\/www.confederaciondelcobre.cl\/wp-content\/uploads\/2025\/06\/WhatsApp-Image-2025-06-14-at-11.31.41-819x1024.jpeg\" alt=\"\" class=\"wp-image-5822\" srcset=\"https:\/\/www.confederaciondelcobre.cl\/wp-content\/uploads\/2025\/06\/WhatsApp-Image-2025-06-14-at-11.31.41-819x1024.jpeg 819w, https:\/\/www.confederaciondelcobre.cl\/wp-content\/uploads\/2025\/06\/WhatsApp-Image-2025-06-14-at-11.31.41-240x300.jpeg 240w, https:\/\/www.confederaciondelcobre.cl\/wp-content\/uploads\/2025\/06\/WhatsApp-Image-2025-06-14-at-11.31.41-768x960.jpeg 768w, https:\/\/www.confederaciondelcobre.cl\/wp-content\/uploads\/2025\/06\/WhatsApp-Image-2025-06-14-at-11.31.41.jpeg 1080w\" sizes=\"auto, (max-width: 819px) 100vw, 819px\" \/><\/figure>\n\n\n\n<figure class=\"wp-block-image size-large\"><img loading=\"lazy\" decoding=\"async\" width=\"819\" height=\"1024\" data-id=\"5821\" src=\"https:\/\/www.confederaciondelcobre.cl\/wp-content\/uploads\/2025\/06\/WhatsApp-Image-2025-06-14-at-11.31.41-2-819x1024.jpeg\" alt=\"\" class=\"wp-image-5821\" srcset=\"https:\/\/www.confederaciondelcobre.cl\/wp-content\/uploads\/2025\/06\/WhatsApp-Image-2025-06-14-at-11.31.41-2-819x1024.jpeg 819w, https:\/\/www.confederaciondelcobre.cl\/wp-content\/uploads\/2025\/06\/WhatsApp-Image-2025-06-14-at-11.31.41-2-240x300.jpeg 240w, https:\/\/www.confederaciondelcobre.cl\/wp-content\/uploads\/2025\/06\/WhatsApp-Image-2025-06-14-at-11.31.41-2-768x960.jpeg 768w, https:\/\/www.confederaciondelcobre.cl\/wp-content\/uploads\/2025\/06\/WhatsApp-Image-2025-06-14-at-11.31.41-2.jpeg 1080w\" sizes=\"auto, (max-width: 819px) 100vw, 819px\" \/><\/figure>\n\n\n\n<figure class=\"wp-block-image size-large\"><img loading=\"lazy\" decoding=\"async\" width=\"978\" height=\"1024\" data-id=\"5823\" src=\"https:\/\/www.confederaciondelcobre.cl\/wp-content\/uploads\/2025\/06\/WhatsApp-Image-2025-06-17-at-15.33.34-6-978x1024.jpeg\" alt=\"\" class=\"wp-image-5823\" srcset=\"https:\/\/www.confederaciondelcobre.cl\/wp-content\/uploads\/2025\/06\/WhatsApp-Image-2025-06-17-at-15.33.34-6-978x1024.jpeg 978w, https:\/\/www.confederaciondelcobre.cl\/wp-content\/uploads\/2025\/06\/WhatsApp-Image-2025-06-17-at-15.33.34-6-287x300.jpeg 287w, https:\/\/www.confederaciondelcobre.cl\/wp-content\/uploads\/2025\/06\/WhatsApp-Image-2025-06-17-at-15.33.34-6-768x804.jpeg 768w, https:\/\/www.confederaciondelcobre.cl\/wp-content\/uploads\/2025\/06\/WhatsApp-Image-2025-06-17-at-15.33.34-6.jpeg 1026w\" sizes=\"auto, (max-width: 978px) 100vw, 978px\" \/><\/figure>\n\n\n\n<figure class=\"wp-block-image size-large\"><img loading=\"lazy\" decoding=\"async\" width=\"927\" height=\"1024\" data-id=\"5825\" src=\"https:\/\/www.confederaciondelcobre.cl\/wp-content\/uploads\/2025\/06\/WhatsApp-Image-2025-06-17-at-15.33.34-5-927x1024.jpeg\" alt=\"\" class=\"wp-image-5825\" srcset=\"https:\/\/www.confederaciondelcobre.cl\/wp-content\/uploads\/2025\/06\/WhatsApp-Image-2025-06-17-at-15.33.34-5-927x1024.jpeg 927w, https:\/\/www.confederaciondelcobre.cl\/wp-content\/uploads\/2025\/06\/WhatsApp-Image-2025-06-17-at-15.33.34-5-272x300.jpeg 272w, https:\/\/www.confederaciondelcobre.cl\/wp-content\/uploads\/2025\/06\/WhatsApp-Image-2025-06-17-at-15.33.34-5-768x849.jpeg 768w, https:\/\/www.confederaciondelcobre.cl\/wp-content\/uploads\/2025\/06\/WhatsApp-Image-2025-06-17-at-15.33.34-5.jpeg 992w\" sizes=\"auto, (max-width: 927px) 100vw, 927px\" \/><\/figure>\n\n\n\n<figure class=\"wp-block-image size-large\"><img loading=\"lazy\" decoding=\"async\" width=\"891\" height=\"1024\" data-id=\"5826\" src=\"https:\/\/www.confederaciondelcobre.cl\/wp-content\/uploads\/2025\/06\/WhatsApp-Image-2025-06-17-at-15.33.34-4-891x1024.jpeg\" alt=\"\" class=\"wp-image-5826\" srcset=\"https:\/\/www.confederaciondelcobre.cl\/wp-content\/uploads\/2025\/06\/WhatsApp-Image-2025-06-17-at-15.33.34-4-891x1024.jpeg 891w, https:\/\/www.confederaciondelcobre.cl\/wp-content\/uploads\/2025\/06\/WhatsApp-Image-2025-06-17-at-15.33.34-4-261x300.jpeg 261w, https:\/\/www.confederaciondelcobre.cl\/wp-content\/uploads\/2025\/06\/WhatsApp-Image-2025-06-17-at-15.33.34-4-768x883.jpeg 768w, https:\/\/www.confederaciondelcobre.cl\/wp-content\/uploads\/2025\/06\/WhatsApp-Image-2025-06-17-at-15.33.34-4.jpeg 948w\" sizes=\"auto, (max-width: 891px) 100vw, 891px\" \/><\/figure>\n\n\n\n<figure class=\"wp-block-image size-large\"><img loading=\"lazy\" decoding=\"async\" width=\"964\" height=\"1024\" data-id=\"5827\" src=\"https:\/\/www.confederaciondelcobre.cl\/wp-content\/uploads\/2025\/06\/WhatsApp-Image-2025-06-17-at-15.33.34-3-964x1024.jpeg\" alt=\"\" class=\"wp-image-5827\" srcset=\"https:\/\/www.confederaciondelcobre.cl\/wp-content\/uploads\/2025\/06\/WhatsApp-Image-2025-06-17-at-15.33.34-3-964x1024.jpeg 964w, https:\/\/www.confederaciondelcobre.cl\/wp-content\/uploads\/2025\/06\/WhatsApp-Image-2025-06-17-at-15.33.34-3-282x300.jpeg 282w, https:\/\/www.confederaciondelcobre.cl\/wp-content\/uploads\/2025\/06\/WhatsApp-Image-2025-06-17-at-15.33.34-3-768x816.jpeg 768w, https:\/\/www.confederaciondelcobre.cl\/wp-content\/uploads\/2025\/06\/WhatsApp-Image-2025-06-17-at-15.33.34-3.jpeg 1024w\" sizes=\"auto, (max-width: 964px) 100vw, 964px\" \/><\/figure>\n\n\n\n<figure class=\"wp-block-image size-large\"><img loading=\"lazy\" decoding=\"async\" width=\"984\" height=\"1024\" data-id=\"5829\" src=\"https:\/\/www.confederaciondelcobre.cl\/wp-content\/uploads\/2025\/06\/WhatsApp-Image-2025-06-17-at-15.33.34-2-984x1024.jpeg\" alt=\"\" class=\"wp-image-5829\" srcset=\"https:\/\/www.confederaciondelcobre.cl\/wp-content\/uploads\/2025\/06\/WhatsApp-Image-2025-06-17-at-15.33.34-2-984x1024.jpeg 984w, https:\/\/www.confederaciondelcobre.cl\/wp-content\/uploads\/2025\/06\/WhatsApp-Image-2025-06-17-at-15.33.34-2-288x300.jpeg 288w, https:\/\/www.confederaciondelcobre.cl\/wp-content\/uploads\/2025\/06\/WhatsApp-Image-2025-06-17-at-15.33.34-2-768x799.jpeg 768w, https:\/\/www.confederaciondelcobre.cl\/wp-content\/uploads\/2025\/06\/WhatsApp-Image-2025-06-17-at-15.33.34-2.jpeg 1090w\" sizes=\"auto, (max-width: 984px) 100vw, 984px\" \/><\/figure>\n\n\n\n<figure class=\"wp-block-image size-large\"><img loading=\"lazy\" decoding=\"async\" width=\"925\" height=\"1024\" data-id=\"5828\" src=\"https:\/\/www.confederaciondelcobre.cl\/wp-content\/uploads\/2025\/06\/WhatsApp-Image-2025-06-17-at-15.33.34-925x1024.jpeg\" alt=\"\" class=\"wp-image-5828\" srcset=\"https:\/\/www.confederaciondelcobre.cl\/wp-content\/uploads\/2025\/06\/WhatsApp-Image-2025-06-17-at-15.33.34-925x1024.jpeg 925w, https:\/\/www.confederaciondelcobre.cl\/wp-content\/uploads\/2025\/06\/WhatsApp-Image-2025-06-17-at-15.33.34-271x300.jpeg 271w, https:\/\/www.confederaciondelcobre.cl\/wp-content\/uploads\/2025\/06\/WhatsApp-Image-2025-06-17-at-15.33.34-768x850.jpeg 768w, https:\/\/www.confederaciondelcobre.cl\/wp-content\/uploads\/2025\/06\/WhatsApp-Image-2025-06-17-at-15.33.34.jpeg 1008w\" sizes=\"auto, (max-width: 925px) 100vw, 925px\" \/><\/figure>\n<\/figure>\n\n\n<div class=\"wp-block-site-logo\"><a href=\"https:\/\/www.confederaciondelcobre.cl\/\" class=\"custom-logo-link\" rel=\"home\"><img loading=\"lazy\" decoding=\"async\" width=\"689\" height=\"84\" src=\"https:\/\/www.confederaciondelcobre.cl\/wp-content\/uploads\/2023\/01\/TituloWebCTC.png\" class=\"custom-logo\" alt=\"Confederaci\u00f3n de Trabajadores del Cobre &#8211; CTC\" srcset=\"https:\/\/www.confederaciondelcobre.cl\/wp-content\/uploads\/2023\/01\/TituloWebCTC.png 606w, https:\/\/www.confederaciondelcobre.cl\/wp-content\/uploads\/2023\/01\/TituloWebCTC-300x37.png 300w\" sizes=\"auto, (max-width: 689px) 100vw, 689px\" \/><\/a><\/div>","protected":false},"excerpt":{"rendered":"<p>Santiago | El pasado 14 de junio, se realiz\u00f3 el conversatorio titulado\u00a0\u201cBRICS y los desaf\u00edos en la regi\u00f3n\u201d, en el cual participaron economistas, diplom\u00e1ticos, empresarios y representantes de sindicatos y &hellip; <\/p>\n","protected":false},"author":2,"featured_media":5820,"comment_status":"closed","ping_status":"closed","sticky":false,"template":"","format":"standard","meta":{"jetpack_post_was_ever_published":false,"_jetpack_newsletter_access":"","_jetpack_dont_email_post_to_subs":false,"_jetpack_newsletter_tier_id":0,"_jetpack_memberships_contains_paywalled_content":false,"_jetpack_memberships_contains_paid_content":false,"footnotes":"","jetpack_publicize_message":"","jetpack_publicize_feature_enabled":true,"jetpack_social_post_already_shared":true,"jetpack_social_options":{"image_generator_settings":{"template":"highway","default_image_id":0,"enabled":false},"version":2}},"categories":[16],"tags":[84,48],"class_list":["post-5819","post","type-post","status-publish","format-standard","has-post-thumbnail","hentry","category-noticias","tag-brics","tag-ctc"],"jetpack_publicize_connections":[],"jetpack_featured_media_url":"https:\/\/www.confederaciondelcobre.cl\/wp-content\/uploads\/2025\/06\/Plantillas-CTC-1600-x-1036-px.png","jetpack_sharing_enabled":true,"post_mailing_queue_ids":[],"_links":{"self":[{"href":"https:\/\/www.confederaciondelcobre.cl\/index.php\/wp-json\/wp\/v2\/posts\/5819","targetHints":{"allow":["GET"]}}],"collection":[{"href":"https:\/\/www.confederaciondelcobre.cl\/index.php\/wp-json\/wp\/v2\/posts"}],"about":[{"href":"https:\/\/www.confederaciondelcobre.cl\/index.php\/wp-json\/wp\/v2\/types\/post"}],"author":[{"embeddable":true,"href":"https:\/\/www.confederaciondelcobre.cl\/index.php\/wp-json\/wp\/v2\/users\/2"}],"replies":[{"embeddable":true,"href":"https:\/\/www.confederaciondelcobre.cl\/index.php\/wp-json\/wp\/v2\/comments?post=5819"}],"version-history":[{"count":1,"href":"https:\/\/www.confederaciondelcobre.cl\/index.php\/wp-json\/wp\/v2\/posts\/5819\/revisions"}],"predecessor-version":[{"id":5830,"href":"https:\/\/www.confederaciondelcobre.cl\/index.php\/wp-json\/wp\/v2\/posts\/5819\/revisions\/5830"}],"wp:featuredmedia":[{"embeddable":true,"href":"https:\/\/www.confederaciondelcobre.cl\/index.php\/wp-json\/wp\/v2\/media\/5820"}],"wp:attachment":[{"href":"https:\/\/www.confederaciondelcobre.cl\/index.php\/wp-json\/wp\/v2\/media?parent=5819"}],"wp:term":[{"taxonomy":"category","embeddable":true,"href":"https:\/\/www.confederaciondelcobre.cl\/index.php\/wp-json\/wp\/v2\/categories?post=5819"},{"taxonomy":"post_tag","embeddable":true,"href":"https:\/\/www.confederaciondelcobre.cl\/index.php\/wp-json\/wp\/v2\/tags?post=5819"}],"curies":[{"name":"wp","href":"https:\/\/api.w.org\/{rel}","templated":true}]}}