{"id":5831,"date":"2025-06-23T09:53:59","date_gmt":"2025-06-23T13:53:59","guid":{"rendered":"https:\/\/www.confederaciondelcobre.cl\/?p=5831"},"modified":"2025-06-23T09:54:01","modified_gmt":"2025-06-23T13:54:01","slug":"ceremonia-de-conmemoracion-de-los-100-anos-de-la-matanza-de-la-coruna-en-la-central-unitaria-de-trabajadores","status":"publish","type":"post","link":"https:\/\/www.confederaciondelcobre.cl\/index.php\/2025\/06\/23\/ceremonia-de-conmemoracion-de-los-100-anos-de-la-matanza-de-la-coruna-en-la-central-unitaria-de-trabajadores\/","title":{"rendered":"CEREMONIA DE CONMEMORACION DE LOS 100 A\u00d1OS DE LA MATANZA DE LA CORU\u00d1A EN LA CENTRAL UNITARIA DE TRABAJADORES."},"content":{"rendered":"\n<p>Santiago | En una emotiva ceremonia, en la sede central en Santiago, de la Central Unitaria de Trabajadores -CUT-, se conmemoraron los 100 a\u00f1os de la matanza de La Coru\u00f1a. En esta actividad, a modo de homenaje a los trabajadores y sus familias que fueron asesinados en la gran huelga del movimiento obrero de Tarapac\u00e1 en 1925.<\/p>\n\n\n<div class=\"wp-block-image\">\n<figure class=\"aligncenter size-full\"><img loading=\"lazy\" decoding=\"async\" width=\"451\" height=\"300\" src=\"https:\/\/www.confederaciondelcobre.cl\/wp-content\/uploads\/2025\/06\/coruna-2.jpg-2.webp\" alt=\"\" class=\"wp-image-5852\" srcset=\"https:\/\/www.confederaciondelcobre.cl\/wp-content\/uploads\/2025\/06\/coruna-2.jpg-2.webp 451w, https:\/\/www.confederaciondelcobre.cl\/wp-content\/uploads\/2025\/06\/coruna-2.jpg-2-300x200.webp 300w\" sizes=\"auto, (max-width: 451px) 100vw, 451px\" \/><\/figure><\/div>\n\n\n<p>La actividad que se realiz\u00f3 en el Sal\u00f3n de la Central Unitaria de Trabajadores, tuvo un \u00e9nfasis y un sentido de homenaje a la lucha de los obreros del salitre, que fue desarrollada en las exposiciones planteadas por\u00a0<strong>Jorge Navarro L\u00f3pez<\/strong>, investigador y profesor de historia de la Universidad de Santiago -USACH-,\u00a0<strong>\u00d3scar Torres Rivera<\/strong>, profesor e historiador,\u00a0<strong>Osvaldo Z\u00fa\u00f1iga<\/strong>, Presidente de la Confederaci\u00f3n Ranquil, y\u00a0<strong>Ana Lamas Aguirre<\/strong>, Presidenta de la Confederaci\u00f3n de Trabajadores del Cobre, -CTC-.<\/p>\n\n\n\n<p>\u00c9sta \u00faltima, como representante de los trabajadores y trabajadores del subcontrato minero, apel\u00f3 al rescate de la memoria hist\u00f3rica, en el sentido de que\u00a0<strong><em>\u201cRecordar a los compa\u00f1eros ca\u00eddos del norte grande es fundamental. Sin memoria no tenemos historia, y sin historia no tenemos futuro. Conmemorar y hacer este ejercicio de memoria es absolutamente necesario y fundamental, la sociedad ha sido trastocada por el individualismo del sistema neoliberal, y eso nos lleva a olvidar, y eso es delicado. La historia es circular, se repite, as\u00ed como murieron los compa\u00f1eros de La Coru\u00f1a o de la Escuela Santa Mar\u00eda, el estado sigui\u00f3 ocupando las armas en contra de su pueblo, en contra de sus trabajadores. En 1966, en el contexto de la Huelga General que originaron los compa\u00f1eros de El Teniente, movimiento que termin\u00f3 conquistando primero la &#8220;chilenizaci\u00f3n del Cobre&#8221; de Frei y luego la &#8220;Nacionalizaci\u00f3n del Cobre&#8221; del presidente Allende, durante las huelgas que acompa\u00f1aron este proceso, en El Salvador, el Estado, Carabineros de Chile, asesin\u00f3 a ocho personas, ocho trabajadores, seis hombres y dos mujeres, una de ellas embarazada, los que tambi\u00e9n estaban exigiendo sus derechos, pero no solo el de ellos, sino el de todas y todos sus compa\u00f1eros, y eso, aunque no quisi\u00e9ramos se repite, luego en la dictadura, y ahora, cuando la democracia reina, en 2015, durante la Huelga General Nacional, la misma fuerza del estado nos asesina a Nelson Quichillao, en el mismo pueblo de la matanza de 1966, en El Salvador.\u00a0<\/em><\/strong><\/p>\n\n\n\n<p><strong><em>\u00bfQu\u00e9 hemos aprendido?, \u00bfD\u00f3nde quedan los derechos de todas y todos nosotros?, \u00bfD\u00f3nde est\u00e1 la justicia?.&nbsp;<\/em><\/strong><\/p>\n\n\n\n<p><strong><em>La memoria es fr\u00e1gil, y nuestra obligaci\u00f3n como dirigentes sindicales y sujetos pol\u00edticos es cuidarla y promoverla.\u201d<\/em><\/strong><\/p>\n\n\n\n<p>En el lugar, como reconocimiento a la memoria de los obreros ca\u00eddos hace cien a\u00f1os, se descubri\u00f3 una placa conmemoratoria en homenaje a la lucha y sacrificio de los trabajadores pampinos y en recordatorio a las matanzas del norte grande.<\/p>\n\n\n\n<figure class=\"wp-block-gallery has-nested-images columns-default is-cropped wp-block-gallery-1 is-layout-flex wp-block-gallery-is-layout-flex\">\n<figure class=\"wp-block-image size-large\"><img loading=\"lazy\" decoding=\"async\" width=\"1024\" height=\"576\" data-id=\"5838\" src=\"https:\/\/www.confederaciondelcobre.cl\/wp-content\/uploads\/2025\/06\/WhatsApp-Image-2025-06-22-at-21.06.07-1-1024x576.jpeg\" alt=\"\" class=\"wp-image-5838\" srcset=\"https:\/\/www.confederaciondelcobre.cl\/wp-content\/uploads\/2025\/06\/WhatsApp-Image-2025-06-22-at-21.06.07-1-1024x576.jpeg 1024w, https:\/\/www.confederaciondelcobre.cl\/wp-content\/uploads\/2025\/06\/WhatsApp-Image-2025-06-22-at-21.06.07-1-300x169.jpeg 300w, https:\/\/www.confederaciondelcobre.cl\/wp-content\/uploads\/2025\/06\/WhatsApp-Image-2025-06-22-at-21.06.07-1-768x432.jpeg 768w, https:\/\/www.confederaciondelcobre.cl\/wp-content\/uploads\/2025\/06\/WhatsApp-Image-2025-06-22-at-21.06.07-1-1536x864.jpeg 1536w, https:\/\/www.confederaciondelcobre.cl\/wp-content\/uploads\/2025\/06\/WhatsApp-Image-2025-06-22-at-21.06.07-1.jpeg 1600w\" sizes=\"auto, (max-width: 1024px) 100vw, 1024px\" \/><\/figure>\n\n\n\n<figure class=\"wp-block-image size-large\"><img loading=\"lazy\" decoding=\"async\" width=\"1024\" height=\"576\" data-id=\"5837\" src=\"https:\/\/www.confederaciondelcobre.cl\/wp-content\/uploads\/2025\/06\/WhatsApp-Image-2025-06-22-at-21.06.05-1-1024x576.jpeg\" alt=\"\" class=\"wp-image-5837\" srcset=\"https:\/\/www.confederaciondelcobre.cl\/wp-content\/uploads\/2025\/06\/WhatsApp-Image-2025-06-22-at-21.06.05-1-1024x576.jpeg 1024w, https:\/\/www.confederaciondelcobre.cl\/wp-content\/uploads\/2025\/06\/WhatsApp-Image-2025-06-22-at-21.06.05-1-300x169.jpeg 300w, https:\/\/www.confederaciondelcobre.cl\/wp-content\/uploads\/2025\/06\/WhatsApp-Image-2025-06-22-at-21.06.05-1-768x432.jpeg 768w, https:\/\/www.confederaciondelcobre.cl\/wp-content\/uploads\/2025\/06\/WhatsApp-Image-2025-06-22-at-21.06.05-1-1536x864.jpeg 1536w, https:\/\/www.confederaciondelcobre.cl\/wp-content\/uploads\/2025\/06\/WhatsApp-Image-2025-06-22-at-21.06.05-1.jpeg 1600w\" sizes=\"auto, (max-width: 1024px) 100vw, 1024px\" \/><\/figure>\n\n\n\n<figure class=\"wp-block-image size-large\"><img loading=\"lazy\" decoding=\"async\" width=\"1024\" height=\"576\" data-id=\"5840\" src=\"https:\/\/www.confederaciondelcobre.cl\/wp-content\/uploads\/2025\/06\/WhatsApp-Image-2025-06-22-at-21.06.04-1-1024x576.jpeg\" alt=\"\" class=\"wp-image-5840\" srcset=\"https:\/\/www.confederaciondelcobre.cl\/wp-content\/uploads\/2025\/06\/WhatsApp-Image-2025-06-22-at-21.06.04-1-1024x576.jpeg 1024w, https:\/\/www.confederaciondelcobre.cl\/wp-content\/uploads\/2025\/06\/WhatsApp-Image-2025-06-22-at-21.06.04-1-300x169.jpeg 300w, https:\/\/www.confederaciondelcobre.cl\/wp-content\/uploads\/2025\/06\/WhatsApp-Image-2025-06-22-at-21.06.04-1-768x432.jpeg 768w, https:\/\/www.confederaciondelcobre.cl\/wp-content\/uploads\/2025\/06\/WhatsApp-Image-2025-06-22-at-21.06.04-1-1536x864.jpeg 1536w, https:\/\/www.confederaciondelcobre.cl\/wp-content\/uploads\/2025\/06\/WhatsApp-Image-2025-06-22-at-21.06.04-1.jpeg 1600w\" sizes=\"auto, (max-width: 1024px) 100vw, 1024px\" \/><\/figure>\n\n\n\n<figure class=\"wp-block-image size-large\"><img loading=\"lazy\" decoding=\"async\" width=\"1024\" height=\"576\" data-id=\"5842\" src=\"https:\/\/www.confederaciondelcobre.cl\/wp-content\/uploads\/2025\/06\/WhatsApp-Image-2025-06-22-at-21.06.03-1-1024x576.jpeg\" alt=\"\" class=\"wp-image-5842\" srcset=\"https:\/\/www.confederaciondelcobre.cl\/wp-content\/uploads\/2025\/06\/WhatsApp-Image-2025-06-22-at-21.06.03-1-1024x576.jpeg 1024w, https:\/\/www.confederaciondelcobre.cl\/wp-content\/uploads\/2025\/06\/WhatsApp-Image-2025-06-22-at-21.06.03-1-300x169.jpeg 300w, https:\/\/www.confederaciondelcobre.cl\/wp-content\/uploads\/2025\/06\/WhatsApp-Image-2025-06-22-at-21.06.03-1-768x432.jpeg 768w, https:\/\/www.confederaciondelcobre.cl\/wp-content\/uploads\/2025\/06\/WhatsApp-Image-2025-06-22-at-21.06.03-1-1536x864.jpeg 1536w, https:\/\/www.confederaciondelcobre.cl\/wp-content\/uploads\/2025\/06\/WhatsApp-Image-2025-06-22-at-21.06.03-1.jpeg 1600w\" sizes=\"auto, (max-width: 1024px) 100vw, 1024px\" \/><\/figure>\n\n\n\n<figure class=\"wp-block-image size-large\"><img loading=\"lazy\" decoding=\"async\" width=\"576\" height=\"1024\" data-id=\"5841\" src=\"https:\/\/www.confederaciondelcobre.cl\/wp-content\/uploads\/2025\/06\/WhatsApp-Image-2025-06-22-at-21.06.02-576x1024.jpeg\" alt=\"\" class=\"wp-image-5841\" srcset=\"https:\/\/www.confederaciondelcobre.cl\/wp-content\/uploads\/2025\/06\/WhatsApp-Image-2025-06-22-at-21.06.02-576x1024.jpeg 576w, https:\/\/www.confederaciondelcobre.cl\/wp-content\/uploads\/2025\/06\/WhatsApp-Image-2025-06-22-at-21.06.02-169x300.jpeg 169w, https:\/\/www.confederaciondelcobre.cl\/wp-content\/uploads\/2025\/06\/WhatsApp-Image-2025-06-22-at-21.06.02-768x1365.jpeg 768w, https:\/\/www.confederaciondelcobre.cl\/wp-content\/uploads\/2025\/06\/WhatsApp-Image-2025-06-22-at-21.06.02-864x1536.jpeg 864w, https:\/\/www.confederaciondelcobre.cl\/wp-content\/uploads\/2025\/06\/WhatsApp-Image-2025-06-22-at-21.06.02.jpeg 900w\" sizes=\"auto, (max-width: 576px) 100vw, 576px\" \/><\/figure>\n\n\n\n<figure class=\"wp-block-image size-large\"><img loading=\"lazy\" decoding=\"async\" width=\"1024\" height=\"576\" data-id=\"5839\" src=\"https:\/\/www.confederaciondelcobre.cl\/wp-content\/uploads\/2025\/06\/WhatsApp-Image-2025-06-22-at-21.06.01-2-1024x576.jpeg\" alt=\"\" class=\"wp-image-5839\" srcset=\"https:\/\/www.confederaciondelcobre.cl\/wp-content\/uploads\/2025\/06\/WhatsApp-Image-2025-06-22-at-21.06.01-2-1024x576.jpeg 1024w, https:\/\/www.confederaciondelcobre.cl\/wp-content\/uploads\/2025\/06\/WhatsApp-Image-2025-06-22-at-21.06.01-2-300x169.jpeg 300w, https:\/\/www.confederaciondelcobre.cl\/wp-content\/uploads\/2025\/06\/WhatsApp-Image-2025-06-22-at-21.06.01-2-768x432.jpeg 768w, https:\/\/www.confederaciondelcobre.cl\/wp-content\/uploads\/2025\/06\/WhatsApp-Image-2025-06-22-at-21.06.01-2.jpeg 1280w\" sizes=\"auto, (max-width: 1024px) 100vw, 1024px\" \/><\/figure>\n\n\n\n<figure class=\"wp-block-image size-large\"><img loading=\"lazy\" decoding=\"async\" width=\"576\" height=\"1024\" data-id=\"5843\" src=\"https:\/\/www.confederaciondelcobre.cl\/wp-content\/uploads\/2025\/06\/WhatsApp-Image-2025-06-22-at-21.06.01-576x1024.jpeg\" alt=\"\" class=\"wp-image-5843\" srcset=\"https:\/\/www.confederaciondelcobre.cl\/wp-content\/uploads\/2025\/06\/WhatsApp-Image-2025-06-22-at-21.06.01-576x1024.jpeg 576w, https:\/\/www.confederaciondelcobre.cl\/wp-content\/uploads\/2025\/06\/WhatsApp-Image-2025-06-22-at-21.06.01-169x300.jpeg 169w, https:\/\/www.confederaciondelcobre.cl\/wp-content\/uploads\/2025\/06\/WhatsApp-Image-2025-06-22-at-21.06.01.jpeg 720w\" sizes=\"auto, (max-width: 576px) 100vw, 576px\" \/><\/figure>\n\n\n\n<figure class=\"wp-block-image size-large\"><img loading=\"lazy\" decoding=\"async\" width=\"900\" height=\"1600\" data-id=\"5848\" src=\"https:\/\/www.confederaciondelcobre.cl\/wp-content\/uploads\/2025\/06\/WhatsApp-Image-2025-06-22-at-21.04.18-edited.jpeg\" alt=\"\" class=\"wp-image-5848\" srcset=\"https:\/\/www.confederaciondelcobre.cl\/wp-content\/uploads\/2025\/06\/WhatsApp-Image-2025-06-22-at-21.04.18-edited.jpeg 900w, https:\/\/www.confederaciondelcobre.cl\/wp-content\/uploads\/2025\/06\/WhatsApp-Image-2025-06-22-at-21.04.18-edited-169x300.jpeg 169w, https:\/\/www.confederaciondelcobre.cl\/wp-content\/uploads\/2025\/06\/WhatsApp-Image-2025-06-22-at-21.04.18-edited-576x1024.jpeg 576w, https:\/\/www.confederaciondelcobre.cl\/wp-content\/uploads\/2025\/06\/WhatsApp-Image-2025-06-22-at-21.04.18-edited-768x1365.jpeg 768w, https:\/\/www.confederaciondelcobre.cl\/wp-content\/uploads\/2025\/06\/WhatsApp-Image-2025-06-22-at-21.04.18-edited-864x1536.jpeg 864w\" sizes=\"auto, (max-width: 900px) 100vw, 900px\" \/><\/figure>\n\n\n\n<figure class=\"wp-block-image size-large\"><img loading=\"lazy\" decoding=\"async\" width=\"900\" height=\"1600\" data-id=\"5849\" src=\"https:\/\/www.confederaciondelcobre.cl\/wp-content\/uploads\/2025\/06\/WhatsApp-Image-2025-06-22-at-21.04.16-edited.jpeg\" alt=\"\" class=\"wp-image-5849\" srcset=\"https:\/\/www.confederaciondelcobre.cl\/wp-content\/uploads\/2025\/06\/WhatsApp-Image-2025-06-22-at-21.04.16-edited.jpeg 900w, https:\/\/www.confederaciondelcobre.cl\/wp-content\/uploads\/2025\/06\/WhatsApp-Image-2025-06-22-at-21.04.16-edited-169x300.jpeg 169w, https:\/\/www.confederaciondelcobre.cl\/wp-content\/uploads\/2025\/06\/WhatsApp-Image-2025-06-22-at-21.04.16-edited-576x1024.jpeg 576w, https:\/\/www.confederaciondelcobre.cl\/wp-content\/uploads\/2025\/06\/WhatsApp-Image-2025-06-22-at-21.04.16-edited-768x1365.jpeg 768w, https:\/\/www.confederaciondelcobre.cl\/wp-content\/uploads\/2025\/06\/WhatsApp-Image-2025-06-22-at-21.04.16-edited-864x1536.jpeg 864w\" sizes=\"auto, (max-width: 900px) 100vw, 900px\" \/><\/figure>\n\n\n\n<figure class=\"wp-block-image size-large\"><img loading=\"lazy\" decoding=\"async\" width=\"900\" height=\"1600\" data-id=\"5850\" src=\"https:\/\/www.confederaciondelcobre.cl\/wp-content\/uploads\/2025\/06\/WhatsApp-Image-2025-06-22-at-21.04.15-edited.jpeg\" alt=\"\" class=\"wp-image-5850\" srcset=\"https:\/\/www.confederaciondelcobre.cl\/wp-content\/uploads\/2025\/06\/WhatsApp-Image-2025-06-22-at-21.04.15-edited.jpeg 900w, https:\/\/www.confederaciondelcobre.cl\/wp-content\/uploads\/2025\/06\/WhatsApp-Image-2025-06-22-at-21.04.15-edited-169x300.jpeg 169w, https:\/\/www.confederaciondelcobre.cl\/wp-content\/uploads\/2025\/06\/WhatsApp-Image-2025-06-22-at-21.04.15-edited-576x1024.jpeg 576w, https:\/\/www.confederaciondelcobre.cl\/wp-content\/uploads\/2025\/06\/WhatsApp-Image-2025-06-22-at-21.04.15-edited-768x1365.jpeg 768w, https:\/\/www.confederaciondelcobre.cl\/wp-content\/uploads\/2025\/06\/WhatsApp-Image-2025-06-22-at-21.04.15-edited-864x1536.jpeg 864w\" sizes=\"auto, (max-width: 900px) 100vw, 900px\" \/><\/figure>\n\n\n\n<figure class=\"wp-block-image size-large\"><img loading=\"lazy\" decoding=\"async\" width=\"1024\" height=\"576\" data-id=\"5847\" src=\"https:\/\/www.confederaciondelcobre.cl\/wp-content\/uploads\/2025\/06\/WhatsApp-Image-2025-06-22-at-21.04.13-1024x576.jpeg\" alt=\"\" class=\"wp-image-5847\" srcset=\"https:\/\/www.confederaciondelcobre.cl\/wp-content\/uploads\/2025\/06\/WhatsApp-Image-2025-06-22-at-21.04.13-1024x576.jpeg 1024w, https:\/\/www.confederaciondelcobre.cl\/wp-content\/uploads\/2025\/06\/WhatsApp-Image-2025-06-22-at-21.04.13-300x169.jpeg 300w, https:\/\/www.confederaciondelcobre.cl\/wp-content\/uploads\/2025\/06\/WhatsApp-Image-2025-06-22-at-21.04.13-768x432.jpeg 768w, https:\/\/www.confederaciondelcobre.cl\/wp-content\/uploads\/2025\/06\/WhatsApp-Image-2025-06-22-at-21.04.13.jpeg 1280w\" sizes=\"auto, (max-width: 1024px) 100vw, 1024px\" \/><\/figure>\n<\/figure>\n\n\n<div class=\"wp-block-site-logo\"><a href=\"https:\/\/www.confederaciondelcobre.cl\/\" class=\"custom-logo-link\" rel=\"home\"><img loading=\"lazy\" decoding=\"async\" width=\"549\" height=\"67\" src=\"https:\/\/www.confederaciondelcobre.cl\/wp-content\/uploads\/2023\/01\/TituloWebCTC.png\" class=\"custom-logo\" alt=\"Confederaci\u00f3n de Trabajadores del Cobre &#8211; CTC\" srcset=\"https:\/\/www.confederaciondelcobre.cl\/wp-content\/uploads\/2023\/01\/TituloWebCTC.png 606w, https:\/\/www.confederaciondelcobre.cl\/wp-content\/uploads\/2023\/01\/TituloWebCTC-300x37.png 300w\" sizes=\"auto, (max-width: 549px) 100vw, 549px\" \/><\/a><\/div>","protected":false},"excerpt":{"rendered":"<p>Santiago | En una emotiva ceremonia, en la sede central en Santiago, de la Central Unitaria de Trabajadores -CUT-, se conmemoraron los 100 a\u00f1os de la matanza de La Coru\u00f1a. &hellip; <\/p>\n","protected":false},"author":2,"featured_media":5851,"comment_status":"closed","ping_status":"closed","sticky":false,"template":"","format":"standard","meta":{"jetpack_post_was_ever_published":false,"_jetpack_newsletter_access":"","_jetpack_dont_email_post_to_subs":false,"_jetpack_newsletter_tier_id":0,"_jetpack_memberships_contains_paywalled_content":false,"_jetpack_memberships_contains_paid_content":false,"footnotes":"","jetpack_publicize_message":"","jetpack_publicize_feature_enabled":true,"jetpack_social_post_already_shared":true,"jetpack_social_options":{"image_generator_settings":{"template":"highway","default_image_id":0,"enabled":false},"version":2}},"categories":[37,27,12,36,15,19],"tags":[75,48,74,86],"class_list":["post-5831","post","type-post","status-publish","format-standard","has-post-thumbnail","hentry","category-memoriactc","category-cut","category-destacados","category-el-cobre-para-chile","category-nacional","category-trabajadores","tag-conmemoracion","tag-ctc","tag-historia","tag-la-coruna"],"jetpack_publicize_connections":[],"jetpack_featured_media_url":"https:\/\/www.confederaciondelcobre.cl\/wp-content\/uploads\/2025\/06\/Plantillas-CTC-Portada-de-Facebook.png","jetpack_sharing_enabled":true,"post_mailing_queue_ids":[],"_links":{"self":[{"href":"https:\/\/www.confederaciondelcobre.cl\/index.php\/wp-json\/wp\/v2\/posts\/5831","targetHints":{"allow":["GET"]}}],"collection":[{"href":"https:\/\/www.confederaciondelcobre.cl\/index.php\/wp-json\/wp\/v2\/posts"}],"about":[{"href":"https:\/\/www.confederaciondelcobre.cl\/index.php\/wp-json\/wp\/v2\/types\/post"}],"author":[{"embeddable":true,"href":"https:\/\/www.confederaciondelcobre.cl\/index.php\/wp-json\/wp\/v2\/users\/2"}],"replies":[{"embeddable":true,"href":"https:\/\/www.confederaciondelcobre.cl\/index.php\/wp-json\/wp\/v2\/comments?post=5831"}],"version-history":[{"count":1,"href":"https:\/\/www.confederaciondelcobre.cl\/index.php\/wp-json\/wp\/v2\/posts\/5831\/revisions"}],"predecessor-version":[{"id":5853,"href":"https:\/\/www.confederaciondelcobre.cl\/index.php\/wp-json\/wp\/v2\/posts\/5831\/revisions\/5853"}],"wp:featuredmedia":[{"embeddable":true,"href":"https:\/\/www.confederaciondelcobre.cl\/index.php\/wp-json\/wp\/v2\/media\/5851"}],"wp:attachment":[{"href":"https:\/\/www.confederaciondelcobre.cl\/index.php\/wp-json\/wp\/v2\/media?parent=5831"}],"wp:term":[{"taxonomy":"category","embeddable":true,"href":"https:\/\/www.confederaciondelcobre.cl\/index.php\/wp-json\/wp\/v2\/categories?post=5831"},{"taxonomy":"post_tag","embeddable":true,"href":"https:\/\/www.confederaciondelcobre.cl\/index.php\/wp-json\/wp\/v2\/tags?post=5831"}],"curies":[{"name":"wp","href":"https:\/\/api.w.org\/{rel}","templated":true}]}}