{"id":5854,"date":"2025-06-30T14:37:23","date_gmt":"2025-06-30T18:37:23","guid":{"rendered":"https:\/\/www.confederaciondelcobre.cl\/?p=5854"},"modified":"2025-06-30T14:37:24","modified_gmt":"2025-06-30T18:37:24","slug":"sindicato-almar-water-rechaza-ultima-oferta-de-la-empresa","status":"publish","type":"post","link":"https:\/\/www.confederaciondelcobre.cl\/index.php\/2025\/06\/30\/sindicato-almar-water-rechaza-ultima-oferta-de-la-empresa\/","title":{"rendered":"Sindicato Almar Water Rechaza \u00faltima oferta de la empresa."},"content":{"rendered":"\n<p><br><\/p>\n\n\n\n<p>RANCAGUA | El Sindicato de la empresa Almar Water, que se constituy\u00f3 bajo el alero de FETRATEC se encuentra en negociaci\u00f3n colectiva, sin embargo, \u00e9sta aun no prospera. La Empresa Almar Water Servicios Latam S.A., que tiene contrato en Codelco Chile Divisi\u00f3n el Teniente, no ha presentado una propuesta que alcance las expectativas del sindicato y sus socios. La empresa insiste en instalar acuerdos parcializados apuntando a futuras licitaciones, por lo que el sindicato rechaz\u00f3 la ultima oferta.<\/p>\n\n\n\n<p><br>Los trabajadores y trabajadoras seguir\u00e1n con los procesos correspondientes para alcanzar una oferta que sea beneficiosa, y que cumpla con las demandas y expectativas de mejor\u00edas que lleven a un trabajo decente para todos y todas.<\/p>\n\n\n\n<p>Estamos atentos y vigilantes.<\/p>\n\n\n\n<p><\/p>\n\n\n<div class=\"wp-block-site-logo\"><a href=\"https:\/\/www.confederaciondelcobre.cl\/\" class=\"custom-logo-link\" rel=\"home\"><img loading=\"lazy\" decoding=\"async\" width=\"683\" height=\"83\" src=\"https:\/\/www.confederaciondelcobre.cl\/wp-content\/uploads\/2023\/01\/TituloWebCTC.png\" class=\"custom-logo\" alt=\"Confederaci\u00f3n de Trabajadores del Cobre &#8211; CTC\" srcset=\"https:\/\/www.confederaciondelcobre.cl\/wp-content\/uploads\/2023\/01\/TituloWebCTC.png 606w, https:\/\/www.confederaciondelcobre.cl\/wp-content\/uploads\/2023\/01\/TituloWebCTC-300x37.png 300w\" sizes=\"auto, (max-width: 683px) 100vw, 683px\" \/><\/a><\/div>\n\n\n<p><br><\/p>\n","protected":false},"excerpt":{"rendered":"<p>RANCAGUA | El Sindicato de la empresa Almar Water, que se constituy\u00f3 bajo el alero de FETRATEC se encuentra en negociaci\u00f3n colectiva, sin embargo, \u00e9sta aun no prospera. La Empresa &hellip; <\/p>\n","protected":false},"author":2,"featured_media":5855,"comment_status":"closed","ping_status":"closed","sticky":false,"template":"","format":"standard","meta":{"jetpack_post_was_ever_published":false,"_jetpack_newsletter_access":"","_jetpack_dont_email_post_to_subs":false,"_jetpack_newsletter_tier_id":0,"_jetpack_memberships_contains_paywalled_content":false,"_jetpack_memberships_contains_paid_content":false,"footnotes":"","jetpack_publicize_message":"","jetpack_publicize_feature_enabled":true,"jetpack_social_post_already_shared":true,"jetpack_social_options":{"image_generator_settings":{"template":"highway","default_image_id":0,"enabled":false},"version":2}},"categories":[9,21,31,20,39],"tags":[],"class_list":["post-5854","post","type-post","status-publish","format-standard","has-post-thumbnail","hentry","category-confederacion","category-federaciones","category-fetratec","category-negociacion-colectiva","category-sindicatos"],"jetpack_publicize_connections":[],"jetpack_featured_media_url":"https:\/\/www.confederaciondelcobre.cl\/wp-content\/uploads\/2025\/06\/WhatsApp-Image-2025-06-27-at-11.26.47.jpeg","jetpack_sharing_enabled":true,"post_mailing_queue_ids":[],"_links":{"self":[{"href":"https:\/\/www.confederaciondelcobre.cl\/index.php\/wp-json\/wp\/v2\/posts\/5854","targetHints":{"allow":["GET"]}}],"collection":[{"href":"https:\/\/www.confederaciondelcobre.cl\/index.php\/wp-json\/wp\/v2\/posts"}],"about":[{"href":"https:\/\/www.confederaciondelcobre.cl\/index.php\/wp-json\/wp\/v2\/types\/post"}],"author":[{"embeddable":true,"href":"https:\/\/www.confederaciondelcobre.cl\/index.php\/wp-json\/wp\/v2\/users\/2"}],"replies":[{"embeddable":true,"href":"https:\/\/www.confederaciondelcobre.cl\/index.php\/wp-json\/wp\/v2\/comments?post=5854"}],"version-history":[{"count":1,"href":"https:\/\/www.confederaciondelcobre.cl\/index.php\/wp-json\/wp\/v2\/posts\/5854\/revisions"}],"predecessor-version":[{"id":5856,"href":"https:\/\/www.confederaciondelcobre.cl\/index.php\/wp-json\/wp\/v2\/posts\/5854\/revisions\/5856"}],"wp:featuredmedia":[{"embeddable":true,"href":"https:\/\/www.confederaciondelcobre.cl\/index.php\/wp-json\/wp\/v2\/media\/5855"}],"wp:attachment":[{"href":"https:\/\/www.confederaciondelcobre.cl\/index.php\/wp-json\/wp\/v2\/media?parent=5854"}],"wp:term":[{"taxonomy":"category","embeddable":true,"href":"https:\/\/www.confederaciondelcobre.cl\/index.php\/wp-json\/wp\/v2\/categories?post=5854"},{"taxonomy":"post_tag","embeddable":true,"href":"https:\/\/www.confederaciondelcobre.cl\/index.php\/wp-json\/wp\/v2\/tags?post=5854"}],"curies":[{"name":"wp","href":"https:\/\/api.w.org\/{rel}","templated":true}]}}