{"id":5877,"date":"2025-07-10T13:38:45","date_gmt":"2025-07-10T17:38:45","guid":{"rendered":"https:\/\/www.confederaciondelcobre.cl\/?p=5877"},"modified":"2025-07-10T18:40:43","modified_gmt":"2025-07-10T22:40:43","slug":"sindicato-almar-water-cierra-exitosa-negociacion-colectiva","status":"publish","type":"post","link":"https:\/\/www.confederaciondelcobre.cl\/index.php\/2025\/07\/10\/sindicato-almar-water-cierra-exitosa-negociacion-colectiva\/","title":{"rendered":"Sindicato Almar Water, cierra exitosa Negociacion Colectiva"},"content":{"rendered":"\n<p>El Sindicato de la empresa <strong>Almar Water<\/strong>, que se constituy\u00f3 bajo el alero de la Federaci\u00f3n de Trabajadores Territorial del Cobre (Fetratec), brazo org\u00e1nico de la Confederaci\u00f3n de Trabajadores del Cobre, cerr\u00f3 exitosamente su negociaci\u00f3n colectiva.<\/p>\n\n\n\n<p>El dia de ayer, fue firmado el contrato colectivo entre los trabajadores y la empresa, que marca el t\u00e9rmino de este proceso, y que pasa a ser la primera conquista del Sindicato, el que ha sido ampliamente valorado por sus trabajadores, ya que destacan la uni\u00f3n de todos para lograr importantes mejoras.<\/p>\n\n\n\n<p>Luis Marchant, presidente de <strong>FETRATEC<\/strong> indic\u00f3 que <em>&#8220;nos sentimos satisfechos de todo este proceso y tambi\u00e9n resaltamos siempre la disposici\u00f3n de la empresa, en cerrar un buen proceso de negociaci\u00f3n, ya que esto permite que los trabajadores crezcan junto con la empresa&#8221;<\/em>. Tambi\u00e9n destaco que <em>&#8220;el trabajo del  sindicato junto a la Federaci\u00f3n, fortalece a\u00fan m\u00e1s sus organizaciones, a la vez que afianza y avanzan en asuntos relativos a condiciones de salud y seguridad en el trabajo, como tambi\u00e9n mejoras sociales y salariales.&#8221;<\/em><\/p>\n\n\n\n<p>Entre las conquistas se logr\u00f3 Titularidad sindical, Incremento real al sueldo base, Reajustabilidad, Bono de termino de conflicto, Beneficios sociales, Entre otros. <\/p>\n\n\n\n<p>Estos logros son posibles debidos al compromiso, la uni\u00f3n y el trabajo entre el sindicato y la asesor\u00eda de la CTC, que permanentemente refuerzan el sentido de la b\u00fasqueda de las mejor\u00edas y la dignidad del trabajo de quienes son los m\u00e1s precarizados, los trabajadores subcontratados.<br><\/p>\n\n\n\n<figure class=\"wp-block-image size-large\"><img loading=\"lazy\" decoding=\"async\" width=\"1024\" height=\"461\" src=\"https:\/\/www.confederaciondelcobre.cl\/wp-content\/uploads\/2025\/07\/WhatsApp-Image-2025-07-08-at-11.40.39-1024x461.jpeg\" alt=\"\" class=\"wp-image-5890\" srcset=\"https:\/\/www.confederaciondelcobre.cl\/wp-content\/uploads\/2025\/07\/WhatsApp-Image-2025-07-08-at-11.40.39-1024x461.jpeg 1024w, https:\/\/www.confederaciondelcobre.cl\/wp-content\/uploads\/2025\/07\/WhatsApp-Image-2025-07-08-at-11.40.39-300x135.jpeg 300w, https:\/\/www.confederaciondelcobre.cl\/wp-content\/uploads\/2025\/07\/WhatsApp-Image-2025-07-08-at-11.40.39-768x346.jpeg 768w, https:\/\/www.confederaciondelcobre.cl\/wp-content\/uploads\/2025\/07\/WhatsApp-Image-2025-07-08-at-11.40.39-1536x691.jpeg 1536w, https:\/\/www.confederaciondelcobre.cl\/wp-content\/uploads\/2025\/07\/WhatsApp-Image-2025-07-08-at-11.40.39.jpeg 1600w\" sizes=\"auto, (max-width: 1024px) 100vw, 1024px\" \/><\/figure>\n\n\n<div class=\"wp-block-site-logo\"><a href=\"https:\/\/www.confederaciondelcobre.cl\/\" class=\"custom-logo-link\" rel=\"home\"><img loading=\"lazy\" decoding=\"async\" width=\"509\" height=\"62\" src=\"https:\/\/www.confederaciondelcobre.cl\/wp-content\/uploads\/2023\/01\/TituloWebCTC.png\" class=\"custom-logo\" alt=\"Confederaci\u00f3n de Trabajadores del Cobre &#8211; CTC\" srcset=\"https:\/\/www.confederaciondelcobre.cl\/wp-content\/uploads\/2023\/01\/TituloWebCTC.png 606w, https:\/\/www.confederaciondelcobre.cl\/wp-content\/uploads\/2023\/01\/TituloWebCTC-300x37.png 300w\" sizes=\"auto, (max-width: 509px) 100vw, 509px\" \/><\/a><\/div>\n\n\n<p><\/p>\n","protected":false},"excerpt":{"rendered":"<p>El Sindicato de la empresa Almar Water, que se constituy\u00f3 bajo el alero de la Federaci\u00f3n de Trabajadores Territorial del Cobre (Fetratec), brazo org\u00e1nico de la Confederaci\u00f3n de Trabajadores del &hellip; <\/p>\n","protected":false},"author":2,"featured_media":5891,"comment_status":"closed","ping_status":"closed","sticky":false,"template":"","format":"standard","meta":{"jetpack_post_was_ever_published":false,"_jetpack_newsletter_access":"","_jetpack_dont_email_post_to_subs":false,"_jetpack_newsletter_tier_id":0,"_jetpack_memberships_contains_paywalled_content":false,"_jetpack_memberships_contains_paid_content":false,"footnotes":"","jetpack_publicize_message":"","jetpack_publicize_feature_enabled":true,"jetpack_social_post_already_shared":true,"jetpack_social_options":{"image_generator_settings":{"template":"highway","default_image_id":0,"enabled":false},"version":2}},"categories":[9,31,20],"tags":[48,44,67],"class_list":["post-5877","post","type-post","status-publish","format-standard","has-post-thumbnail","hentry","category-confederacion","category-fetratec","category-negociacion-colectiva","tag-ctc","tag-sindicato","tag-trabajadores"],"jetpack_publicize_connections":[],"jetpack_featured_media_url":"https:\/\/www.confederaciondelcobre.cl\/wp-content\/uploads\/2025\/07\/WhatsApp-Image-2025-07-09-at-16.55.07.jpeg","jetpack_sharing_enabled":true,"post_mailing_queue_ids":[],"_links":{"self":[{"href":"https:\/\/www.confederaciondelcobre.cl\/index.php\/wp-json\/wp\/v2\/posts\/5877","targetHints":{"allow":["GET"]}}],"collection":[{"href":"https:\/\/www.confederaciondelcobre.cl\/index.php\/wp-json\/wp\/v2\/posts"}],"about":[{"href":"https:\/\/www.confederaciondelcobre.cl\/index.php\/wp-json\/wp\/v2\/types\/post"}],"author":[{"embeddable":true,"href":"https:\/\/www.confederaciondelcobre.cl\/index.php\/wp-json\/wp\/v2\/users\/2"}],"replies":[{"embeddable":true,"href":"https:\/\/www.confederaciondelcobre.cl\/index.php\/wp-json\/wp\/v2\/comments?post=5877"}],"version-history":[{"count":1,"href":"https:\/\/www.confederaciondelcobre.cl\/index.php\/wp-json\/wp\/v2\/posts\/5877\/revisions"}],"predecessor-version":[{"id":5892,"href":"https:\/\/www.confederaciondelcobre.cl\/index.php\/wp-json\/wp\/v2\/posts\/5877\/revisions\/5892"}],"wp:featuredmedia":[{"embeddable":true,"href":"https:\/\/www.confederaciondelcobre.cl\/index.php\/wp-json\/wp\/v2\/media\/5891"}],"wp:attachment":[{"href":"https:\/\/www.confederaciondelcobre.cl\/index.php\/wp-json\/wp\/v2\/media?parent=5877"}],"wp:term":[{"taxonomy":"category","embeddable":true,"href":"https:\/\/www.confederaciondelcobre.cl\/index.php\/wp-json\/wp\/v2\/categories?post=5877"},{"taxonomy":"post_tag","embeddable":true,"href":"https:\/\/www.confederaciondelcobre.cl\/index.php\/wp-json\/wp\/v2\/tags?post=5877"}],"curies":[{"name":"wp","href":"https:\/\/api.w.org\/{rel}","templated":true}]}}