{"id":5879,"date":"2025-07-09T15:04:04","date_gmt":"2025-07-09T19:04:04","guid":{"rendered":"https:\/\/www.confederaciondelcobre.cl\/?p=5879"},"modified":"2025-07-09T15:10:24","modified_gmt":"2025-07-09T19:10:24","slug":"10-de-julio-fesal-realizara-asamblea-ampliada-de-trabajadores","status":"publish","type":"post","link":"https:\/\/www.confederaciondelcobre.cl\/index.php\/2025\/07\/09\/10-de-julio-fesal-realizara-asamblea-ampliada-de-trabajadores\/","title":{"rendered":"FESAL Y CTC Convocan a Asamblea Ampliada en El Salvador\u00a0"},"content":{"rendered":"\n<p><\/p>\n\n\n\n<p>Este 10 de julio la Federaci\u00f3n de Sindicatos Divisi\u00f3n El Salvador invita a todas y todos los trabajadores a una Asamblea Ampliada que impartir\u00e1 en la sede de la Confederaci\u00f3n de Trabajadores del Cobre en El Salvador ubicada en calle Atacama 105 a las 20:30 hrs.<\/p>\n\n\n\n<p>Abordaremos y revisaremos los desaf\u00edos actuales de los trabajadores para trazar las l\u00edneas de acci\u00f3n que permitan fortalecer la defensa de los derechos laborales y el desarrollo de la industria del cobre.<\/p>\n\n\n\n<figure class=\"wp-block-image size-full\"><img loading=\"lazy\" decoding=\"async\" width=\"737\" height=\"633\" src=\"https:\/\/www.confederaciondelcobre.cl\/wp-content\/uploads\/2025\/07\/WhatsApp-Image-2025-07-09-at-12.45.33.jpeg\" alt=\"\" class=\"wp-image-5881\" srcset=\"https:\/\/www.confederaciondelcobre.cl\/wp-content\/uploads\/2025\/07\/WhatsApp-Image-2025-07-09-at-12.45.33.jpeg 737w, https:\/\/www.confederaciondelcobre.cl\/wp-content\/uploads\/2025\/07\/WhatsApp-Image-2025-07-09-at-12.45.33-300x258.jpeg 300w\" sizes=\"auto, (max-width: 737px) 100vw, 737px\" \/><\/figure>\n","protected":false},"excerpt":{"rendered":"<p>Este 10 de julio la Federaci\u00f3n de Sindicatos Divisi\u00f3n El Salvador invita a todas y todos los trabajadores a una Asamblea Ampliada que impartir\u00e1 en la sede de la Confederaci\u00f3n &hellip; <\/p>\n","protected":false},"author":2,"featured_media":5880,"comment_status":"closed","ping_status":"closed","sticky":false,"template":"","format":"standard","meta":{"jetpack_post_was_ever_published":false,"_jetpack_newsletter_access":"","_jetpack_dont_email_post_to_subs":false,"_jetpack_newsletter_tier_id":0,"_jetpack_memberships_contains_paywalled_content":false,"_jetpack_memberships_contains_paid_content":false,"footnotes":"","jetpack_publicize_message":"","jetpack_publicize_feature_enabled":true,"jetpack_social_post_already_shared":true,"jetpack_social_options":{"image_generator_settings":{"template":"highway","default_image_id":0,"enabled":false},"version":2}},"categories":[5,87,19],"tags":[89,48],"class_list":["post-5879","post","type-post","status-publish","format-standard","has-post-thumbnail","hentry","category-acuerdo-marco","category-asamblea-ampliada","category-trabajadores","tag-asamblea-ampliada","tag-ctc"],"jetpack_publicize_connections":[],"jetpack_featured_media_url":"https:\/\/www.confederaciondelcobre.cl\/wp-content\/uploads\/2025\/07\/Asamblea-Ampliada-en-El-Salvador.png","jetpack_sharing_enabled":true,"post_mailing_queue_ids":[],"_links":{"self":[{"href":"https:\/\/www.confederaciondelcobre.cl\/index.php\/wp-json\/wp\/v2\/posts\/5879","targetHints":{"allow":["GET"]}}],"collection":[{"href":"https:\/\/www.confederaciondelcobre.cl\/index.php\/wp-json\/wp\/v2\/posts"}],"about":[{"href":"https:\/\/www.confederaciondelcobre.cl\/index.php\/wp-json\/wp\/v2\/types\/post"}],"author":[{"embeddable":true,"href":"https:\/\/www.confederaciondelcobre.cl\/index.php\/wp-json\/wp\/v2\/users\/2"}],"replies":[{"embeddable":true,"href":"https:\/\/www.confederaciondelcobre.cl\/index.php\/wp-json\/wp\/v2\/comments?post=5879"}],"version-history":[{"count":2,"href":"https:\/\/www.confederaciondelcobre.cl\/index.php\/wp-json\/wp\/v2\/posts\/5879\/revisions"}],"predecessor-version":[{"id":5883,"href":"https:\/\/www.confederaciondelcobre.cl\/index.php\/wp-json\/wp\/v2\/posts\/5879\/revisions\/5883"}],"wp:featuredmedia":[{"embeddable":true,"href":"https:\/\/www.confederaciondelcobre.cl\/index.php\/wp-json\/wp\/v2\/media\/5880"}],"wp:attachment":[{"href":"https:\/\/www.confederaciondelcobre.cl\/index.php\/wp-json\/wp\/v2\/media?parent=5879"}],"wp:term":[{"taxonomy":"category","embeddable":true,"href":"https:\/\/www.confederaciondelcobre.cl\/index.php\/wp-json\/wp\/v2\/categories?post=5879"},{"taxonomy":"post_tag","embeddable":true,"href":"https:\/\/www.confederaciondelcobre.cl\/index.php\/wp-json\/wp\/v2\/tags?post=5879"}],"curies":[{"name":"wp","href":"https:\/\/api.w.org\/{rel}","templated":true}]}}