{"id":5893,"date":"2025-07-14T18:59:25","date_gmt":"2025-07-14T22:59:25","guid":{"rendered":"https:\/\/www.confederaciondelcobre.cl\/?p=5893"},"modified":"2025-07-14T18:59:28","modified_gmt":"2025-07-14T22:59:28","slug":"negociacion-colectiva-de-sindicato-p-u-i-c-enfrentaria-eventual-huelga","status":"publish","type":"post","link":"https:\/\/www.confederaciondelcobre.cl\/index.php\/2025\/07\/14\/negociacion-colectiva-de-sindicato-p-u-i-c-enfrentaria-eventual-huelga\/","title":{"rendered":"Negociaci\u00f3n Colectiva de Sindicato P.U.I.C. enfrentar\u00eda eventual huelga"},"content":{"rendered":"\n<p>El sindicato P.U.I.C. de Los Andes se encuentra en Negociaci\u00f3n Colectiva desde hace algunos meses, sin embargo, ha sido infructuosa y no ha tenido avances reales para las y los trabajadores subcontratistas que desempe\u00f1an labores ferroviarias, lo que ha generado una compleja situaci\u00f3n en la divisi\u00f3n andina, en donde, por la falta de voluntad de la empresa se estar\u00eda frente a una inminente huelga, que incluso podr\u00eda exponer la seguridad de la ciudadan\u00eda local por la falta de mantenci\u00f3n ferroviaria.&nbsp;<\/p>\n\n\n\n<p>Esta empresa presta servicios desde el a\u00f1o 2016 a la contratista FEPASA, en este periodo solo ha negociado una vez con sus trabajadores organizados, por lo que estos ven absolutamente necesario un acuerdo que contemple la revisi\u00f3n de los beneficios vistos hace 9 a\u00f1os atr\u00e1s, y qu\u00e9 considere mejoras para todas y todos los trabajadores contratistas, quienes han buscado las instancias de di\u00e1logo agrupados en FETRAMAC, quienes son el brazo org\u00e1nico de la Confederaci\u00f3n de Trabajadores del Cobre -CTC-.<\/p>\n\n\n<div class=\"wp-block-image\">\n<figure class=\"aligncenter size-large is-resized\"><img loading=\"lazy\" decoding=\"async\" width=\"819\" height=\"1024\" src=\"https:\/\/www.confederaciondelcobre.cl\/wp-content\/uploads\/2025\/07\/Plantillas-CTC-1080-x-1350-px-10-819x1024.png\" alt=\"\" class=\"wp-image-5895\" style=\"width:310px;height:auto\" srcset=\"https:\/\/www.confederaciondelcobre.cl\/wp-content\/uploads\/2025\/07\/Plantillas-CTC-1080-x-1350-px-10-819x1024.png 819w, https:\/\/www.confederaciondelcobre.cl\/wp-content\/uploads\/2025\/07\/Plantillas-CTC-1080-x-1350-px-10-240x300.png 240w, https:\/\/www.confederaciondelcobre.cl\/wp-content\/uploads\/2025\/07\/Plantillas-CTC-1080-x-1350-px-10-768x960.png 768w, https:\/\/www.confederaciondelcobre.cl\/wp-content\/uploads\/2025\/07\/Plantillas-CTC-1080-x-1350-px-10.png 1080w\" sizes=\"auto, (max-width: 819px) 100vw, 819px\" \/><\/figure><\/div>\n\n<div class=\"wp-block-site-logo\"><a href=\"https:\/\/www.confederaciondelcobre.cl\/\" class=\"custom-logo-link\" rel=\"home\"><img loading=\"lazy\" decoding=\"async\" width=\"653\" height=\"79\" src=\"https:\/\/www.confederaciondelcobre.cl\/wp-content\/uploads\/2023\/01\/TituloWebCTC.png\" class=\"custom-logo\" alt=\"Confederaci\u00f3n de Trabajadores del Cobre &#8211; CTC\" srcset=\"https:\/\/www.confederaciondelcobre.cl\/wp-content\/uploads\/2023\/01\/TituloWebCTC.png 606w, https:\/\/www.confederaciondelcobre.cl\/wp-content\/uploads\/2023\/01\/TituloWebCTC-300x37.png 300w\" sizes=\"auto, (max-width: 653px) 100vw, 653px\" \/><\/a><\/div>\n\n\n<p><\/p>\n","protected":false},"excerpt":{"rendered":"<p>El sindicato P.U.I.C. de Los Andes se encuentra en Negociaci\u00f3n Colectiva desde hace algunos meses, sin embargo, ha sido infructuosa y no ha tenido avances reales para las y los &hellip; <\/p>\n","protected":false},"author":2,"featured_media":5894,"comment_status":"closed","ping_status":"closed","sticky":false,"template":"","format":"standard","meta":{"jetpack_post_was_ever_published":false,"_jetpack_newsletter_access":"","_jetpack_dont_email_post_to_subs":false,"_jetpack_newsletter_tier_id":0,"_jetpack_memberships_contains_paywalled_content":false,"_jetpack_memberships_contains_paid_content":false,"footnotes":"","jetpack_publicize_message":"","jetpack_publicize_feature_enabled":true,"jetpack_social_post_already_shared":true,"jetpack_social_options":{"image_generator_settings":{"template":"highway","default_image_id":0,"enabled":false},"version":2}},"categories":[9],"tags":[],"class_list":["post-5893","post","type-post","status-publish","format-standard","has-post-thumbnail","hentry","category-confederacion"],"jetpack_publicize_connections":[],"jetpack_featured_media_url":"https:\/\/www.confederaciondelcobre.cl\/wp-content\/uploads\/2025\/07\/WhatsApp-Image-2025-07-14-at-16.29.45.jpeg","jetpack_sharing_enabled":true,"post_mailing_queue_ids":[],"_links":{"self":[{"href":"https:\/\/www.confederaciondelcobre.cl\/index.php\/wp-json\/wp\/v2\/posts\/5893","targetHints":{"allow":["GET"]}}],"collection":[{"href":"https:\/\/www.confederaciondelcobre.cl\/index.php\/wp-json\/wp\/v2\/posts"}],"about":[{"href":"https:\/\/www.confederaciondelcobre.cl\/index.php\/wp-json\/wp\/v2\/types\/post"}],"author":[{"embeddable":true,"href":"https:\/\/www.confederaciondelcobre.cl\/index.php\/wp-json\/wp\/v2\/users\/2"}],"replies":[{"embeddable":true,"href":"https:\/\/www.confederaciondelcobre.cl\/index.php\/wp-json\/wp\/v2\/comments?post=5893"}],"version-history":[{"count":1,"href":"https:\/\/www.confederaciondelcobre.cl\/index.php\/wp-json\/wp\/v2\/posts\/5893\/revisions"}],"predecessor-version":[{"id":5896,"href":"https:\/\/www.confederaciondelcobre.cl\/index.php\/wp-json\/wp\/v2\/posts\/5893\/revisions\/5896"}],"wp:featuredmedia":[{"embeddable":true,"href":"https:\/\/www.confederaciondelcobre.cl\/index.php\/wp-json\/wp\/v2\/media\/5894"}],"wp:attachment":[{"href":"https:\/\/www.confederaciondelcobre.cl\/index.php\/wp-json\/wp\/v2\/media?parent=5893"}],"wp:term":[{"taxonomy":"category","embeddable":true,"href":"https:\/\/www.confederaciondelcobre.cl\/index.php\/wp-json\/wp\/v2\/categories?post=5893"},{"taxonomy":"post_tag","embeddable":true,"href":"https:\/\/www.confederaciondelcobre.cl\/index.php\/wp-json\/wp\/v2\/tags?post=5893"}],"curies":[{"name":"wp","href":"https:\/\/api.w.org\/{rel}","templated":true}]}}