{"id":5906,"date":"2025-07-17T11:08:04","date_gmt":"2025-07-17T15:08:04","guid":{"rendered":"https:\/\/www.confederaciondelcobre.cl\/?p=5906"},"modified":"2025-07-17T11:08:08","modified_gmt":"2025-07-17T15:08:08","slug":"ctc-realiza-segunda-asamblea-ampliada-en-el-salvador","status":"publish","type":"post","link":"https:\/\/www.confederaciondelcobre.cl\/index.php\/2025\/07\/17\/ctc-realiza-segunda-asamblea-ampliada-en-el-salvador\/","title":{"rendered":"CTC realiza segunda Asamblea Ampliada en  El Salvador"},"content":{"rendered":"\n<p><\/p>\n\n\n\n<p>El Salvador | El pasado jueves 10 de julio, la Federaci\u00f3n de Sindicatos de El Salvador -FESAL- realiz\u00f3 en la sede de la Confederaci\u00f3n de Trabajadores del Cobre su segunda Asamblea Ampliada que convoc\u00f3 a trabajadoras y trabajadores de diversos sindicatos. El objetivo fue claro, evaluar los alcances y revisar el estado de cumplimiento del Acuerdo Marco desde la visi\u00f3n de las bases y&nbsp;las&nbsp;trabajadores&nbsp;y trabajadores, Acuerdo&nbsp;que se&nbsp;conquist\u00f3&nbsp;en 2007 junto a AGEMA y CODELCO, y que fue renovado en noviembre 2022 manteni\u00e9ndose vigente.&nbsp;<\/p>\n\n\n\n<p>El exitoso encuentro tuvo una numerosa asistencia y tuvo una activa participaci\u00f3n de todos, quienes escucharon y debatieron el estado de cumplimiento real del Acuerdo Marco, y en particular,&nbsp;del estado de impacto de los beneficios que&nbsp;este&nbsp;otorga en cada uno de los trabajadores y trabajadoras del subcontrato. lo que permite detectar las nuevas necesidades de nuestros afiliados.<\/p>\n\n\n\n<p>Esta asamblea fue encabezada por la presidenta de la CTC y de la Federaci\u00f3n de Sindicatos de El Salvador Ana Lamas Aguirre, quien entreg\u00f3 los elementos de la situaci\u00f3n actual y los temas que preocupan a las dirigencias. Tambi\u00e9n contamos con la visita de Pablo Zenteno, Director del Trabajo del Ministerio del Trabajo y Previsi\u00f3n Social, quien nos explic\u00f3 los \u00faltimos dict\u00e1menes que fortalecen la negociaci\u00f3n Colectiva. En el encuentro tambi\u00e9n se cont\u00f3 con la presencia de los directores nacionales de la CTC, Patricio Roco, Jedry Veliz, Daniel C\u00e1ceres y Stephanie Gonz\u00e1lez, presidenta de FESAMAV.<\/p>\n\n\n\n<p><strong>\u00bfQu\u00e9&nbsp;es el Acuerdo Marco?<\/strong><\/p>\n\n\n\n<p>Es considerada en la pr\u00e1ctica, y luego de d\u00e9cadas en nuestro pa\u00eds, como&nbsp;<strong>la primera experiencia de Negociaci\u00f3n Ramal del sector privado<\/strong>. El Acuerdo Marco&nbsp;suscrito&nbsp;entre la CTC, AGEMA y CODELCO,&nbsp;<strong>establece condiciones m\u00ednimas a las que est\u00e1n sujetas las empresas contratistas y subcontratistas que prestan servicios a CODELCO<\/strong>, respecto de sus trabajadoras y trabajadores.<\/p>\n\n\n\n<p><strong>El Acuerdo Marco es altamente reconocido y valorado<\/strong>&nbsp;por trabajadoras, trabajadores y empresas, tanto contratistas como subcontratistas, as\u00ed como tambi\u00e9n&nbsp;la propia mandante CODELCO.&nbsp;<strong>Es por tanto,&nbsp;una clara comprobaci\u00f3n&nbsp;de que la Negociaci\u00f3n Ramal o Multinivel en nuestro pa\u00eds no solo&nbsp;es necesaria, sino que tambi\u00e9n&nbsp;es posible.<\/strong><\/p>\n\n\n\n<p>Como&nbsp;<strong>Confederaci\u00f3n de Trabajadores del Cobre<\/strong>, organizaci\u00f3n pol\u00edtico sindical, nos enorgullecen estos encuentros, porque nos permiten ampliar&nbsp;y profundizar nuestra&nbsp;unidad. Es&nbsp;por eso&nbsp;que&nbsp;seguimos llevando la bandera en la defensa de los derechos de todas y todos los trabajadores del subcontrato, reafirmando siempre&nbsp;nuestra inquebrantable convicci\u00f3n del Trabajo Decente como objetivo estrat\u00e9gico, y con el firme compromiso de avanzar en una sostenida mejor\u00eda en la calidad de vida de quienes nos acompa\u00f1an, enfrentando siempre las dificultades qu\u00e9 el modelo econ\u00f3mico y la cultura empresarial nos impone.<\/p>\n\n\n\n<p><strong>La CTC, Siempre Unida.<\/strong><\/p>\n\n\n\n<p><strong>\u00a1Arriba los qu\u00e9&nbsp;luchan y no se rinden jam\u00e1s!<\/strong><strong><\/strong><\/p>\n\n\n\n<figure class=\"wp-block-gallery has-nested-images columns-default is-cropped wp-block-gallery-1 is-layout-flex wp-block-gallery-is-layout-flex\">\n<figure class=\"wp-block-image size-large\"><img loading=\"lazy\" decoding=\"async\" width=\"1024\" height=\"768\" data-id=\"5912\" src=\"https:\/\/www.confederaciondelcobre.cl\/wp-content\/uploads\/2025\/07\/WhatsApp-Image-2025-07-14-at-13.13.03-1-1024x768.jpeg\" alt=\"\" class=\"wp-image-5912\" srcset=\"https:\/\/www.confederaciondelcobre.cl\/wp-content\/uploads\/2025\/07\/WhatsApp-Image-2025-07-14-at-13.13.03-1-1024x768.jpeg 1024w, https:\/\/www.confederaciondelcobre.cl\/wp-content\/uploads\/2025\/07\/WhatsApp-Image-2025-07-14-at-13.13.03-1-300x225.jpeg 300w, https:\/\/www.confederaciondelcobre.cl\/wp-content\/uploads\/2025\/07\/WhatsApp-Image-2025-07-14-at-13.13.03-1-768x576.jpeg 768w, https:\/\/www.confederaciondelcobre.cl\/wp-content\/uploads\/2025\/07\/WhatsApp-Image-2025-07-14-at-13.13.03-1-1536x1152.jpeg 1536w, https:\/\/www.confederaciondelcobre.cl\/wp-content\/uploads\/2025\/07\/WhatsApp-Image-2025-07-14-at-13.13.03-1.jpeg 1600w\" sizes=\"auto, (max-width: 1024px) 100vw, 1024px\" \/><\/figure>\n\n\n\n<figure class=\"wp-block-image size-large\"><img loading=\"lazy\" decoding=\"async\" width=\"1024\" height=\"768\" data-id=\"5913\" src=\"https:\/\/www.confederaciondelcobre.cl\/wp-content\/uploads\/2025\/07\/WhatsApp-Image-2025-07-12-at-18.52.35-1-1024x768.jpeg\" alt=\"\" class=\"wp-image-5913\" srcset=\"https:\/\/www.confederaciondelcobre.cl\/wp-content\/uploads\/2025\/07\/WhatsApp-Image-2025-07-12-at-18.52.35-1-1024x768.jpeg 1024w, https:\/\/www.confederaciondelcobre.cl\/wp-content\/uploads\/2025\/07\/WhatsApp-Image-2025-07-12-at-18.52.35-1-300x225.jpeg 300w, https:\/\/www.confederaciondelcobre.cl\/wp-content\/uploads\/2025\/07\/WhatsApp-Image-2025-07-12-at-18.52.35-1-768x576.jpeg 768w, https:\/\/www.confederaciondelcobre.cl\/wp-content\/uploads\/2025\/07\/WhatsApp-Image-2025-07-12-at-18.52.35-1-1536x1152.jpeg 1536w, https:\/\/www.confederaciondelcobre.cl\/wp-content\/uploads\/2025\/07\/WhatsApp-Image-2025-07-12-at-18.52.35-1.jpeg 1600w\" sizes=\"auto, (max-width: 1024px) 100vw, 1024px\" \/><\/figure>\n\n\n\n<figure class=\"wp-block-image size-large\"><img loading=\"lazy\" decoding=\"async\" width=\"1024\" height=\"768\" data-id=\"5914\" src=\"https:\/\/www.confederaciondelcobre.cl\/wp-content\/uploads\/2025\/07\/WhatsApp-Image-2025-07-12-at-18.56.23-2-1-1024x768.jpeg\" alt=\"\" class=\"wp-image-5914\" srcset=\"https:\/\/www.confederaciondelcobre.cl\/wp-content\/uploads\/2025\/07\/WhatsApp-Image-2025-07-12-at-18.56.23-2-1-1024x768.jpeg 1024w, https:\/\/www.confederaciondelcobre.cl\/wp-content\/uploads\/2025\/07\/WhatsApp-Image-2025-07-12-at-18.56.23-2-1-300x225.jpeg 300w, https:\/\/www.confederaciondelcobre.cl\/wp-content\/uploads\/2025\/07\/WhatsApp-Image-2025-07-12-at-18.56.23-2-1-768x576.jpeg 768w, https:\/\/www.confederaciondelcobre.cl\/wp-content\/uploads\/2025\/07\/WhatsApp-Image-2025-07-12-at-18.56.23-2-1-1536x1152.jpeg 1536w, https:\/\/www.confederaciondelcobre.cl\/wp-content\/uploads\/2025\/07\/WhatsApp-Image-2025-07-12-at-18.56.23-2-1.jpeg 1600w\" sizes=\"auto, (max-width: 1024px) 100vw, 1024px\" \/><\/figure>\n\n\n\n<figure class=\"wp-block-image size-large\"><img loading=\"lazy\" decoding=\"async\" width=\"1024\" height=\"768\" data-id=\"5916\" src=\"https:\/\/www.confederaciondelcobre.cl\/wp-content\/uploads\/2025\/07\/WhatsApp-Image-2025-07-12-at-18.56.22-1-1024x768.jpeg\" alt=\"\" class=\"wp-image-5916\" srcset=\"https:\/\/www.confederaciondelcobre.cl\/wp-content\/uploads\/2025\/07\/WhatsApp-Image-2025-07-12-at-18.56.22-1-1024x768.jpeg 1024w, https:\/\/www.confederaciondelcobre.cl\/wp-content\/uploads\/2025\/07\/WhatsApp-Image-2025-07-12-at-18.56.22-1-300x225.jpeg 300w, https:\/\/www.confederaciondelcobre.cl\/wp-content\/uploads\/2025\/07\/WhatsApp-Image-2025-07-12-at-18.56.22-1-768x576.jpeg 768w, https:\/\/www.confederaciondelcobre.cl\/wp-content\/uploads\/2025\/07\/WhatsApp-Image-2025-07-12-at-18.56.22-1-1536x1152.jpeg 1536w, https:\/\/www.confederaciondelcobre.cl\/wp-content\/uploads\/2025\/07\/WhatsApp-Image-2025-07-12-at-18.56.22-1.jpeg 1600w\" sizes=\"auto, (max-width: 1024px) 100vw, 1024px\" \/><\/figure>\n\n\n\n<figure class=\"wp-block-image size-large\"><img loading=\"lazy\" decoding=\"async\" width=\"1024\" height=\"768\" data-id=\"5915\" src=\"https:\/\/www.confederaciondelcobre.cl\/wp-content\/uploads\/2025\/07\/WhatsApp-Image-2025-07-12-at-18.56.23-1-1024x768.jpeg\" alt=\"\" class=\"wp-image-5915\" srcset=\"https:\/\/www.confederaciondelcobre.cl\/wp-content\/uploads\/2025\/07\/WhatsApp-Image-2025-07-12-at-18.56.23-1-1024x768.jpeg 1024w, https:\/\/www.confederaciondelcobre.cl\/wp-content\/uploads\/2025\/07\/WhatsApp-Image-2025-07-12-at-18.56.23-1-300x225.jpeg 300w, https:\/\/www.confederaciondelcobre.cl\/wp-content\/uploads\/2025\/07\/WhatsApp-Image-2025-07-12-at-18.56.23-1-768x576.jpeg 768w, https:\/\/www.confederaciondelcobre.cl\/wp-content\/uploads\/2025\/07\/WhatsApp-Image-2025-07-12-at-18.56.23-1-1536x1152.jpeg 1536w, https:\/\/www.confederaciondelcobre.cl\/wp-content\/uploads\/2025\/07\/WhatsApp-Image-2025-07-12-at-18.56.23-1.jpeg 1600w\" sizes=\"auto, (max-width: 1024px) 100vw, 1024px\" \/><\/figure>\n<\/figure>\n","protected":false},"excerpt":{"rendered":"<p>El Salvador | El pasado jueves 10 de julio, la Federaci\u00f3n de Sindicatos de El Salvador -FESAL- realiz\u00f3 en la sede de la Confederaci\u00f3n de Trabajadores del Cobre su segunda &hellip; <\/p>\n","protected":false},"author":2,"featured_media":5907,"comment_status":"closed","ping_status":"closed","sticky":false,"template":"","format":"standard","meta":{"jetpack_post_was_ever_published":false,"_jetpack_newsletter_access":"","_jetpack_dont_email_post_to_subs":false,"_jetpack_newsletter_tier_id":0,"_jetpack_memberships_contains_paywalled_content":false,"_jetpack_memberships_contains_paid_content":false,"footnotes":"","jetpack_publicize_message":"","jetpack_publicize_feature_enabled":true,"jetpack_social_post_already_shared":true,"jetpack_social_options":{"image_generator_settings":{"template":"highway","default_image_id":0,"enabled":false},"version":2}},"categories":[9],"tags":[],"class_list":["post-5906","post","type-post","status-publish","format-standard","has-post-thumbnail","hentry","category-confederacion"],"jetpack_publicize_connections":[],"jetpack_featured_media_url":"https:\/\/www.confederaciondelcobre.cl\/wp-content\/uploads\/2025\/07\/WhatsApp-Image-2025-07-12-at-18.56.23.jpeg","jetpack_sharing_enabled":true,"post_mailing_queue_ids":[],"_links":{"self":[{"href":"https:\/\/www.confederaciondelcobre.cl\/index.php\/wp-json\/wp\/v2\/posts\/5906","targetHints":{"allow":["GET"]}}],"collection":[{"href":"https:\/\/www.confederaciondelcobre.cl\/index.php\/wp-json\/wp\/v2\/posts"}],"about":[{"href":"https:\/\/www.confederaciondelcobre.cl\/index.php\/wp-json\/wp\/v2\/types\/post"}],"author":[{"embeddable":true,"href":"https:\/\/www.confederaciondelcobre.cl\/index.php\/wp-json\/wp\/v2\/users\/2"}],"replies":[{"embeddable":true,"href":"https:\/\/www.confederaciondelcobre.cl\/index.php\/wp-json\/wp\/v2\/comments?post=5906"}],"version-history":[{"count":2,"href":"https:\/\/www.confederaciondelcobre.cl\/index.php\/wp-json\/wp\/v2\/posts\/5906\/revisions"}],"predecessor-version":[{"id":5918,"href":"https:\/\/www.confederaciondelcobre.cl\/index.php\/wp-json\/wp\/v2\/posts\/5906\/revisions\/5918"}],"wp:featuredmedia":[{"embeddable":true,"href":"https:\/\/www.confederaciondelcobre.cl\/index.php\/wp-json\/wp\/v2\/media\/5907"}],"wp:attachment":[{"href":"https:\/\/www.confederaciondelcobre.cl\/index.php\/wp-json\/wp\/v2\/media?parent=5906"}],"wp:term":[{"taxonomy":"category","embeddable":true,"href":"https:\/\/www.confederaciondelcobre.cl\/index.php\/wp-json\/wp\/v2\/categories?post=5906"},{"taxonomy":"post_tag","embeddable":true,"href":"https:\/\/www.confederaciondelcobre.cl\/index.php\/wp-json\/wp\/v2\/tags?post=5906"}],"curies":[{"name":"wp","href":"https:\/\/api.w.org\/{rel}","templated":true}]}}