{"id":5919,"date":"2025-07-21T18:16:56","date_gmt":"2025-07-21T22:16:56","guid":{"rendered":"https:\/\/www.confederaciondelcobre.cl\/?p=5919"},"modified":"2025-07-21T18:16:59","modified_gmt":"2025-07-21T22:16:59","slug":"a-10-anos-de-su-asesinato-ctc-conmemorara-a-nelson-quichillao","status":"publish","type":"post","link":"https:\/\/www.confederaciondelcobre.cl\/index.php\/2025\/07\/21\/a-10-anos-de-su-asesinato-ctc-conmemorara-a-nelson-quichillao\/","title":{"rendered":"A 10 a\u00f1os de su asesinato, CTC Conmemorar\u00e1 a Nelson Quichillao"},"content":{"rendered":"\n<p>La <strong>Federaci\u00f3n de Sindicatos de El Salvador &#8211; FESAL &#8211;<\/strong>, brazo org\u00e1nico de la <strong>Confederaci\u00f3n de Trabajadores del Cobre -CTC-<\/strong>, realizar\u00e1, a 10 a\u00f1os de su asesinato, un homenaje a nuestro compa\u00f1ero <strong>Nelson Quichillao L\u00f3pez<\/strong>, quien el 24 de Julio de 2015 perdi\u00f3 la vida en El Salvador, mientras luchaba junto a nuestras compa\u00f1eras y compa\u00f1eros por nuestros derechos.<\/p>\n\n\n\n<p>El crimen, perpetrado por el Estado, de manos de un funcionario de Carabineros de Chile, se mantiene en plena impunidad, y a 10 a\u00f1os de buscar la debida justicia junto a su familia, se realizar\u00e1 un acto pol\u00edtico cultural que conmemorar\u00e1 al trabajador que con su ejemplo y consecuencia le fue arrebatada la vida por exigir mejores condiciones de trabajo.<\/p>\n\n\n\n<p>Le invitamos a acompa\u00f1arnos el pr\u00f3ximo jueves 24 de julio, a las 19:30 horas, a recordar a Nelson, en el Memorial que erigimos en su honor, en El Salvador, Atacama.<\/p>\n\n\n\n<figure class=\"wp-block-image size-large\"><img loading=\"lazy\" decoding=\"async\" width=\"819\" height=\"1024\" src=\"https:\/\/www.confederaciondelcobre.cl\/wp-content\/uploads\/2025\/07\/WhatsApp-Image-2025-07-21-at-18.05.08-819x1024.jpeg\" alt=\"\" class=\"wp-image-5928\" srcset=\"https:\/\/www.confederaciondelcobre.cl\/wp-content\/uploads\/2025\/07\/WhatsApp-Image-2025-07-21-at-18.05.08-819x1024.jpeg 819w, https:\/\/www.confederaciondelcobre.cl\/wp-content\/uploads\/2025\/07\/WhatsApp-Image-2025-07-21-at-18.05.08-240x300.jpeg 240w, https:\/\/www.confederaciondelcobre.cl\/wp-content\/uploads\/2025\/07\/WhatsApp-Image-2025-07-21-at-18.05.08-768x960.jpeg 768w, https:\/\/www.confederaciondelcobre.cl\/wp-content\/uploads\/2025\/07\/WhatsApp-Image-2025-07-21-at-18.05.08.jpeg 1080w\" sizes=\"auto, (max-width: 819px) 100vw, 819px\" \/><\/figure>\n","protected":false},"excerpt":{"rendered":"<p>La Federaci\u00f3n de Sindicatos de El Salvador &#8211; FESAL &#8211;, brazo org\u00e1nico de la Confederaci\u00f3n de Trabajadores del Cobre -CTC-, realizar\u00e1, a 10 a\u00f1os de su asesinato, un homenaje a &hellip; <\/p>\n","protected":false},"author":2,"featured_media":5931,"comment_status":"closed","ping_status":"closed","sticky":false,"template":"","format":"standard","meta":{"jetpack_post_was_ever_published":false,"_jetpack_newsletter_access":"","_jetpack_dont_email_post_to_subs":false,"_jetpack_newsletter_tier_id":0,"_jetpack_memberships_contains_paywalled_content":false,"_jetpack_memberships_contains_paid_content":false,"footnotes":"","jetpack_publicize_message":"","jetpack_publicize_feature_enabled":true,"jetpack_social_post_already_shared":true,"jetpack_social_options":{"image_generator_settings":{"template":"highway","default_image_id":0,"enabled":false},"version":2}},"categories":[9],"tags":[],"class_list":["post-5919","post","type-post","status-publish","format-standard","has-post-thumbnail","hentry","category-confederacion"],"jetpack_publicize_connections":[],"jetpack_featured_media_url":"https:\/\/www.confederaciondelcobre.cl\/wp-content\/uploads\/2025\/07\/10anosjusticiaparanelson.png","jetpack_sharing_enabled":true,"post_mailing_queue_ids":[],"_links":{"self":[{"href":"https:\/\/www.confederaciondelcobre.cl\/index.php\/wp-json\/wp\/v2\/posts\/5919","targetHints":{"allow":["GET"]}}],"collection":[{"href":"https:\/\/www.confederaciondelcobre.cl\/index.php\/wp-json\/wp\/v2\/posts"}],"about":[{"href":"https:\/\/www.confederaciondelcobre.cl\/index.php\/wp-json\/wp\/v2\/types\/post"}],"author":[{"embeddable":true,"href":"https:\/\/www.confederaciondelcobre.cl\/index.php\/wp-json\/wp\/v2\/users\/2"}],"replies":[{"embeddable":true,"href":"https:\/\/www.confederaciondelcobre.cl\/index.php\/wp-json\/wp\/v2\/comments?post=5919"}],"version-history":[{"count":1,"href":"https:\/\/www.confederaciondelcobre.cl\/index.php\/wp-json\/wp\/v2\/posts\/5919\/revisions"}],"predecessor-version":[{"id":5932,"href":"https:\/\/www.confederaciondelcobre.cl\/index.php\/wp-json\/wp\/v2\/posts\/5919\/revisions\/5932"}],"wp:featuredmedia":[{"embeddable":true,"href":"https:\/\/www.confederaciondelcobre.cl\/index.php\/wp-json\/wp\/v2\/media\/5931"}],"wp:attachment":[{"href":"https:\/\/www.confederaciondelcobre.cl\/index.php\/wp-json\/wp\/v2\/media?parent=5919"}],"wp:term":[{"taxonomy":"category","embeddable":true,"href":"https:\/\/www.confederaciondelcobre.cl\/index.php\/wp-json\/wp\/v2\/categories?post=5919"},{"taxonomy":"post_tag","embeddable":true,"href":"https:\/\/www.confederaciondelcobre.cl\/index.php\/wp-json\/wp\/v2\/tags?post=5919"}],"curies":[{"name":"wp","href":"https:\/\/api.w.org\/{rel}","templated":true}]}}