{"id":5935,"date":"2025-07-22T10:47:49","date_gmt":"2025-07-22T14:47:49","guid":{"rendered":"https:\/\/www.confederaciondelcobre.cl\/?p=5935"},"modified":"2025-07-22T10:49:21","modified_gmt":"2025-07-22T14:49:21","slug":"disponible-en-youtube-seminario-del-dia-de-la-dignidad-nacional","status":"publish","type":"post","link":"https:\/\/www.confederaciondelcobre.cl\/index.php\/2025\/07\/22\/disponible-en-youtube-seminario-del-dia-de-la-dignidad-nacional\/","title":{"rendered":"Disponible en Youtube: Seminario del D\u00eda de la Dignidad Nacional"},"content":{"rendered":"\n<p>A todas y todos, les informamos que ya est\u00e1 disponible el extraordinario Seminario que realizamos para conmemorar el D\u00eda de la Dignidad Nacional.<\/p>\n\n\n\n<p>La instancia organizada por la Confederaci\u00f3n de Trabajadores del Cobre bajo el nombre &#8220;Chile: Nacionalizaci\u00f3n, desnacionalizaci\u00f3n y estancamiento econ\u00f3mico 2014-2025&#8221;, fue desarrollada por el destacado economista y socio honorario de nuestra organizaci\u00f3n Orlando Caputo, quien fue Representante del Presidente Salvador Allende en el Comit\u00e9 Ejecutivo, y luego, Gerente General de CODELCO, quien nos entreg\u00f3 un completo estudio y an\u00e1lisis del proceso de recuperaci\u00f3n de nuestro principal recurso, el Cobre, y de c\u00f3mo la dictadura realiz\u00f3 la desnacionalizaci\u00f3n en pos de la imposici\u00f3n del sistema neoliberal que opera hasta nuestros d\u00edas, enfocandose  espec\u00edficamente en las consecuencias que se han detectado entre 2014 y este a\u00f1o.<\/p>\n\n\n\n<p>Recomendamos ver esta completa exposici\u00f3n, que tambi\u00e9n cont\u00f3 con la participaci\u00f3n de nuestra presidenta Ana Lamas Aguirre, y del dirigente del Sindicato Potrerillos Patricio Elgueta.<\/p>\n\n\n\n<p>Revisa el seminario el seminario completo aqui: <\/p>\n\n\n\n<figure class=\"wp-block-image size-large\"><a href=\"https:\/\/youtu.be\/gg9PIZCGQjc\" target=\"_blank\" rel=\" noreferrer noopener\"><img loading=\"lazy\" decoding=\"async\" width=\"1024\" height=\"576\" src=\"https:\/\/www.confederaciondelcobre.cl\/wp-content\/uploads\/2025\/07\/dignidad-nacional-3840-x-2160-px-6-1024x576.png\" alt=\"\" class=\"wp-image-5936\" srcset=\"https:\/\/www.confederaciondelcobre.cl\/wp-content\/uploads\/2025\/07\/dignidad-nacional-3840-x-2160-px-6-1024x576.png 1024w, https:\/\/www.confederaciondelcobre.cl\/wp-content\/uploads\/2025\/07\/dignidad-nacional-3840-x-2160-px-6-300x169.png 300w, https:\/\/www.confederaciondelcobre.cl\/wp-content\/uploads\/2025\/07\/dignidad-nacional-3840-x-2160-px-6-768x432.png 768w, https:\/\/www.confederaciondelcobre.cl\/wp-content\/uploads\/2025\/07\/dignidad-nacional-3840-x-2160-px-6-1536x864.png 1536w, https:\/\/www.confederaciondelcobre.cl\/wp-content\/uploads\/2025\/07\/dignidad-nacional-3840-x-2160-px-6-2048x1152.png 2048w\" sizes=\"auto, (max-width: 1024px) 100vw, 1024px\" \/><\/a><\/figure>\n","protected":false},"excerpt":{"rendered":"<p>A todas y todos, les informamos que ya est\u00e1 disponible el extraordinario Seminario que realizamos para conmemorar el D\u00eda de la Dignidad Nacional. La instancia organizada por la Confederaci\u00f3n de &hellip; <\/p>\n","protected":false},"author":2,"featured_media":5936,"comment_status":"closed","ping_status":"closed","sticky":false,"template":"","format":"standard","meta":{"jetpack_post_was_ever_published":false,"_jetpack_newsletter_access":"","_jetpack_dont_email_post_to_subs":false,"_jetpack_newsletter_tier_id":0,"_jetpack_memberships_contains_paywalled_content":false,"_jetpack_memberships_contains_paid_content":false,"footnotes":"","jetpack_publicize_message":"","jetpack_publicize_feature_enabled":true,"jetpack_social_post_already_shared":true,"jetpack_social_options":{"image_generator_settings":{"template":"highway","default_image_id":0,"enabled":false},"version":2}},"categories":[9],"tags":[],"class_list":["post-5935","post","type-post","status-publish","format-standard","has-post-thumbnail","hentry","category-confederacion"],"jetpack_publicize_connections":[],"jetpack_featured_media_url":"https:\/\/www.confederaciondelcobre.cl\/wp-content\/uploads\/2025\/07\/dignidad-nacional-3840-x-2160-px-6-scaled.png","jetpack_sharing_enabled":true,"post_mailing_queue_ids":[],"_links":{"self":[{"href":"https:\/\/www.confederaciondelcobre.cl\/index.php\/wp-json\/wp\/v2\/posts\/5935","targetHints":{"allow":["GET"]}}],"collection":[{"href":"https:\/\/www.confederaciondelcobre.cl\/index.php\/wp-json\/wp\/v2\/posts"}],"about":[{"href":"https:\/\/www.confederaciondelcobre.cl\/index.php\/wp-json\/wp\/v2\/types\/post"}],"author":[{"embeddable":true,"href":"https:\/\/www.confederaciondelcobre.cl\/index.php\/wp-json\/wp\/v2\/users\/2"}],"replies":[{"embeddable":true,"href":"https:\/\/www.confederaciondelcobre.cl\/index.php\/wp-json\/wp\/v2\/comments?post=5935"}],"version-history":[{"count":3,"href":"https:\/\/www.confederaciondelcobre.cl\/index.php\/wp-json\/wp\/v2\/posts\/5935\/revisions"}],"predecessor-version":[{"id":5939,"href":"https:\/\/www.confederaciondelcobre.cl\/index.php\/wp-json\/wp\/v2\/posts\/5935\/revisions\/5939"}],"wp:featuredmedia":[{"embeddable":true,"href":"https:\/\/www.confederaciondelcobre.cl\/index.php\/wp-json\/wp\/v2\/media\/5936"}],"wp:attachment":[{"href":"https:\/\/www.confederaciondelcobre.cl\/index.php\/wp-json\/wp\/v2\/media?parent=5935"}],"wp:term":[{"taxonomy":"category","embeddable":true,"href":"https:\/\/www.confederaciondelcobre.cl\/index.php\/wp-json\/wp\/v2\/categories?post=5935"},{"taxonomy":"post_tag","embeddable":true,"href":"https:\/\/www.confederaciondelcobre.cl\/index.php\/wp-json\/wp\/v2\/tags?post=5935"}],"curies":[{"name":"wp","href":"https:\/\/api.w.org\/{rel}","templated":true}]}}