{"id":5944,"date":"2025-07-22T15:47:34","date_gmt":"2025-07-22T19:47:34","guid":{"rendered":"https:\/\/www.confederaciondelcobre.cl\/?p=5944"},"modified":"2025-07-22T15:50:32","modified_gmt":"2025-07-22T19:50:32","slug":"23-de-julio-tercera-capacitacion-para-dirigentes-y-dirigentas-sindicales","status":"publish","type":"post","link":"https:\/\/www.confederaciondelcobre.cl\/index.php\/2025\/07\/22\/23-de-julio-tercera-capacitacion-para-dirigentes-y-dirigentas-sindicales\/","title":{"rendered":"23 de Julio: Tercera capacitaci\u00f3n para dirigentes y dirigentas sindicales"},"content":{"rendered":"\n<p>Este mi\u00e9rcoles 23 de julio se realizar\u00e1 la tercera capacitaci\u00f3n dirigida para todas y todos los dirigentes sindicales v\u00eda zoom que imparten Rodrigo Garcia, abogado asesor CTC;  Daniel C\u00e1ceres, dirigente CTC y Fernando Prado, Dirigente CTC.<\/p>\n\n\n\n<p>El tema a abordar ser\u00e1 &#8220;Huelga, Titularidad Sindical y Mediaci\u00f3n Obligatoria&#8221;.<\/p>\n\n\n\n<p>Los invitamos a acceder a las 20:00 hrs. <\/p>\n\n\n\n<p><\/p>\n","protected":false},"excerpt":{"rendered":"<p>Este mi\u00e9rcoles 23 de julio se realizar\u00e1 la tercera capacitaci\u00f3n dirigida para todas y todos los dirigentes sindicales v\u00eda zoom que imparten Rodrigo Garcia, abogado asesor CTC; Daniel C\u00e1ceres, dirigente &hellip; <\/p>\n","protected":false},"author":2,"featured_media":5945,"comment_status":"closed","ping_status":"closed","sticky":false,"template":"","format":"standard","meta":{"jetpack_post_was_ever_published":false,"_jetpack_newsletter_access":"","_jetpack_dont_email_post_to_subs":false,"_jetpack_newsletter_tier_id":0,"_jetpack_memberships_contains_paywalled_content":false,"_jetpack_memberships_contains_paid_content":false,"footnotes":"","jetpack_publicize_message":"","jetpack_publicize_feature_enabled":true,"jetpack_social_post_already_shared":true,"jetpack_social_options":{"image_generator_settings":{"template":"highway","default_image_id":0,"enabled":false},"version":2}},"categories":[9],"tags":[],"class_list":["post-5944","post","type-post","status-publish","format-standard","has-post-thumbnail","hentry","category-confederacion"],"jetpack_publicize_connections":[],"jetpack_featured_media_url":"https:\/\/www.confederaciondelcobre.cl\/wp-content\/uploads\/2025\/07\/1286-A2-horizontal-4.png","jetpack_sharing_enabled":true,"post_mailing_queue_ids":[],"_links":{"self":[{"href":"https:\/\/www.confederaciondelcobre.cl\/index.php\/wp-json\/wp\/v2\/posts\/5944","targetHints":{"allow":["GET"]}}],"collection":[{"href":"https:\/\/www.confederaciondelcobre.cl\/index.php\/wp-json\/wp\/v2\/posts"}],"about":[{"href":"https:\/\/www.confederaciondelcobre.cl\/index.php\/wp-json\/wp\/v2\/types\/post"}],"author":[{"embeddable":true,"href":"https:\/\/www.confederaciondelcobre.cl\/index.php\/wp-json\/wp\/v2\/users\/2"}],"replies":[{"embeddable":true,"href":"https:\/\/www.confederaciondelcobre.cl\/index.php\/wp-json\/wp\/v2\/comments?post=5944"}],"version-history":[{"count":1,"href":"https:\/\/www.confederaciondelcobre.cl\/index.php\/wp-json\/wp\/v2\/posts\/5944\/revisions"}],"predecessor-version":[{"id":5946,"href":"https:\/\/www.confederaciondelcobre.cl\/index.php\/wp-json\/wp\/v2\/posts\/5944\/revisions\/5946"}],"wp:featuredmedia":[{"embeddable":true,"href":"https:\/\/www.confederaciondelcobre.cl\/index.php\/wp-json\/wp\/v2\/media\/5945"}],"wp:attachment":[{"href":"https:\/\/www.confederaciondelcobre.cl\/index.php\/wp-json\/wp\/v2\/media?parent=5944"}],"wp:term":[{"taxonomy":"category","embeddable":true,"href":"https:\/\/www.confederaciondelcobre.cl\/index.php\/wp-json\/wp\/v2\/categories?post=5944"},{"taxonomy":"post_tag","embeddable":true,"href":"https:\/\/www.confederaciondelcobre.cl\/index.php\/wp-json\/wp\/v2\/tags?post=5944"}],"curies":[{"name":"wp","href":"https:\/\/api.w.org\/{rel}","templated":true}]}}