{"id":5947,"date":"2025-07-24T12:41:52","date_gmt":"2025-07-24T16:41:52","guid":{"rendered":"https:\/\/www.confederaciondelcobre.cl\/?p=5947"},"modified":"2025-07-24T12:41:54","modified_gmt":"2025-07-24T16:41:54","slug":"a-10-anos-conmemoramos-a-nelson-quichillao-lopez-trabajador-del-cobre-asesinado-mientras-luchaba-por-nuestros-derechos","status":"publish","type":"post","link":"https:\/\/www.confederaciondelcobre.cl\/index.php\/2025\/07\/24\/a-10-anos-conmemoramos-a-nelson-quichillao-lopez-trabajador-del-cobre-asesinado-mientras-luchaba-por-nuestros-derechos\/","title":{"rendered":"A 10 A\u00d1OS: CONMEMORAMOS A NELSON QUICHILLAO LOPEZ, TRABAJADOR DEL COBRE ASESINADO MIENTRAS LUCHABA POR NUESTROS DERECHOS."},"content":{"rendered":"\n<p><strong>Nelson Quichillao L\u00f3pez<\/strong>, nacido en La Uni\u00f3n, al sur de Chile, hab\u00eda llegado a la mina de El Salvador motivado por su hermano Jos\u00e9, un ex trabajador de la misma faena. Nelson, como sus compa\u00f1eras y compa\u00f1eros, se sumaron a la huelga general durante julio de 2015, que uni\u00f3 a los trabajadores subcontratados de la miner\u00eda del cobre que exig\u00edan masivamente, mejoras en sus condiciones de trabajo a la estatal CODELCO. La madrugada del 24 de julio de ese mismo a\u00f1o, Nelson fue asesinado por una bala percutada desde un arma que portaba un funcionario de Carabineros de Chile, quienes arremetieron agresivamente donde se desarrollaba la huelga pac\u00edfica. <\/p>\n\n\n<div class=\"wp-block-image\">\n<figure class=\"alignright size-large is-resized\"><img loading=\"lazy\" decoding=\"async\" width=\"819\" height=\"1024\" src=\"https:\/\/www.confederaciondelcobre.cl\/wp-content\/uploads\/2025\/07\/2-819x1024.png\" alt=\"\" class=\"wp-image-5962\" style=\"width:358px;height:auto\" srcset=\"https:\/\/www.confederaciondelcobre.cl\/wp-content\/uploads\/2025\/07\/2-819x1024.png 819w, https:\/\/www.confederaciondelcobre.cl\/wp-content\/uploads\/2025\/07\/2-240x300.png 240w, https:\/\/www.confederaciondelcobre.cl\/wp-content\/uploads\/2025\/07\/2-768x960.png 768w, https:\/\/www.confederaciondelcobre.cl\/wp-content\/uploads\/2025\/07\/2.png 1080w\" sizes=\"auto, (max-width: 819px) 100vw, 819px\" \/><\/figure><\/div>\n\n\n<p>Hasta hoy, 10 a\u00f1os despu\u00e9s, la justicia chilena mantiene al funcionario policial en total impunidad, inclusive frente a las demandas de justicia realizadas por la Confederaci\u00f3n de Trabajadores del Cobre y su familia, y con un amplio apoyo de las organizaciones sindicales y pol\u00edticas de todo el pa\u00eds que condenaron el crimen.&nbsp;<\/p>\n\n\n\n<p>Transcurridos estos a\u00f1os, su hermano Jos\u00e9 muri\u00f3 sin obtener la debida justicia. Nosotros seguimos busc\u00e1ndola en organismos internacionales, con la memoria presente de quien es un ejemplo de consecuencia para todas y todos los que buscamos d\u00eda a d\u00eda, con conciencia de clase, conquistar leg\u00edtimamente la dignidad de nuestro trabajo, como lo hizo nuestro compa\u00f1ero Nelson Quichillao L\u00f3pez.<\/p>\n\n\n\n<p><\/p>\n\n\n\n<p><\/p>\n\n\n\n<p><strong>LOS HECHOS<\/strong><\/p>\n\n\n\n<p>El 23 de julio del 2015, alrededor de 200 trabajadores de la empresa contratista de Codelco, Geovita, se tomaron el acceso a la mina El Salvador y a la ciudad de Diego de Almagro. La huelga nacional hab\u00eda comenzado dos d\u00edas atr\u00e1s, luego que la minera estatal se negara a renegociar el acuerdo marco que ten\u00eda con los trabajadores contratados y subcontratados desde el a\u00f1o 2007.&nbsp;<\/p>\n\n\n\n<p>El 21 de julio, el mismo d\u00eda que se iniciaron las tomas de yacimientos mineros a nivel nacional, los mineros recibieron una advertencia. A las 06:20 de la ma\u00f1ana, un contingente de Fuerzas Especiales disolvi\u00f3 a los trabajadores que bloqueaban el acceso a la mina, a punta de lanzagases y lacrim\u00f3genas.&nbsp;<\/p>\n\n\n\n<p>Nadie, sin embargo, dimensionaba lo que se ven\u00eda. Carabineros estaba alertado que el corte de caminos se llevar\u00eda a cabo el 23 y 24 de julio, gracias a informaci\u00f3n proporcionada por su Direcci\u00f3n de Inteligencia (Dipolcar). Es por eso que no dudaron en prepararse para la ocasi\u00f3n: se convoc\u00f3 a Fuerzas Especiales de la tercera regi\u00f3n, otro piquete de Santiago que lleg\u00f3 en avioneta y helic\u00f3ptero y otro de Valpara\u00edso, que arrib\u00f3 hasta Copiap\u00f3 en un avi\u00f3n de las Fuerzas Armadas. 57 efectivos en total.&nbsp;<\/p>\n\n\n\n<p>Los trabajadores estaban preparados. Formaron, con una m\u00e1quina Scoop -veh\u00edculo con pala cargadora minera-, un cord\u00f3n de tierra donde pod\u00edan atrincherarse. Pasadas las nueve de la noche, lleg\u00f3 el contingente de Fuerzas Especiales a repeler a los manifestantes. En minutos, se arm\u00f3 una batalla campal. \u201cNos tiraban lacrim\u00f3genas, balines. Nosotros respond\u00edamos con todo lo que pod\u00edamos, nos resguard\u00e1bamos detr\u00e1s de las maquinarias. Ve\u00eda como mis compa\u00f1eros ca\u00edan heridos, gritos de todas partes, no se pod\u00eda respirar\u201d, recuerda uno de los trabajadores presentes.<\/p>\n\n\n\n<p>Tres Scoop manejadas por trabajadores empezaron a avanzar desde el acceso de la mina con el fin de hacer retroceder a Carabineros y, al mismo tiempo, servir de escudo para el resto de los mineros. \u201cNos alumbraban con infrarrojos, el gas nos estaba matando, los balines y perdigones volaban hiriendo a compa\u00f1eros en todo su cuerpo\u201d, relata Ana Lamas.<\/p>\n\n\n\n<p>Los trabajadores corr\u00edan para todas partes en la penumbra. A eso de las 1 de la madrugada, un funcionario policial empez\u00f3 a gritar a sus compa\u00f1eros: \u201c\u00a1Se acabaron las bombas! \u00a1Se acabaron las bombas!\u201d. Tampoco les quedaba gas. Sus principales armas disuasivas se hab\u00edan agotado tras cuatro horas de enfrentamiento.<\/p>\n\n\n\n<p>La m\u00e1quina Scoop sigui\u00f3 avanzando y retrocediendo para alejar m\u00e1s a\u00fan a Fuerzas Especiales. Pero en vez de apaciguar los \u00e1nimos, todo empeor\u00f3. Los trabajadores empezaron a escuchar sonidos cada vez m\u00e1s ensordecedores que ven\u00edan de la parte delantera de las m\u00e1quinas. Era una r\u00e1faga de balas que chocaban contra la cabina blindada.<\/p>\n\n\n\n<p>Los mineros ni alcanzaron a resguardarse de las 33 balas disparadas por Carabineros cuando vieron a Nelson Quichillao, minero de Geovita de 48 a\u00f1os, caer al suelo. Hab\u00eda sido impactado en la ingle.<\/p>\n\n\n\n<p>Rodrigo V\u00e1squez, uno de sus cercanos, levant\u00f3 sus brazos frente a Fuerzas Especiales pidiendo cese al fuego. \u00a1Hay un ca\u00eddo! \u00a1Hay un ca\u00eddo!, gritaban los trabajadores. En el acto, V\u00e1squez cae al suelo con varios impactos de balines en su t\u00f3rax y en uno de sus ojos. Sangrando cae al piso y es acostado al lado de Nelson.<\/p>\n\n\n\n<p>A lo largo de la investigaci\u00f3n de este caso, Carabineros ha mantenido su versi\u00f3n de los hechos, en la que asegura que los funcionarios estuvieron a punto de ser arrollados por la m\u00e1quina Scoop y que solo actuaron en defensa propia. \u201cHay muchos testigos, al menos 200, que pueden afirmar que eso no fue as\u00ed. Ellos dispararon para matar al conductor y a los trabajadores cuando las m\u00e1quinas ven\u00edan retrocediendo. Como no ten\u00edan m\u00e1s gas, no sab\u00edan con qu\u00e9 defenderse\u201d.<\/p>\n\n\n\n<p>La investigaci\u00f3n judicial, sin embargo, apunta a que el funcionario que efectu\u00f3 el disparo habr\u00eda sido el sargento primero de la s\u00e9ptima comisar\u00eda de Valpara\u00edso, Marco Guerrero Mart\u00ednez. El mismo que registra una denuncia por agresi\u00f3n y \u201ctortura\u201d en contra de Jorge Brito, un estudiante universitario de la Universidad Federico Santa Mar\u00eda el a\u00f1o 2013, en el marco de la movilizaci\u00f3n estudiantil. El caso actualmente est\u00e1 en la justicia militar y tampoco se ha resuelto.&nbsp;<\/p>\n\n\n\n<p>El 28 de marzo de 2018, la Fiscal\u00eda de Atacama comunic\u00f3 su decisi\u00f3n de no perseverar en la investigaci\u00f3n, se\u00f1alando que el proyectil habr\u00eda chocado en un veh\u00edculo, que los trabajadores ten\u00edan en la interrupci\u00f3n de carretera, para luego impactar al obrero y que las indagatorias realizadas \u00abno lograron ser determinantes para formular una acusaci\u00f3n de car\u00e1cter penal frente a lo ocurrido. Motivo por el cual se adopt\u00f3 la decisi\u00f3n de no perseverar en este caso\u00bb.&nbsp;<\/p>\n\n\n\n<p>El asesinato de este obrero del cobre acaeci\u00f3 en un contexto similar al del obrero forestal, tambi\u00e9n subcontratado, Rodrigo Cisterna, el 3 de mayo de 2007 (primer gobierno de Bachelet), cuando participaba de una movilizaci\u00f3n por mejoras como el aumento de 40 mil pesos del sueldo base de los trabajadores, afuera de la planta de celulosa de Arauco, en Horcones. Ante la provocaci\u00f3n de efectivos de Carabineros que atacaron autom\u00f3viles que los obreros hab\u00edan estacionado, los manifestantes buscaron impedir que ello continuara y en ese contexto, Rodrigo condujo un cargador forestal hacia los veh\u00edculos policiales, momento en que fue acribillado, mientras que cinco de sus compa\u00f1eros resultaron heridos por disparos, uno de ellos con p\u00e9rdida ocular.&nbsp;<\/p>\n\n\n<div class=\"wp-block-image\">\n<figure class=\"alignright size-large is-resized\"><img loading=\"lazy\" decoding=\"async\" width=\"819\" height=\"1024\" src=\"https:\/\/www.confederaciondelcobre.cl\/wp-content\/uploads\/2025\/07\/1-1-819x1024.png\" alt=\"\" class=\"wp-image-5964\" style=\"width:341px;height:auto\" srcset=\"https:\/\/www.confederaciondelcobre.cl\/wp-content\/uploads\/2025\/07\/1-1-819x1024.png 819w, https:\/\/www.confederaciondelcobre.cl\/wp-content\/uploads\/2025\/07\/1-1-240x300.png 240w, https:\/\/www.confederaciondelcobre.cl\/wp-content\/uploads\/2025\/07\/1-1-768x960.png 768w, https:\/\/www.confederaciondelcobre.cl\/wp-content\/uploads\/2025\/07\/1-1.png 1080w\" sizes=\"auto, (max-width: 819px) 100vw, 819px\" \/><\/figure><\/div>\n\n\n<p>Por el asesinato de Rodrigo Cisterna, no ha sido nadie condenado. Si bien, los antecedentes judiciales apuntan al sargento primero del GOPE Luis Mellado Jaque, este no ha recibido sanci\u00f3n. Tampoco fue responsabilizado el Subsecretario del Interior de entonces, Felipe Harboe, que, como se ha visto, particip\u00f3 de la convenci\u00f3n constitucional en representaci\u00f3n de partidos de la disuelta Concertaci\u00f3n. Ante la ausencia de justicia por parte de la institucionalidad chilena, el homicidio de Rodrigo Cisterna se ha tratado en la Comisi\u00f3n Interamericana de Derechos Humanos.&nbsp;<\/p>\n\n\n\n<p>\u201cEl Memorial Nelson Quichillao\u201d, declarado monumento nacional y que conmemora la muerte del minero, se encuentra en el sitio donde cay\u00f3 herido, frente a la mina de Codelco. La obra fue creada por Sabrina Morgado y construida por la misma junto al \u201cColectivo Art\u00edstico Las Amapolas\u201d para el rescate a la memoria colectiva del trabajador minero.&nbsp;<\/p>\n\n\n\n<figure class=\"wp-block-image size-large\"><img loading=\"lazy\" decoding=\"async\" width=\"1024\" height=\"599\" src=\"https:\/\/www.confederaciondelcobre.cl\/wp-content\/uploads\/2025\/07\/502896644_3044231482402561_4025005089721023052_n-1024x599.jpg\" alt=\"\" class=\"wp-image-5949\" srcset=\"https:\/\/www.confederaciondelcobre.cl\/wp-content\/uploads\/2025\/07\/502896644_3044231482402561_4025005089721023052_n-1024x599.jpg 1024w, https:\/\/www.confederaciondelcobre.cl\/wp-content\/uploads\/2025\/07\/502896644_3044231482402561_4025005089721023052_n-300x175.jpg 300w, https:\/\/www.confederaciondelcobre.cl\/wp-content\/uploads\/2025\/07\/502896644_3044231482402561_4025005089721023052_n-768x449.jpg 768w, https:\/\/www.confederaciondelcobre.cl\/wp-content\/uploads\/2025\/07\/502896644_3044231482402561_4025005089721023052_n-1536x899.jpg 1536w, https:\/\/www.confederaciondelcobre.cl\/wp-content\/uploads\/2025\/07\/502896644_3044231482402561_4025005089721023052_n.jpg 2048w\" sizes=\"auto, (max-width: 1024px) 100vw, 1024px\" \/><\/figure>\n\n\n\n<figure class=\"wp-block-gallery has-nested-images columns-default is-cropped wp-block-gallery-1 is-layout-flex wp-block-gallery-is-layout-flex\">\n<figure class=\"wp-block-image size-large\"><img loading=\"lazy\" decoding=\"async\" width=\"1000\" height=\"667\" data-id=\"5958\" src=\"https:\/\/www.confederaciondelcobre.cl\/wp-content\/uploads\/2025\/07\/Velaton-2-A1.jpg\" alt=\"\" class=\"wp-image-5958\" srcset=\"https:\/\/www.confederaciondelcobre.cl\/wp-content\/uploads\/2025\/07\/Velaton-2-A1.jpg 1000w, https:\/\/www.confederaciondelcobre.cl\/wp-content\/uploads\/2025\/07\/Velaton-2-A1-300x200.jpg 300w, https:\/\/www.confederaciondelcobre.cl\/wp-content\/uploads\/2025\/07\/Velaton-2-A1-768x512.jpg 768w\" sizes=\"auto, (max-width: 1000px) 100vw, 1000px\" \/><figcaption class=\"wp-element-caption\"><br><\/figcaption><\/figure>\n\n\n\n<figure class=\"wp-block-image size-large\"><img loading=\"lazy\" decoding=\"async\" width=\"820\" height=\"620\" data-id=\"5956\" src=\"https:\/\/www.confederaciondelcobre.cl\/wp-content\/uploads\/2025\/07\/file_20150724124732-1.jpg\" alt=\"\" class=\"wp-image-5956\" srcset=\"https:\/\/www.confederaciondelcobre.cl\/wp-content\/uploads\/2025\/07\/file_20150724124732-1.jpg 820w, https:\/\/www.confederaciondelcobre.cl\/wp-content\/uploads\/2025\/07\/file_20150724124732-1-300x227.jpg 300w, https:\/\/www.confederaciondelcobre.cl\/wp-content\/uploads\/2025\/07\/file_20150724124732-1-768x581.jpg 768w, https:\/\/www.confederaciondelcobre.cl\/wp-content\/uploads\/2025\/07\/file_20150724124732-1-290x220.jpg 290w\" sizes=\"auto, (max-width: 820px) 100vw, 820px\" \/><\/figure>\n\n\n\n<figure class=\"wp-block-image size-large\"><img loading=\"lazy\" decoding=\"async\" width=\"800\" height=\"530\" data-id=\"5955\" src=\"https:\/\/www.confederaciondelcobre.cl\/wp-content\/uploads\/2025\/07\/arton109103.jpg\" alt=\"\" class=\"wp-image-5955\" srcset=\"https:\/\/www.confederaciondelcobre.cl\/wp-content\/uploads\/2025\/07\/arton109103.jpg 800w, https:\/\/www.confederaciondelcobre.cl\/wp-content\/uploads\/2025\/07\/arton109103-300x199.jpg 300w, https:\/\/www.confederaciondelcobre.cl\/wp-content\/uploads\/2025\/07\/arton109103-768x509.jpg 768w\" sizes=\"auto, (max-width: 800px) 100vw, 800px\" \/><\/figure>\n\n\n\n<figure class=\"wp-block-image size-large\"><img loading=\"lazy\" decoding=\"async\" width=\"1024\" height=\"640\" data-id=\"5957\" src=\"https:\/\/www.confederaciondelcobre.cl\/wp-content\/uploads\/2025\/07\/contratistas-del-cobre-bloquean-carretera-1024x640.jpg\" alt=\"\" class=\"wp-image-5957\" srcset=\"https:\/\/www.confederaciondelcobre.cl\/wp-content\/uploads\/2025\/07\/contratistas-del-cobre-bloquean-carretera-1024x640.jpg 1024w, https:\/\/www.confederaciondelcobre.cl\/wp-content\/uploads\/2025\/07\/contratistas-del-cobre-bloquean-carretera-300x187.jpg 300w, https:\/\/www.confederaciondelcobre.cl\/wp-content\/uploads\/2025\/07\/contratistas-del-cobre-bloquean-carretera-768x480.jpg 768w, https:\/\/www.confederaciondelcobre.cl\/wp-content\/uploads\/2025\/07\/contratistas-del-cobre-bloquean-carretera.jpg 1140w\" sizes=\"auto, (max-width: 1024px) 100vw, 1024px\" \/><\/figure>\n\n\n\n<figure class=\"wp-block-image size-large\"><img loading=\"lazy\" decoding=\"async\" width=\"318\" height=\"159\" data-id=\"5953\" src=\"https:\/\/www.confederaciondelcobre.cl\/wp-content\/uploads\/2025\/07\/images-5.jpeg\" alt=\"\" class=\"wp-image-5953\" srcset=\"https:\/\/www.confederaciondelcobre.cl\/wp-content\/uploads\/2025\/07\/images-5.jpeg 318w, https:\/\/www.confederaciondelcobre.cl\/wp-content\/uploads\/2025\/07\/images-5-300x150.jpeg 300w\" sizes=\"auto, (max-width: 318px) 100vw, 318px\" \/><\/figure>\n\n\n\n<figure class=\"wp-block-image size-large\"><img loading=\"lazy\" decoding=\"async\" width=\"820\" height=\"620\" data-id=\"5954\" src=\"https:\/\/www.confederaciondelcobre.cl\/wp-content\/uploads\/2025\/07\/file_20150724124759.jpg\" alt=\"\" class=\"wp-image-5954\" srcset=\"https:\/\/www.confederaciondelcobre.cl\/wp-content\/uploads\/2025\/07\/file_20150724124759.jpg 820w, https:\/\/www.confederaciondelcobre.cl\/wp-content\/uploads\/2025\/07\/file_20150724124759-300x227.jpg 300w, https:\/\/www.confederaciondelcobre.cl\/wp-content\/uploads\/2025\/07\/file_20150724124759-768x581.jpg 768w, https:\/\/www.confederaciondelcobre.cl\/wp-content\/uploads\/2025\/07\/file_20150724124759-290x220.jpg 290w\" sizes=\"auto, (max-width: 820px) 100vw, 820px\" \/><\/figure>\n\n\n\n<figure class=\"wp-block-image size-large\"><img loading=\"lazy\" decoding=\"async\" width=\"730\" height=\"350\" data-id=\"5959\" src=\"https:\/\/www.confederaciondelcobre.cl\/wp-content\/uploads\/2025\/07\/a_uno_139684-730x3501-2.jpg\" alt=\"\" class=\"wp-image-5959\" srcset=\"https:\/\/www.confederaciondelcobre.cl\/wp-content\/uploads\/2025\/07\/a_uno_139684-730x3501-2.jpg 730w, https:\/\/www.confederaciondelcobre.cl\/wp-content\/uploads\/2025\/07\/a_uno_139684-730x3501-2-300x144.jpg 300w\" sizes=\"auto, (max-width: 730px) 100vw, 730px\" \/><\/figure>\n\n\n\n<figure class=\"wp-block-image size-large\"><img loading=\"lazy\" decoding=\"async\" width=\"1000\" height=\"666\" data-id=\"5961\" src=\"https:\/\/www.confederaciondelcobre.cl\/wp-content\/uploads\/2025\/07\/Velaton-7-A1-2-1.jpg\" alt=\"\" class=\"wp-image-5961\" srcset=\"https:\/\/www.confederaciondelcobre.cl\/wp-content\/uploads\/2025\/07\/Velaton-7-A1-2-1.jpg 1000w, https:\/\/www.confederaciondelcobre.cl\/wp-content\/uploads\/2025\/07\/Velaton-7-A1-2-1-300x200.jpg 300w, https:\/\/www.confederaciondelcobre.cl\/wp-content\/uploads\/2025\/07\/Velaton-7-A1-2-1-768x511.jpg 768w\" sizes=\"auto, (max-width: 1000px) 100vw, 1000px\" \/><\/figure>\n\n\n\n<figure class=\"wp-block-image size-large\"><img loading=\"lazy\" decoding=\"async\" width=\"820\" height=\"620\" data-id=\"5960\" src=\"https:\/\/www.confederaciondelcobre.cl\/wp-content\/uploads\/2025\/07\/file_20150724124900.jpg\" alt=\"\" class=\"wp-image-5960\" srcset=\"https:\/\/www.confederaciondelcobre.cl\/wp-content\/uploads\/2025\/07\/file_20150724124900.jpg 820w, https:\/\/www.confederaciondelcobre.cl\/wp-content\/uploads\/2025\/07\/file_20150724124900-300x227.jpg 300w, https:\/\/www.confederaciondelcobre.cl\/wp-content\/uploads\/2025\/07\/file_20150724124900-768x581.jpg 768w, https:\/\/www.confederaciondelcobre.cl\/wp-content\/uploads\/2025\/07\/file_20150724124900-290x220.jpg 290w\" sizes=\"auto, (max-width: 820px) 100vw, 820px\" \/><\/figure>\n<\/figure>\n\n\n<div class=\"wp-block-site-logo\"><a href=\"https:\/\/www.confederaciondelcobre.cl\/\" class=\"custom-logo-link\" rel=\"home\"><img loading=\"lazy\" decoding=\"async\" width=\"528\" height=\"64\" src=\"https:\/\/www.confederaciondelcobre.cl\/wp-content\/uploads\/2023\/01\/TituloWebCTC.png\" class=\"custom-logo\" alt=\"Confederaci\u00f3n de Trabajadores del Cobre &#8211; CTC\" srcset=\"https:\/\/www.confederaciondelcobre.cl\/wp-content\/uploads\/2023\/01\/TituloWebCTC.png 606w, https:\/\/www.confederaciondelcobre.cl\/wp-content\/uploads\/2023\/01\/TituloWebCTC-300x37.png 300w\" sizes=\"auto, (max-width: 528px) 100vw, 528px\" \/><\/a><\/div>\n\n\n<p><\/p>\n","protected":false},"excerpt":{"rendered":"<p>Nelson Quichillao L\u00f3pez, nacido en La Uni\u00f3n, al sur de Chile, hab\u00eda llegado a la mina de El Salvador motivado por su hermano Jos\u00e9, un ex trabajador de la misma &hellip; <\/p>\n","protected":false},"author":2,"featured_media":5948,"comment_status":"closed","ping_status":"closed","sticky":false,"template":"","format":"standard","meta":{"jetpack_post_was_ever_published":false,"_jetpack_newsletter_access":"","_jetpack_dont_email_post_to_subs":false,"_jetpack_newsletter_tier_id":0,"_jetpack_memberships_contains_paywalled_content":false,"_jetpack_memberships_contains_paid_content":false,"footnotes":"","jetpack_publicize_message":"","jetpack_publicize_feature_enabled":true,"jetpack_social_post_already_shared":true,"jetpack_social_options":{"image_generator_settings":{"template":"highway","default_image_id":0,"enabled":false},"version":2}},"categories":[37,5,9,28,32,16],"tags":[49,48,91,90],"class_list":["post-5947","post","type-post","status-publish","format-standard","has-post-thumbnail","hentry","category-memoriactc","category-acuerdo-marco","category-confederacion","category-fesal","category-nelson-quichillao","category-noticias","tag-acuerdo-marco","tag-ctc","tag-memoriactc","tag-nelson-quichillao"],"jetpack_publicize_connections":[],"jetpack_featured_media_url":"https:\/\/www.confederaciondelcobre.cl\/wp-content\/uploads\/2025\/07\/dignidad-nacional-3840-x-2160-px-10-scaled.png","jetpack_sharing_enabled":true,"post_mailing_queue_ids":[],"_links":{"self":[{"href":"https:\/\/www.confederaciondelcobre.cl\/index.php\/wp-json\/wp\/v2\/posts\/5947","targetHints":{"allow":["GET"]}}],"collection":[{"href":"https:\/\/www.confederaciondelcobre.cl\/index.php\/wp-json\/wp\/v2\/posts"}],"about":[{"href":"https:\/\/www.confederaciondelcobre.cl\/index.php\/wp-json\/wp\/v2\/types\/post"}],"author":[{"embeddable":true,"href":"https:\/\/www.confederaciondelcobre.cl\/index.php\/wp-json\/wp\/v2\/users\/2"}],"replies":[{"embeddable":true,"href":"https:\/\/www.confederaciondelcobre.cl\/index.php\/wp-json\/wp\/v2\/comments?post=5947"}],"version-history":[{"count":1,"href":"https:\/\/www.confederaciondelcobre.cl\/index.php\/wp-json\/wp\/v2\/posts\/5947\/revisions"}],"predecessor-version":[{"id":5965,"href":"https:\/\/www.confederaciondelcobre.cl\/index.php\/wp-json\/wp\/v2\/posts\/5947\/revisions\/5965"}],"wp:featuredmedia":[{"embeddable":true,"href":"https:\/\/www.confederaciondelcobre.cl\/index.php\/wp-json\/wp\/v2\/media\/5948"}],"wp:attachment":[{"href":"https:\/\/www.confederaciondelcobre.cl\/index.php\/wp-json\/wp\/v2\/media?parent=5947"}],"wp:term":[{"taxonomy":"category","embeddable":true,"href":"https:\/\/www.confederaciondelcobre.cl\/index.php\/wp-json\/wp\/v2\/categories?post=5947"},{"taxonomy":"post_tag","embeddable":true,"href":"https:\/\/www.confederaciondelcobre.cl\/index.php\/wp-json\/wp\/v2\/tags?post=5947"}],"curies":[{"name":"wp","href":"https:\/\/api.w.org\/{rel}","templated":true}]}}