{"id":5966,"date":"2025-07-24T22:32:44","date_gmt":"2025-07-25T02:32:44","guid":{"rendered":"https:\/\/www.confederaciondelcobre.cl\/?p=5966"},"modified":"2025-07-24T22:32:47","modified_gmt":"2025-07-25T02:32:47","slug":"mensaje-de-ana-lamas-aguirre-a-10-anos-del-asesinato-de-nelson-quichillao","status":"publish","type":"post","link":"https:\/\/www.confederaciondelcobre.cl\/index.php\/2025\/07\/24\/mensaje-de-ana-lamas-aguirre-a-10-anos-del-asesinato-de-nelson-quichillao\/","title":{"rendered":"Mensaje de Ana Lamas Aguirre, a 10 A\u00f1os del asesinato de Nelson Quichillao"},"content":{"rendered":"\n<p>&#8220;Compa\u00f1eras y compa\u00f1eros, amigas y amigos:<\/p>\n\n\n\n<p>Nos reunimos hoy, en julio de 2025, para conmemorar diez a\u00f1os del brutal asesinato de nuestro compa\u00f1ero Nelson Quichillao L\u00f3pez.<\/p>\n\n\n\n<p>Nelson, un trabajador honesto y apreciado, fue baleado y asesinado el 24 de julio de 2015, en el marco de una justa movilizaci\u00f3n por condiciones de vida m\u00e1s dignas para la clase trabajadora. \u00c9l no era un delincuente, ni un agitador, ni un hombre violento; fue v\u00edctima de una pol\u00edtica estatal represiva contra la clase trabajadora.<\/p>\n\n\n\n<p>Han transcurrido diez a\u00f1os desde su asesinato y, a pesar de haber recurrido a todas las instancias legales nacionales e internacionales como la OIT y la Corte Interamericana de Derechos Humanos, no ha habido justicia. Los culpables de su muerte permanecen impunes, protegidos por los poderes f\u00e1cticos. Este crimen impune a\u00fan nos duele y nos rebela.&nbsp;<\/p>\n\n\n\n<p>La historia de Chile est\u00e1 marcada por la violencia, la represi\u00f3n y el desprecio contra la clase trabajadora. Nelson Quichillao se suma a una lista demasiado larga de m\u00e1rtires y h\u00e9roes del pueblo asesinados por las fuerzas represivas en Chile por luchar por&nbsp;&nbsp;nuestros derechos y una vida digna. No olvidamos las masacres de la Escuela Santa Mar\u00eda de Iquique, San Gregorio, Marusia y La Coru\u00f1a, ni los cientos de campesinos, pobladores, de estudiantes e incluso ni\u00f1os masacrados en Ranquil, Pampa Irigoin y la Poblaci\u00f3n Jos\u00e9 Mar\u00eda Caro, ni a los trabajadores de El Salvador. Estas masacres no fueron investigadas y los culpables nunca fueron juzgados. La represi\u00f3n policial durante el estallido social de 2019, con sus muertos, heridos y mutilados, es una prueba contundente de que esta pol\u00edtica represiva persiste. Es doloroso ver c\u00f3mo, a m\u00e1s de cincuenta a\u00f1os del golpe civil y militar, la mayor\u00eda de los cr\u00edmenes de lesa humanidad de la dictadura a\u00fan permanecen impunes, mientras desde la derecha se instala el negacionismo.&nbsp;<\/p>\n\n\n\n<p>Nosotros no olvidamos.&nbsp;<\/p>\n\n\n\n<p>La Confederaci\u00f3n de Trabajadores del Cobre, con 18 a\u00f1os de existencia , ha logrado importantes avances en derechos laborales y sociales , a pesar de haber enfrentado momentos dif\u00edciles, como gobiernos de orientaci\u00f3n empresarial y una pandemia. La movilizaci\u00f3n popular en octubre de 2019 demostr\u00f3 la fuerza del pueblo en su demanda por dignidad y justicia social. Aunque la propuesta de una nueva Constituci\u00f3n democr\u00e1tica fue rechazada, la dignidad y la justicia social siguen siendo objetivos por los cuales luchar, y una Constituci\u00f3n para un Estado Democr\u00e1tico de Derechos sigue siendo una necesidad imperiosa.<\/p>\n\n\n\n<p>Hoy, compa\u00f1eras y compa\u00f1eros, se alzan nuevas amenazas para la clase trabajadora. En noviembre pr\u00f3ximo, el pueblo de Chile tendr\u00e1 la responsabilidad de definir qu\u00e9 tipo de pa\u00eds necesitamos: uno democr\u00e1tico, centrado en el pueblo, sus necesidades y sus derechos, o uno donde impere el autoritarismo, la represi\u00f3n y la vulneraci\u00f3n de los derechos conquistados. Debemos elegir con claridad y no caer en la triste experiencia que vive el pueblo argentino.&nbsp;<\/p>\n\n\n\n<p>Los derechos que tanto nos ha costado conquistar pueden perderse. Nuestro Acuerdo Marco, que hoy beneficia a m\u00e1s de 65 mil trabajadores del cobre y sus familias que conquistamos hace 18 a\u00f1os , es una prueba de que la Negociaci\u00f3n Ramal no es una amenaza para la estabilidad del pa\u00eds. Sin embargo, el avance de la extrema derecha a nivel mundial representa un peligro inminente, con la posibilidad de nuevos retrocesos y la p\u00e9rdida de derechos que tanto sacrificio han costado.<\/p>\n\n\n\n<p>En este momento de grandes conflictos internacionales, donde los pueblos nos vemos amenazados por la violencia criminal de los grandes poderes que rigen el mundo, las guerras de expansi\u00f3n y exterminio, aunque geogr\u00e1ficamente lejanas, pueden extender sus efectos econ\u00f3micos y sociales, generando nuevas crisis, pandemias, restricciones y formas de explotaci\u00f3n y represi\u00f3n. Ante estas eventualidades, debemos estar preparados para mantener y defender nuestros derechos.&nbsp;<\/p>\n\n\n\n<p>Nuestro compromiso, a diez a\u00f1os del asesinato de nuestro cro. Nelson, es seguir impulsando acciones de memoria, b\u00fasqueda de Verdad y Justicia. No vamos a aceptar que su crimen se pierda en el olvido. Reafirmamos nuestra responsabilidad de reivindicar la memoria hist\u00f3rica y demandar toda la verdad y toda la justicia. Su ejemplo y memoria son un impulso vital para continuar luchando por una vida digna, por mejores condiciones laborales y por m\u00e1s derechos. En su memoria, seguiremos impulsando la leg\u00edtima demanda de recuperar para el Estado de Chile los recursos naturales estrat\u00e9gicos, la renacionalizaci\u00f3n del cobre, el fin del subcontrato y de toda forma de discriminaci\u00f3n, levantando la demanda de igualdad salarial. Necesitamos avanzar en la Negociaci\u00f3n Ramal para garantizar el derecho a una buena vida, a la felicidad y a la dignidad.&nbsp;<\/p>\n\n\n\n<p>Compa\u00f1eras y compa\u00f1eros, nada de lo que hemos obtenido ha sido regalado; hemos tenido que luchar por nuestros derechos. Es crucial fortalecer nuestra conciencia de clase, nuestra unidad y nuestra organizaci\u00f3n para no claudicar ante las nuevas amenazas. Como Confederaci\u00f3n, asumimos el compromiso de seguir organizando y haciendo conciencia en las y los trabajadores subcontratados.<\/p>\n\n\n\n<p>\u00a1Honor y gloria a nuestro querido e inolvidable compa\u00f1ero Nelson Quichillao L\u00f3pez!&nbsp;<\/p>\n\n\n\n<p>\u00a1Honor y gloria a las compa\u00f1eras y compa\u00f1eros que cayeron en tantas masacres en la Historia del movimiento obrero!&nbsp;<\/p>\n\n\n\n<p>Con Nelson en la memoria, seguimos luchando por las y los trabajadores, por nuestra dignidad y por nuestra vida.<\/p>\n\n\n\n<p><strong>\u00a1Arriba las y los que luchan y no se rinden jam\u00e1s!\u00a0<\/strong>&#8220;<\/p>\n\n\n\n<p class=\"has-text-align-center\"><strong>Ana Lamas Aguirre<\/strong>,                                                                                                                                                                               Presidenta de la Federaci\u00f3n de Sindicatos El Salvador y                                                                                                  Presidenta de la Confederaci\u00f3n de Trabajadores del Cobre.<\/p>\n\n\n\n<figure class=\"wp-block-image size-large\"><img loading=\"lazy\" decoding=\"async\" width=\"819\" height=\"1024\" src=\"https:\/\/www.confederaciondelcobre.cl\/wp-content\/uploads\/2025\/07\/2-819x1024.png\" alt=\"\" class=\"wp-image-5962\" srcset=\"https:\/\/www.confederaciondelcobre.cl\/wp-content\/uploads\/2025\/07\/2-819x1024.png 819w, https:\/\/www.confederaciondelcobre.cl\/wp-content\/uploads\/2025\/07\/2-240x300.png 240w, https:\/\/www.confederaciondelcobre.cl\/wp-content\/uploads\/2025\/07\/2-768x960.png 768w, https:\/\/www.confederaciondelcobre.cl\/wp-content\/uploads\/2025\/07\/2.png 1080w\" sizes=\"auto, (max-width: 819px) 100vw, 819px\" \/><\/figure>\n\n\n<div class=\"wp-block-site-logo\"><a href=\"https:\/\/www.confederaciondelcobre.cl\/\" class=\"custom-logo-link\" rel=\"home\"><img loading=\"lazy\" decoding=\"async\" width=\"504\" height=\"61\" src=\"https:\/\/www.confederaciondelcobre.cl\/wp-content\/uploads\/2023\/01\/TituloWebCTC.png\" class=\"custom-logo\" alt=\"Confederaci\u00f3n de Trabajadores del Cobre &#8211; CTC\" srcset=\"https:\/\/www.confederaciondelcobre.cl\/wp-content\/uploads\/2023\/01\/TituloWebCTC.png 606w, https:\/\/www.confederaciondelcobre.cl\/wp-content\/uploads\/2023\/01\/TituloWebCTC-300x37.png 300w\" sizes=\"auto, (max-width: 504px) 100vw, 504px\" \/><\/a><\/div>","protected":false},"excerpt":{"rendered":"<p>&#8220;Compa\u00f1eras y compa\u00f1eros, amigas y amigos: Nos reunimos hoy, en julio de 2025, para conmemorar diez a\u00f1os del brutal asesinato de nuestro compa\u00f1ero Nelson Quichillao L\u00f3pez. Nelson, un trabajador honesto &hellip; <\/p>\n","protected":false},"author":2,"featured_media":5967,"comment_status":"closed","ping_status":"closed","sticky":false,"template":"","format":"standard","meta":{"jetpack_post_was_ever_published":false,"_jetpack_newsletter_access":"","_jetpack_dont_email_post_to_subs":false,"_jetpack_newsletter_tier_id":0,"_jetpack_memberships_contains_paywalled_content":false,"_jetpack_memberships_contains_paid_content":false,"footnotes":"","jetpack_publicize_message":"","jetpack_publicize_feature_enabled":true,"jetpack_social_post_already_shared":true,"jetpack_social_options":{"image_generator_settings":{"template":"highway","default_image_id":0,"enabled":false},"version":2}},"categories":[9],"tags":[],"class_list":["post-5966","post","type-post","status-publish","format-standard","has-post-thumbnail","hentry","category-confederacion"],"jetpack_publicize_connections":[],"jetpack_featured_media_url":"https:\/\/www.confederaciondelcobre.cl\/wp-content\/uploads\/2025\/07\/A-10-anos-Justicia-para-Nelson-Quichillao.png","jetpack_sharing_enabled":true,"post_mailing_queue_ids":[],"_links":{"self":[{"href":"https:\/\/www.confederaciondelcobre.cl\/index.php\/wp-json\/wp\/v2\/posts\/5966","targetHints":{"allow":["GET"]}}],"collection":[{"href":"https:\/\/www.confederaciondelcobre.cl\/index.php\/wp-json\/wp\/v2\/posts"}],"about":[{"href":"https:\/\/www.confederaciondelcobre.cl\/index.php\/wp-json\/wp\/v2\/types\/post"}],"author":[{"embeddable":true,"href":"https:\/\/www.confederaciondelcobre.cl\/index.php\/wp-json\/wp\/v2\/users\/2"}],"replies":[{"embeddable":true,"href":"https:\/\/www.confederaciondelcobre.cl\/index.php\/wp-json\/wp\/v2\/comments?post=5966"}],"version-history":[{"count":2,"href":"https:\/\/www.confederaciondelcobre.cl\/index.php\/wp-json\/wp\/v2\/posts\/5966\/revisions"}],"predecessor-version":[{"id":5969,"href":"https:\/\/www.confederaciondelcobre.cl\/index.php\/wp-json\/wp\/v2\/posts\/5966\/revisions\/5969"}],"wp:featuredmedia":[{"embeddable":true,"href":"https:\/\/www.confederaciondelcobre.cl\/index.php\/wp-json\/wp\/v2\/media\/5967"}],"wp:attachment":[{"href":"https:\/\/www.confederaciondelcobre.cl\/index.php\/wp-json\/wp\/v2\/media?parent=5966"}],"wp:term":[{"taxonomy":"category","embeddable":true,"href":"https:\/\/www.confederaciondelcobre.cl\/index.php\/wp-json\/wp\/v2\/categories?post=5966"},{"taxonomy":"post_tag","embeddable":true,"href":"https:\/\/www.confederaciondelcobre.cl\/index.php\/wp-json\/wp\/v2\/tags?post=5966"}],"curies":[{"name":"wp","href":"https:\/\/api.w.org\/{rel}","templated":true}]}}