{"id":5970,"date":"2025-07-28T20:29:12","date_gmt":"2025-07-29T00:29:12","guid":{"rendered":"https:\/\/www.confederaciondelcobre.cl\/?p=5970"},"modified":"2025-07-28T20:29:15","modified_gmt":"2025-07-29T00:29:15","slug":"sindicato-p-u-i-c-de-los-andes-logra-importante-cierre-de-negociacion-colectiva","status":"publish","type":"post","link":"https:\/\/www.confederaciondelcobre.cl\/index.php\/2025\/07\/28\/sindicato-p-u-i-c-de-los-andes-logra-importante-cierre-de-negociacion-colectiva\/","title":{"rendered":"Sindicato P.U.I.C. de Los Andes logra importante cierre de Negociacion Colectiva"},"content":{"rendered":"\n<p>LOS ANDES | El pasado 23 de julio, despu\u00e9s de meses de iniciado el proceso de negociaci\u00f3n, el Sindicato P.U.I.C. firm\u00f3 la renovaci\u00f3n de la negociaci\u00f3n colectiva de sus trabajadores.&nbsp;<\/p>\n\n\n\n<p>El sindicato afiliado a la Federaci\u00f3n de Trabajadores de la Miner\u00eda de Aconcagua (FETRAMAC), brazo org\u00e1nico de la Confederaci\u00f3n de Trabajadores del Cobre (CTC), quinto d\u00eda de mediaci\u00f3n, logr\u00f3 llegar a un acuerdo y avanzar en las demandas que levant\u00f3 el sindicato.<\/p>\n\n\n\n<p>Las conquistas de esta negociaci\u00f3n contemplan Incremento del sueldo base, bono mensual por disponibilidad, titularidad sindical, reajustabilidad de IPC trimestral, 3 cupos de retiro, asignaci\u00f3n de movilizaci\u00f3n, asignaci\u00f3n colaci\u00f3n, mejoramiento del comedor, permisos administrativos, d\u00eda del trabajador ferroviario, preliquidaci\u00f3n, reembolso de licencias A2-A4-D, bono de termino de conflicto y mejoras de los puntos existentes.<\/p>\n\n\n\n<p>Francisco Ibaceta, presidente de FETRAMAC indic\u00f3 al respecto \u2013&nbsp;<em>\u201cFue un proceso dif\u00edcil, muy dif\u00edcil, pero una vez m\u00e1s qued\u00f3 comprobado que la unidad de las y los trabajadores puede conquistar mejoras en todos los \u00e1mbitos. Estamos muy satisfechos por todo lo que se logr\u00f3, sin embargo, la lucha no ha terminado y seguiremos trabajando para poder fortalecer la organizaci\u00f3n base y la Federaci\u00f3n (FETRAMAC) y a la CTC, sobre todo impulsando los desaf\u00edos sociales para el progreso de la clase trabajadora. Por eso, revisaremos peri\u00f3dicamente el cumplimiento de este contrato colectivo, como tambi\u00e9n del acuerdo marco. Arriba los que luchan y no se rinden\u201d.<\/em><\/p>\n\n\n<div class=\"wp-block-site-logo\"><a href=\"https:\/\/www.confederaciondelcobre.cl\/\" class=\"custom-logo-link\" rel=\"home\"><img loading=\"lazy\" decoding=\"async\" width=\"632\" height=\"77\" src=\"https:\/\/www.confederaciondelcobre.cl\/wp-content\/uploads\/2023\/01\/TituloWebCTC.png\" class=\"custom-logo\" alt=\"Confederaci\u00f3n de Trabajadores del Cobre &#8211; CTC\" srcset=\"https:\/\/www.confederaciondelcobre.cl\/wp-content\/uploads\/2023\/01\/TituloWebCTC.png 606w, https:\/\/www.confederaciondelcobre.cl\/wp-content\/uploads\/2023\/01\/TituloWebCTC-300x37.png 300w\" sizes=\"auto, (max-width: 632px) 100vw, 632px\" \/><\/a><\/div>\n\n\n<p><\/p>\n","protected":false},"excerpt":{"rendered":"<p>LOS ANDES | El pasado 23 de julio, despu\u00e9s de meses de iniciado el proceso de negociaci\u00f3n, el Sindicato P.U.I.C. firm\u00f3 la renovaci\u00f3n de la negociaci\u00f3n colectiva de sus trabajadores.&nbsp; &hellip; <\/p>\n","protected":false},"author":2,"featured_media":5971,"comment_status":"closed","ping_status":"closed","sticky":false,"template":"","format":"standard","meta":{"jetpack_post_was_ever_published":false,"_jetpack_newsletter_access":"","_jetpack_dont_email_post_to_subs":false,"_jetpack_newsletter_tier_id":0,"_jetpack_memberships_contains_paywalled_content":false,"_jetpack_memberships_contains_paid_content":false,"footnotes":"","jetpack_publicize_message":"","jetpack_publicize_feature_enabled":true,"jetpack_social_post_already_shared":true,"jetpack_social_options":{"image_generator_settings":{"template":"highway","default_image_id":0,"enabled":false},"version":2}},"categories":[9],"tags":[],"class_list":["post-5970","post","type-post","status-publish","format-standard","has-post-thumbnail","hentry","category-confederacion"],"jetpack_publicize_connections":[],"jetpack_featured_media_url":"https:\/\/www.confederaciondelcobre.cl\/wp-content\/uploads\/2025\/07\/Plantillas-CTC-Portada-de-Facebook-2.png","jetpack_sharing_enabled":true,"post_mailing_queue_ids":[],"_links":{"self":[{"href":"https:\/\/www.confederaciondelcobre.cl\/index.php\/wp-json\/wp\/v2\/posts\/5970","targetHints":{"allow":["GET"]}}],"collection":[{"href":"https:\/\/www.confederaciondelcobre.cl\/index.php\/wp-json\/wp\/v2\/posts"}],"about":[{"href":"https:\/\/www.confederaciondelcobre.cl\/index.php\/wp-json\/wp\/v2\/types\/post"}],"author":[{"embeddable":true,"href":"https:\/\/www.confederaciondelcobre.cl\/index.php\/wp-json\/wp\/v2\/users\/2"}],"replies":[{"embeddable":true,"href":"https:\/\/www.confederaciondelcobre.cl\/index.php\/wp-json\/wp\/v2\/comments?post=5970"}],"version-history":[{"count":1,"href":"https:\/\/www.confederaciondelcobre.cl\/index.php\/wp-json\/wp\/v2\/posts\/5970\/revisions"}],"predecessor-version":[{"id":5972,"href":"https:\/\/www.confederaciondelcobre.cl\/index.php\/wp-json\/wp\/v2\/posts\/5970\/revisions\/5972"}],"wp:featuredmedia":[{"embeddable":true,"href":"https:\/\/www.confederaciondelcobre.cl\/index.php\/wp-json\/wp\/v2\/media\/5971"}],"wp:attachment":[{"href":"https:\/\/www.confederaciondelcobre.cl\/index.php\/wp-json\/wp\/v2\/media?parent=5970"}],"wp:term":[{"taxonomy":"category","embeddable":true,"href":"https:\/\/www.confederaciondelcobre.cl\/index.php\/wp-json\/wp\/v2\/categories?post=5970"},{"taxonomy":"post_tag","embeddable":true,"href":"https:\/\/www.confederaciondelcobre.cl\/index.php\/wp-json\/wp\/v2\/tags?post=5970"}],"curies":[{"name":"wp","href":"https:\/\/api.w.org\/{rel}","templated":true}]}}