{"id":5973,"date":"2025-07-28T22:07:59","date_gmt":"2025-07-29T02:07:59","guid":{"rendered":"https:\/\/www.confederaciondelcobre.cl\/?p=5973"},"modified":"2025-07-28T22:40:27","modified_gmt":"2025-07-29T02:40:27","slug":"trabajadores-de-sindicato-i-d-en-monteverde-votan-la-huelga-tras-fracaso-en-negociaciones-con-la-empresa","status":"publish","type":"post","link":"https:\/\/www.confederaciondelcobre.cl\/index.php\/2025\/07\/28\/trabajadores-de-sindicato-i-d-en-monteverde-votan-la-huelga-tras-fracaso-en-negociaciones-con-la-empresa\/","title":{"rendered":"Trabajadores de Sindicato I.D. en Mantoverde votan la huelga tras fracaso en negociaciones con la empresa"},"content":{"rendered":"\n<p>Los trabajadores del Sindicato I.D., una empresa contratista que opera en MantoVerde, Regi\u00f3n de Atacama, y que hace algunos meses se afili\u00f3 a la&nbsp;Federaci\u00f3n de Trabajadores Contratistas Divisi\u00f3n MantoVerde (FESAMAV), brazo org\u00e1nico de la CTC,&nbsp;han decidido ejercer su leg\u00edtimo derecho a la huelga a partir de ma\u00f1ana despu\u00e9s de que las negociaciones con la empresa no llegaran a un acuerdo satisfactorio. La decisi\u00f3n de huelga fue tomada por unanimidad por los trabajadores, quienes exigen mejoras en sus condiciones laborales y remunerativas.<\/p>\n\n\n\n<p>Seg\u00fan denuncian los trabajadores, la empresa no entreg\u00f3 ninguna propuesta concreta durante la negociaci\u00f3n ni la mediaci\u00f3n obligatoria y, adem\u00e1s, ha ejercido presi\u00f3n indebida y pr\u00e1cticas desleales durante el proceso de negociaci\u00f3n colectiva las cuales han sido denunciadas ante la inspecci\u00f3n del trabajo. Ante esta situaci\u00f3n, los trabajadores deciden que ejercer la huelga es el mecanismo para conquistar sus derechos y mejoras.<\/p>\n\n\n\n<p>Entre los puntos sensibles que los trabajadores exigen se encuentran el incremento real de remuneraciones, cl\u00e1usulas sociales y cl\u00e1usulas de cierre.&nbsp;<\/p>\n\n\n\n<p>Los trabajadores del Sindicato ID est\u00e1n decididos a luchar por sus derechos y mejorar sus condiciones laborales, de vida y la de sus familias. La huelga se iniciar\u00e1 ma\u00f1ana por lo que se hace un llamado a la m\u00e1s amplia unidad y solidaridad de las y los trabajadores.<\/p>\n\n\n\n<p><strong>Solidaridad con los trabajadores<\/strong><\/p>\n\n\n\n<p>La CTC, los sindicatos afines y Federaciones hermanas como la Federaci\u00f3n de Sindicatos de El Salvador (FESAL) han expresado su solidaridad con los trabajadores del Sindicato I.D. y han condenado las pr\u00e1cticas desleales de la empresa. Se espera que la huelga sea un llamado de atenci\u00f3n para que la empresa revise su postura y se siente a negociar con los trabajadores.<\/p>\n\n\n<div class=\"wp-block-site-logo\"><a href=\"https:\/\/www.confederaciondelcobre.cl\/\" class=\"custom-logo-link\" rel=\"home\"><img loading=\"lazy\" decoding=\"async\" width=\"620\" height=\"75\" src=\"https:\/\/www.confederaciondelcobre.cl\/wp-content\/uploads\/2023\/01\/TituloWebCTC.png\" class=\"custom-logo\" alt=\"Confederaci\u00f3n de Trabajadores del Cobre &#8211; CTC\" srcset=\"https:\/\/www.confederaciondelcobre.cl\/wp-content\/uploads\/2023\/01\/TituloWebCTC.png 606w, https:\/\/www.confederaciondelcobre.cl\/wp-content\/uploads\/2023\/01\/TituloWebCTC-300x37.png 300w\" sizes=\"auto, (max-width: 620px) 100vw, 620px\" \/><\/a><\/div>","protected":false},"excerpt":{"rendered":"<p>Los trabajadores del Sindicato I.D., una empresa contratista que opera en MantoVerde, Regi\u00f3n de Atacama, y que hace algunos meses se afili\u00f3 a la&nbsp;Federaci\u00f3n de Trabajadores Contratistas Divisi\u00f3n MantoVerde (FESAMAV), &hellip; <\/p>\n","protected":false},"author":2,"featured_media":5977,"comment_status":"closed","ping_status":"closed","sticky":false,"template":"","format":"standard","meta":{"jetpack_post_was_ever_published":false,"_jetpack_newsletter_access":"","_jetpack_dont_email_post_to_subs":false,"_jetpack_newsletter_tier_id":0,"_jetpack_memberships_contains_paywalled_content":false,"_jetpack_memberships_contains_paid_content":false,"footnotes":"","jetpack_publicize_message":"","jetpack_publicize_feature_enabled":true,"jetpack_social_post_already_shared":true,"jetpack_social_options":{"image_generator_settings":{"template":"highway","default_image_id":0,"enabled":false},"version":2}},"categories":[9],"tags":[],"class_list":["post-5973","post","type-post","status-publish","format-standard","has-post-thumbnail","hentry","category-confederacion"],"jetpack_publicize_connections":[],"jetpack_featured_media_url":"https:\/\/www.confederaciondelcobre.cl\/wp-content\/uploads\/2025\/07\/Plantillas-CTC-Portada-de-Facebook-4.png","jetpack_sharing_enabled":true,"post_mailing_queue_ids":[],"_links":{"self":[{"href":"https:\/\/www.confederaciondelcobre.cl\/index.php\/wp-json\/wp\/v2\/posts\/5973","targetHints":{"allow":["GET"]}}],"collection":[{"href":"https:\/\/www.confederaciondelcobre.cl\/index.php\/wp-json\/wp\/v2\/posts"}],"about":[{"href":"https:\/\/www.confederaciondelcobre.cl\/index.php\/wp-json\/wp\/v2\/types\/post"}],"author":[{"embeddable":true,"href":"https:\/\/www.confederaciondelcobre.cl\/index.php\/wp-json\/wp\/v2\/users\/2"}],"replies":[{"embeddable":true,"href":"https:\/\/www.confederaciondelcobre.cl\/index.php\/wp-json\/wp\/v2\/comments?post=5973"}],"version-history":[{"count":3,"href":"https:\/\/www.confederaciondelcobre.cl\/index.php\/wp-json\/wp\/v2\/posts\/5973\/revisions"}],"predecessor-version":[{"id":5978,"href":"https:\/\/www.confederaciondelcobre.cl\/index.php\/wp-json\/wp\/v2\/posts\/5973\/revisions\/5978"}],"wp:featuredmedia":[{"embeddable":true,"href":"https:\/\/www.confederaciondelcobre.cl\/index.php\/wp-json\/wp\/v2\/media\/5977"}],"wp:attachment":[{"href":"https:\/\/www.confederaciondelcobre.cl\/index.php\/wp-json\/wp\/v2\/media?parent=5973"}],"wp:term":[{"taxonomy":"category","embeddable":true,"href":"https:\/\/www.confederaciondelcobre.cl\/index.php\/wp-json\/wp\/v2\/categories?post=5973"},{"taxonomy":"post_tag","embeddable":true,"href":"https:\/\/www.confederaciondelcobre.cl\/index.php\/wp-json\/wp\/v2\/tags?post=5973"}],"curies":[{"name":"wp","href":"https:\/\/api.w.org\/{rel}","templated":true}]}}