{"id":5979,"date":"2025-07-29T17:25:34","date_gmt":"2025-07-29T21:25:34","guid":{"rendered":"https:\/\/www.confederaciondelcobre.cl\/?p=5979"},"modified":"2025-07-29T17:25:37","modified_gmt":"2025-07-29T21:25:37","slug":"ctc-realiza-emotiva-conmemoracion-a-10-anos-del-asesinato-de-nelson-quichillao","status":"publish","type":"post","link":"https:\/\/www.confederaciondelcobre.cl\/index.php\/2025\/07\/29\/ctc-realiza-emotiva-conmemoracion-a-10-anos-del-asesinato-de-nelson-quichillao\/","title":{"rendered":"CTC realiza emotiva conmemoraci\u00f3n a 10 a\u00f1os del asesinato de Nelson Quichillao"},"content":{"rendered":"\n<p>#A10A\u00d1OS | El pasado 24 de julio, se cumplieron diez a\u00f1os desde que Nelson Quichillao L\u00f3pez, trabajador subcontratado de la miner\u00eda del cobre, fuera asesinado por fuerzas represivas del Estado de Chile, mientras se manifestaba junto a sus compa\u00f1eras y compa\u00f1eros de trabajo por mejores condiciones laborales.<\/p>\n\n\n\n<p>Su asesinato ocurri\u00f3 en la madrugada del 24 de julio de 2015, en el campamento minero de El Salvador, cuando a lo largo del pa\u00eds y en todas las divisiones de Codelco se llevaba a cabo una movilizaci\u00f3n de las y los trabajadores contratistas y subcontratistas del cobre, liderada por la Confederaci\u00f3n de Trabajadores del Cobre (CTC). Dicha movilizaci\u00f3n, bajo el contexto de negociaci\u00f3n del Acuerdo Marco con la mencionada minera estatal, buscaba mejorar los derechos y condiciones laborales en que se encontraban las y los trabajadores m\u00e1s precarizados de la industria minera.<\/p>\n\n\n\n<p>Aquel d\u00eda, cuando la movilizaci\u00f3n nacional se encontraba en su punto m\u00e1s \u00e1lgido, las autoridades de la \u00e9poca decidieron reprimir de manera absolutamente irracional a las y los trabajadores. No ser\u00eda la primera vez en la historia de nuestro pa\u00eds, y en esta oportunidad el campamento minero de El Salvador vivir\u00eda otra de sus noches m\u00e1s oscuras.<\/p>\n\n\n\n<p>Fuerzas Especiales de Carabineros, con carros blindados y lanza gases, reprimieron a las y los trabajadores que se manifestaban. Con gran cantidad de bombas lacrim\u00f3genas y granadas de mano, adem\u00e1s de tiros de escopeta antidisturbios, las fuerzas represivas buscaron sofocar la protesta de quienes solo demandaban mejores condiciones laborales y reclamaban sus derechos, dejando a varios heridos con balines. En la madrugada del 24, y cuando m\u00e1s arreciaba la represi\u00f3n, un carabinero, posteriormente identificado como Marco Guerrero Mart\u00ednez, se separa del piquete y utiliza un arma de pu\u00f1o con la que dispara en repetidas oportunidades contra el grupo de trabajadoras y trabajadores. Herido de muerte, cae un trabajador. Su nombre: Nelson Quichillao L\u00f3pez.<\/p>\n\n\n\n<p><strong>Conmemoraciones<\/strong><\/p>\n\n\n\n<p><strong>El pasado 24 de julio, en el memorial erigido en el mismo lugar donde Nelson Quichillao fue asesinado, en El Salvador, se desarroll\u00f3 el principal homenaje convocado por la Federaci\u00f3n de Sindicatos de El Salvador (FESAL) y la Confederaci\u00f3n de Trabajadores del Cobre (CTC). La actividad fue encabezada por Ana Lamas Aguirre, presidenta de FESAL y CTC, quien vivi\u00f3 la huelga del 2015 en el mismo lugar de los hechos, y que a liderado en los \u00faltimos a\u00f1os las demandas qu\u00e9 buscan justicia para Nelson, quien en su discurso declar\u00f3 que&nbsp;<\/strong><strong><em>\u201c<\/em><\/strong><em>Han transcurrido diez a\u00f1os desde su asesinato y, a pesar de haber recurrido a todas las instancias legales nacionales e internacionales como la OIT y la Corte Interamericana de Derechos Humanos, no ha habido justicia. Los culpables de su muerte permanecen impunes, protegidos por los poderes f\u00e1cticos. Este crimen impune a\u00fan nos duele y nos rebela.\u201d<\/em><\/p>\n\n\n\n<p>A pesar de los a\u00f1os qu\u00e9 han pasado desde el crimen qu\u00e9 asesin\u00f3 a Nelson, tambi\u00e9n reafirmo los compromisos de la CTC \u2013<em>\u201c Nuestro compromiso, a diez a\u00f1os del asesinato de nuestro compa\u00f1ero Nelson, es seguir impulsando acciones de memoria, b\u00fasqueda de Verdad y Justicia. No vamos a aceptar que su crimen se pierda en el olvido. Reafirmamos nuestra responsabilidad de reivindicar la memoria hist\u00f3rica y demandar toda la verdad y toda la justicia. Su ejemplo y memoria son un impulso vital para continuar luchando por una vida digna, por mejores condiciones laborales y por m\u00e1s derechos. En su memoria, seguiremos impulsando la leg\u00edtima demanda de recuperar para el Estado de Chile los recursos naturales estrat\u00e9gicos, la renacionalizaci\u00f3n del cobre, el fin del subcontrato y de toda forma de discriminaci\u00f3n, levantando la demanda de igualdad salarial.\u201d<\/em><\/p>\n\n\n\n<p>La actividad cont\u00f3 con la participaci\u00f3n de dirigentes sindicales y artistas que levantaron la figura de Nelson Quichillao en torno a la Verdad y la Justicia.<\/p>\n\n\n\n<figure class=\"wp-block-gallery has-nested-images columns-default is-cropped wp-block-gallery-1 is-layout-flex wp-block-gallery-is-layout-flex\">\n<figure class=\"wp-block-image size-large\"><img loading=\"lazy\" decoding=\"async\" width=\"1024\" height=\"768\" data-id=\"5983\" src=\"https:\/\/www.confederaciondelcobre.cl\/wp-content\/uploads\/2025\/07\/WhatsApp-Image-2025-07-24-at-22.34.23-1024x768.jpeg\" alt=\"\" class=\"wp-image-5983\" srcset=\"https:\/\/www.confederaciondelcobre.cl\/wp-content\/uploads\/2025\/07\/WhatsApp-Image-2025-07-24-at-22.34.23-1024x768.jpeg 1024w, https:\/\/www.confederaciondelcobre.cl\/wp-content\/uploads\/2025\/07\/WhatsApp-Image-2025-07-24-at-22.34.23-300x225.jpeg 300w, https:\/\/www.confederaciondelcobre.cl\/wp-content\/uploads\/2025\/07\/WhatsApp-Image-2025-07-24-at-22.34.23-768x576.jpeg 768w, https:\/\/www.confederaciondelcobre.cl\/wp-content\/uploads\/2025\/07\/WhatsApp-Image-2025-07-24-at-22.34.23-1536x1152.jpeg 1536w, https:\/\/www.confederaciondelcobre.cl\/wp-content\/uploads\/2025\/07\/WhatsApp-Image-2025-07-24-at-22.34.23-2048x1536.jpeg 2048w\" sizes=\"auto, (max-width: 1024px) 100vw, 1024px\" \/><\/figure>\n\n\n\n\n\n\n\n<figure class=\"wp-block-image size-large\"><img loading=\"lazy\" decoding=\"async\" width=\"1024\" height=\"768\" data-id=\"5986\" src=\"https:\/\/www.confederaciondelcobre.cl\/wp-content\/uploads\/2025\/07\/WhatsApp-Image-2025-07-24-at-22.34.29-1024x768.jpeg\" alt=\"\" class=\"wp-image-5986\" srcset=\"https:\/\/www.confederaciondelcobre.cl\/wp-content\/uploads\/2025\/07\/WhatsApp-Image-2025-07-24-at-22.34.29-1024x768.jpeg 1024w, https:\/\/www.confederaciondelcobre.cl\/wp-content\/uploads\/2025\/07\/WhatsApp-Image-2025-07-24-at-22.34.29-300x225.jpeg 300w, https:\/\/www.confederaciondelcobre.cl\/wp-content\/uploads\/2025\/07\/WhatsApp-Image-2025-07-24-at-22.34.29-768x576.jpeg 768w, https:\/\/www.confederaciondelcobre.cl\/wp-content\/uploads\/2025\/07\/WhatsApp-Image-2025-07-24-at-22.34.29-1536x1152.jpeg 1536w, https:\/\/www.confederaciondelcobre.cl\/wp-content\/uploads\/2025\/07\/WhatsApp-Image-2025-07-24-at-22.34.29-2048x1536.jpeg 2048w\" sizes=\"auto, (max-width: 1024px) 100vw, 1024px\" \/><\/figure>\n\n\n\n<figure class=\"wp-block-image size-large\"><img loading=\"lazy\" decoding=\"async\" width=\"768\" height=\"1024\" data-id=\"5981\" src=\"https:\/\/www.confederaciondelcobre.cl\/wp-content\/uploads\/2025\/07\/WhatsApp-Image-2025-07-24-at-22.35.06-2-768x1024.jpeg\" alt=\"\" class=\"wp-image-5981\" srcset=\"https:\/\/www.confederaciondelcobre.cl\/wp-content\/uploads\/2025\/07\/WhatsApp-Image-2025-07-24-at-22.35.06-2-768x1024.jpeg 768w, https:\/\/www.confederaciondelcobre.cl\/wp-content\/uploads\/2025\/07\/WhatsApp-Image-2025-07-24-at-22.35.06-2-225x300.jpeg 225w, https:\/\/www.confederaciondelcobre.cl\/wp-content\/uploads\/2025\/07\/WhatsApp-Image-2025-07-24-at-22.35.06-2.jpeg 780w\" sizes=\"auto, (max-width: 768px) 100vw, 768px\" \/><\/figure>\n\n\n\n<figure class=\"wp-block-image size-large\"><img loading=\"lazy\" decoding=\"async\" width=\"768\" height=\"1024\" data-id=\"5982\" src=\"https:\/\/www.confederaciondelcobre.cl\/wp-content\/uploads\/2025\/07\/WhatsApp-Image-2025-07-24-at-22.35.06-768x1024.jpeg\" alt=\"\" class=\"wp-image-5982\" srcset=\"https:\/\/www.confederaciondelcobre.cl\/wp-content\/uploads\/2025\/07\/WhatsApp-Image-2025-07-24-at-22.35.06-768x1024.jpeg 768w, https:\/\/www.confederaciondelcobre.cl\/wp-content\/uploads\/2025\/07\/WhatsApp-Image-2025-07-24-at-22.35.06-225x300.jpeg 225w, https:\/\/www.confederaciondelcobre.cl\/wp-content\/uploads\/2025\/07\/WhatsApp-Image-2025-07-24-at-22.35.06.jpeg 780w\" sizes=\"auto, (max-width: 768px) 100vw, 768px\" \/><\/figure>\n\n\n\n<figure class=\"wp-block-image size-large\"><img loading=\"lazy\" decoding=\"async\" width=\"768\" height=\"1024\" data-id=\"5988\" src=\"https:\/\/www.confederaciondelcobre.cl\/wp-content\/uploads\/2025\/07\/WhatsApp-Image-2025-07-24-at-22.35.07-2-768x1024.jpeg\" alt=\"\" class=\"wp-image-5988\" srcset=\"https:\/\/www.confederaciondelcobre.cl\/wp-content\/uploads\/2025\/07\/WhatsApp-Image-2025-07-24-at-22.35.07-2-768x1024.jpeg 768w, https:\/\/www.confederaciondelcobre.cl\/wp-content\/uploads\/2025\/07\/WhatsApp-Image-2025-07-24-at-22.35.07-2-225x300.jpeg 225w, https:\/\/www.confederaciondelcobre.cl\/wp-content\/uploads\/2025\/07\/WhatsApp-Image-2025-07-24-at-22.35.07-2.jpeg 780w\" sizes=\"auto, (max-width: 768px) 100vw, 768px\" \/><\/figure>\n\n\n\n<figure class=\"wp-block-image size-large\"><img loading=\"lazy\" decoding=\"async\" width=\"768\" height=\"1024\" data-id=\"5989\" src=\"https:\/\/www.confederaciondelcobre.cl\/wp-content\/uploads\/2025\/07\/WhatsApp-Image-2025-07-24-at-22.35.07-768x1024.jpeg\" alt=\"\" class=\"wp-image-5989\" srcset=\"https:\/\/www.confederaciondelcobre.cl\/wp-content\/uploads\/2025\/07\/WhatsApp-Image-2025-07-24-at-22.35.07-768x1024.jpeg 768w, https:\/\/www.confederaciondelcobre.cl\/wp-content\/uploads\/2025\/07\/WhatsApp-Image-2025-07-24-at-22.35.07-225x300.jpeg 225w, https:\/\/www.confederaciondelcobre.cl\/wp-content\/uploads\/2025\/07\/WhatsApp-Image-2025-07-24-at-22.35.07.jpeg 780w\" sizes=\"auto, (max-width: 768px) 100vw, 768px\" \/><\/figure>\n\n\n\n<figure class=\"wp-block-image size-large\"><img loading=\"lazy\" decoding=\"async\" width=\"768\" height=\"1024\" data-id=\"5987\" src=\"https:\/\/www.confederaciondelcobre.cl\/wp-content\/uploads\/2025\/07\/WhatsApp-Image-2025-07-24-at-22.35.08-768x1024.jpeg\" alt=\"\" class=\"wp-image-5987\" srcset=\"https:\/\/www.confederaciondelcobre.cl\/wp-content\/uploads\/2025\/07\/WhatsApp-Image-2025-07-24-at-22.35.08-768x1024.jpeg 768w, https:\/\/www.confederaciondelcobre.cl\/wp-content\/uploads\/2025\/07\/WhatsApp-Image-2025-07-24-at-22.35.08-225x300.jpeg 225w, https:\/\/www.confederaciondelcobre.cl\/wp-content\/uploads\/2025\/07\/WhatsApp-Image-2025-07-24-at-22.35.08.jpeg 780w\" sizes=\"auto, (max-width: 768px) 100vw, 768px\" \/><\/figure>\n\n\n\n<figure class=\"wp-block-image size-large\"><img loading=\"lazy\" decoding=\"async\" width=\"768\" height=\"1024\" data-id=\"5990\" src=\"https:\/\/www.confederaciondelcobre.cl\/wp-content\/uploads\/2025\/07\/WhatsApp-Image-2025-07-24-at-22.35.09-768x1024.jpeg\" alt=\"\" class=\"wp-image-5990\" srcset=\"https:\/\/www.confederaciondelcobre.cl\/wp-content\/uploads\/2025\/07\/WhatsApp-Image-2025-07-24-at-22.35.09-768x1024.jpeg 768w, https:\/\/www.confederaciondelcobre.cl\/wp-content\/uploads\/2025\/07\/WhatsApp-Image-2025-07-24-at-22.35.09-225x300.jpeg 225w, https:\/\/www.confederaciondelcobre.cl\/wp-content\/uploads\/2025\/07\/WhatsApp-Image-2025-07-24-at-22.35.09.jpeg 780w\" sizes=\"auto, (max-width: 768px) 100vw, 768px\" \/><\/figure>\n\n\n\n<figure class=\"wp-block-image size-large\"><img loading=\"lazy\" decoding=\"async\" width=\"768\" height=\"1024\" data-id=\"5992\" src=\"https:\/\/www.confederaciondelcobre.cl\/wp-content\/uploads\/2025\/07\/WhatsApp-Image-2025-07-24-at-22.37.55-768x1024.jpeg\" alt=\"\" class=\"wp-image-5992\" srcset=\"https:\/\/www.confederaciondelcobre.cl\/wp-content\/uploads\/2025\/07\/WhatsApp-Image-2025-07-24-at-22.37.55-768x1024.jpeg 768w, https:\/\/www.confederaciondelcobre.cl\/wp-content\/uploads\/2025\/07\/WhatsApp-Image-2025-07-24-at-22.37.55-225x300.jpeg 225w, https:\/\/www.confederaciondelcobre.cl\/wp-content\/uploads\/2025\/07\/WhatsApp-Image-2025-07-24-at-22.37.55-1152x1536.jpeg 1152w, https:\/\/www.confederaciondelcobre.cl\/wp-content\/uploads\/2025\/07\/WhatsApp-Image-2025-07-24-at-22.37.55.jpeg 1200w\" sizes=\"auto, (max-width: 768px) 100vw, 768px\" \/><\/figure>\n\n\n\n<figure class=\"wp-block-image size-large\"><img loading=\"lazy\" decoding=\"async\" width=\"1024\" height=\"768\" data-id=\"5991\" src=\"https:\/\/www.confederaciondelcobre.cl\/wp-content\/uploads\/2025\/07\/WhatsApp-Image-2025-07-24-at-22.37.57-2-1024x768.jpeg\" alt=\"\" class=\"wp-image-5991\" srcset=\"https:\/\/www.confederaciondelcobre.cl\/wp-content\/uploads\/2025\/07\/WhatsApp-Image-2025-07-24-at-22.37.57-2-1024x768.jpeg 1024w, https:\/\/www.confederaciondelcobre.cl\/wp-content\/uploads\/2025\/07\/WhatsApp-Image-2025-07-24-at-22.37.57-2-300x225.jpeg 300w, https:\/\/www.confederaciondelcobre.cl\/wp-content\/uploads\/2025\/07\/WhatsApp-Image-2025-07-24-at-22.37.57-2-768x576.jpeg 768w, https:\/\/www.confederaciondelcobre.cl\/wp-content\/uploads\/2025\/07\/WhatsApp-Image-2025-07-24-at-22.37.57-2-1536x1152.jpeg 1536w, https:\/\/www.confederaciondelcobre.cl\/wp-content\/uploads\/2025\/07\/WhatsApp-Image-2025-07-24-at-22.37.57-2.jpeg 1600w\" sizes=\"auto, (max-width: 1024px) 100vw, 1024px\" \/><\/figure>\n\n\n\n<figure class=\"wp-block-image size-large\"><img loading=\"lazy\" decoding=\"async\" width=\"1024\" height=\"768\" data-id=\"5993\" src=\"https:\/\/www.confederaciondelcobre.cl\/wp-content\/uploads\/2025\/07\/WhatsApp-Image-2025-07-24-at-22.37.57-3-1024x768.jpeg\" alt=\"\" class=\"wp-image-5993\" srcset=\"https:\/\/www.confederaciondelcobre.cl\/wp-content\/uploads\/2025\/07\/WhatsApp-Image-2025-07-24-at-22.37.57-3-1024x768.jpeg 1024w, https:\/\/www.confederaciondelcobre.cl\/wp-content\/uploads\/2025\/07\/WhatsApp-Image-2025-07-24-at-22.37.57-3-300x225.jpeg 300w, https:\/\/www.confederaciondelcobre.cl\/wp-content\/uploads\/2025\/07\/WhatsApp-Image-2025-07-24-at-22.37.57-3-768x576.jpeg 768w, https:\/\/www.confederaciondelcobre.cl\/wp-content\/uploads\/2025\/07\/WhatsApp-Image-2025-07-24-at-22.37.57-3-1536x1152.jpeg 1536w, https:\/\/www.confederaciondelcobre.cl\/wp-content\/uploads\/2025\/07\/WhatsApp-Image-2025-07-24-at-22.37.57-3.jpeg 1600w\" sizes=\"auto, (max-width: 1024px) 100vw, 1024px\" \/><\/figure>\n\n\n\n<figure class=\"wp-block-image size-large\"><img loading=\"lazy\" decoding=\"async\" width=\"768\" height=\"1024\" data-id=\"5994\" src=\"https:\/\/www.confederaciondelcobre.cl\/wp-content\/uploads\/2025\/07\/WhatsApp-Image-2025-07-24-at-22.37.57-768x1024.jpeg\" alt=\"\" class=\"wp-image-5994\" srcset=\"https:\/\/www.confederaciondelcobre.cl\/wp-content\/uploads\/2025\/07\/WhatsApp-Image-2025-07-24-at-22.37.57-768x1024.jpeg 768w, https:\/\/www.confederaciondelcobre.cl\/wp-content\/uploads\/2025\/07\/WhatsApp-Image-2025-07-24-at-22.37.57-225x300.jpeg 225w, https:\/\/www.confederaciondelcobre.cl\/wp-content\/uploads\/2025\/07\/WhatsApp-Image-2025-07-24-at-22.37.57-1152x1536.jpeg 1152w, https:\/\/www.confederaciondelcobre.cl\/wp-content\/uploads\/2025\/07\/WhatsApp-Image-2025-07-24-at-22.37.57.jpeg 1200w\" sizes=\"auto, (max-width: 768px) 100vw, 768px\" \/><\/figure>\n<\/figure>\n\n\n\n<p><strong>Tambi\u00e9n En Calama<\/strong><\/p>\n\n\n\n<p>En la sede de la CUT El Loa, tambi\u00e9n se llev\u00f3 a cabo una ceremonia de conmemoraci\u00f3n, en la actividad, se destacaron caracter\u00edsticas por las que Nelson Quichillao era conocido: alegre, cercano de sus amigos, solidario y muy activo en su sindicato fueron solo algunas de las cualidades mencionadas. Se recalc\u00f3 en la constante lucha de la CTC en torno a su asesinato, esto a nivel nacional como internacional. Finalmente, se reivindic\u00f3 tambi\u00e9n la ejemplar lucha de Nelson por los derechos de las y los trabajadores, se\u00f1alando que el mejor homenaje ser\u00e1 mantener siempre en alto las banderas por la causa de la clase obrera.<\/p>\n\n\n\n<figure class=\"wp-block-gallery has-nested-images columns-default is-cropped wp-block-gallery-2 is-layout-flex wp-block-gallery-is-layout-flex\">\n<figure class=\"wp-block-image size-large\"><img loading=\"lazy\" decoding=\"async\" width=\"1024\" height=\"576\" data-id=\"5996\" src=\"https:\/\/www.confederaciondelcobre.cl\/wp-content\/uploads\/2025\/07\/WhatsApp-Image-2025-07-24-at-22.45.43-2-1024x576.jpeg\" alt=\"\" class=\"wp-image-5996\" srcset=\"https:\/\/www.confederaciondelcobre.cl\/wp-content\/uploads\/2025\/07\/WhatsApp-Image-2025-07-24-at-22.45.43-2-1024x576.jpeg 1024w, https:\/\/www.confederaciondelcobre.cl\/wp-content\/uploads\/2025\/07\/WhatsApp-Image-2025-07-24-at-22.45.43-2-300x169.jpeg 300w, https:\/\/www.confederaciondelcobre.cl\/wp-content\/uploads\/2025\/07\/WhatsApp-Image-2025-07-24-at-22.45.43-2-768x432.jpeg 768w, https:\/\/www.confederaciondelcobre.cl\/wp-content\/uploads\/2025\/07\/WhatsApp-Image-2025-07-24-at-22.45.43-2-1536x864.jpeg 1536w, https:\/\/www.confederaciondelcobre.cl\/wp-content\/uploads\/2025\/07\/WhatsApp-Image-2025-07-24-at-22.45.43-2.jpeg 1599w\" sizes=\"auto, (max-width: 1024px) 100vw, 1024px\" \/><\/figure>\n\n\n\n<figure class=\"wp-block-image size-large\"><img loading=\"lazy\" decoding=\"async\" width=\"576\" height=\"1024\" data-id=\"5998\" src=\"https:\/\/www.confederaciondelcobre.cl\/wp-content\/uploads\/2025\/07\/WhatsApp-Image-2025-07-24-at-22.45.43-576x1024.jpeg\" alt=\"\" class=\"wp-image-5998\" srcset=\"https:\/\/www.confederaciondelcobre.cl\/wp-content\/uploads\/2025\/07\/WhatsApp-Image-2025-07-24-at-22.45.43-576x1024.jpeg 576w, https:\/\/www.confederaciondelcobre.cl\/wp-content\/uploads\/2025\/07\/WhatsApp-Image-2025-07-24-at-22.45.43-169x300.jpeg 169w, https:\/\/www.confederaciondelcobre.cl\/wp-content\/uploads\/2025\/07\/WhatsApp-Image-2025-07-24-at-22.45.43-768x1366.jpeg 768w, https:\/\/www.confederaciondelcobre.cl\/wp-content\/uploads\/2025\/07\/WhatsApp-Image-2025-07-24-at-22.45.43-864x1536.jpeg 864w, https:\/\/www.confederaciondelcobre.cl\/wp-content\/uploads\/2025\/07\/WhatsApp-Image-2025-07-24-at-22.45.43.jpeg 899w\" sizes=\"auto, (max-width: 576px) 100vw, 576px\" \/><\/figure>\n\n\n\n<figure class=\"wp-block-image size-large\"><img loading=\"lazy\" decoding=\"async\" width=\"576\" height=\"1024\" data-id=\"5997\" src=\"https:\/\/www.confederaciondelcobre.cl\/wp-content\/uploads\/2025\/07\/WhatsApp-Image-2025-07-24-at-22.45.44-576x1024.jpeg\" alt=\"\" class=\"wp-image-5997\" srcset=\"https:\/\/www.confederaciondelcobre.cl\/wp-content\/uploads\/2025\/07\/WhatsApp-Image-2025-07-24-at-22.45.44-576x1024.jpeg 576w, https:\/\/www.confederaciondelcobre.cl\/wp-content\/uploads\/2025\/07\/WhatsApp-Image-2025-07-24-at-22.45.44-169x300.jpeg 169w, https:\/\/www.confederaciondelcobre.cl\/wp-content\/uploads\/2025\/07\/WhatsApp-Image-2025-07-24-at-22.45.44-768x1366.jpeg 768w, https:\/\/www.confederaciondelcobre.cl\/wp-content\/uploads\/2025\/07\/WhatsApp-Image-2025-07-24-at-22.45.44-864x1536.jpeg 864w, https:\/\/www.confederaciondelcobre.cl\/wp-content\/uploads\/2025\/07\/WhatsApp-Image-2025-07-24-at-22.45.44.jpeg 899w\" sizes=\"auto, (max-width: 576px) 100vw, 576px\" \/><\/figure>\n<\/figure>\n\n\n<div class=\"wp-block-site-logo\"><a href=\"https:\/\/www.confederaciondelcobre.cl\/\" class=\"custom-logo-link\" rel=\"home\"><img loading=\"lazy\" decoding=\"async\" width=\"570\" height=\"69\" src=\"https:\/\/www.confederaciondelcobre.cl\/wp-content\/uploads\/2023\/01\/TituloWebCTC.png\" class=\"custom-logo\" alt=\"Confederaci\u00f3n de Trabajadores del Cobre &#8211; CTC\" srcset=\"https:\/\/www.confederaciondelcobre.cl\/wp-content\/uploads\/2023\/01\/TituloWebCTC.png 606w, https:\/\/www.confederaciondelcobre.cl\/wp-content\/uploads\/2023\/01\/TituloWebCTC-300x37.png 300w\" sizes=\"auto, (max-width: 570px) 100vw, 570px\" \/><\/a><\/div>","protected":false},"excerpt":{"rendered":"<p>#A10A\u00d1OS | El pasado 24 de julio, se cumplieron diez a\u00f1os desde que Nelson Quichillao L\u00f3pez, trabajador subcontratado de la miner\u00eda del cobre, fuera asesinado por fuerzas represivas del Estado &hellip; <\/p>\n","protected":false},"author":2,"featured_media":5980,"comment_status":"closed","ping_status":"closed","sticky":false,"template":"","format":"standard","meta":{"jetpack_post_was_ever_published":false,"_jetpack_newsletter_access":"","_jetpack_dont_email_post_to_subs":false,"_jetpack_newsletter_tier_id":0,"_jetpack_memberships_contains_paywalled_content":false,"_jetpack_memberships_contains_paid_content":false,"footnotes":"","jetpack_publicize_message":"","jetpack_publicize_feature_enabled":true,"jetpack_social_post_already_shared":true,"jetpack_social_options":{"image_generator_settings":{"template":"highway","default_image_id":0,"enabled":false},"version":2}},"categories":[9],"tags":[],"class_list":["post-5979","post","type-post","status-publish","format-standard","has-post-thumbnail","hentry","category-confederacion"],"jetpack_publicize_connections":[],"jetpack_featured_media_url":"https:\/\/www.confederaciondelcobre.cl\/wp-content\/uploads\/2025\/07\/Plantillas-CTC-Portada-de-Facebook-5.png","jetpack_sharing_enabled":true,"post_mailing_queue_ids":[],"_links":{"self":[{"href":"https:\/\/www.confederaciondelcobre.cl\/index.php\/wp-json\/wp\/v2\/posts\/5979","targetHints":{"allow":["GET"]}}],"collection":[{"href":"https:\/\/www.confederaciondelcobre.cl\/index.php\/wp-json\/wp\/v2\/posts"}],"about":[{"href":"https:\/\/www.confederaciondelcobre.cl\/index.php\/wp-json\/wp\/v2\/types\/post"}],"author":[{"embeddable":true,"href":"https:\/\/www.confederaciondelcobre.cl\/index.php\/wp-json\/wp\/v2\/users\/2"}],"replies":[{"embeddable":true,"href":"https:\/\/www.confederaciondelcobre.cl\/index.php\/wp-json\/wp\/v2\/comments?post=5979"}],"version-history":[{"count":2,"href":"https:\/\/www.confederaciondelcobre.cl\/index.php\/wp-json\/wp\/v2\/posts\/5979\/revisions"}],"predecessor-version":[{"id":5999,"href":"https:\/\/www.confederaciondelcobre.cl\/index.php\/wp-json\/wp\/v2\/posts\/5979\/revisions\/5999"}],"wp:featuredmedia":[{"embeddable":true,"href":"https:\/\/www.confederaciondelcobre.cl\/index.php\/wp-json\/wp\/v2\/media\/5980"}],"wp:attachment":[{"href":"https:\/\/www.confederaciondelcobre.cl\/index.php\/wp-json\/wp\/v2\/media?parent=5979"}],"wp:term":[{"taxonomy":"category","embeddable":true,"href":"https:\/\/www.confederaciondelcobre.cl\/index.php\/wp-json\/wp\/v2\/categories?post=5979"},{"taxonomy":"post_tag","embeddable":true,"href":"https:\/\/www.confederaciondelcobre.cl\/index.php\/wp-json\/wp\/v2\/tags?post=5979"}],"curies":[{"name":"wp","href":"https:\/\/api.w.org\/{rel}","templated":true}]}}