{"id":6002,"date":"2025-08-01T01:08:15","date_gmt":"2025-08-01T05:08:15","guid":{"rendered":"https:\/\/www.confederaciondelcobre.cl\/?p=6002"},"modified":"2025-08-01T10:34:16","modified_gmt":"2025-08-01T14:34:16","slug":"tragedia-en-mina-el-teniente-a-esta-hora-se-reportan-6-fallecidos","status":"publish","type":"post","link":"https:\/\/www.confederaciondelcobre.cl\/index.php\/2025\/08\/01\/tragedia-en-mina-el-teniente-a-esta-hora-se-reportan-6-fallecidos\/","title":{"rendered":"TRAGEDIA EN MINA EL TENIENTE: A esta hora se reporta un trabajador fallecido y cinco desparecidos"},"content":{"rendered":"\n<p><strong>Fuentes de Carabineros y del Ministerio P\u00fablico confirmaron a Radio Cooperativa que el n\u00famero de v\u00edctimas fatales ascendi\u00f3 a seis personas.<\/strong><\/p>\n\n\n\n<figure class=\"wp-block-image size-large\"><img loading=\"lazy\" decoding=\"async\" width=\"1024\" height=\"768\" src=\"https:\/\/www.confederaciondelcobre.cl\/wp-content\/uploads\/2025\/08\/WhatsApp-Image-2025-08-01-at-00.17.03-1024x768.jpeg\" alt=\"\" class=\"wp-image-6004\" srcset=\"https:\/\/www.confederaciondelcobre.cl\/wp-content\/uploads\/2025\/08\/WhatsApp-Image-2025-08-01-at-00.17.03-1024x768.jpeg 1024w, https:\/\/www.confederaciondelcobre.cl\/wp-content\/uploads\/2025\/08\/WhatsApp-Image-2025-08-01-at-00.17.03-300x225.jpeg 300w, https:\/\/www.confederaciondelcobre.cl\/wp-content\/uploads\/2025\/08\/WhatsApp-Image-2025-08-01-at-00.17.03-768x576.jpeg 768w, https:\/\/www.confederaciondelcobre.cl\/wp-content\/uploads\/2025\/08\/WhatsApp-Image-2025-08-01-at-00.17.03.jpeg 1280w\" sizes=\"auto, (max-width: 1024px) 100vw, 1024px\" \/><\/figure>\n\n\n\n<p>Un sismo de magnitud 4,2 registrado a las 17:34 horas del jueves a 37 kil\u00f3metros al noreste de Rancagua provoc\u00f3 un&nbsp;<a href=\"https:\/\/www.reporteminero.cl\/noticia\/noticias\/2025\/07\/derrumbe-en-mina-el-teniente-deja-trabajadores-lesionados\"><strong>derrumbe de gran magnitud al interior del sector Andesita de la mina El Teniente<\/strong><\/a>, en la comuna de Machal\u00ed, Regi\u00f3n de O\u2019Higgins. El evento dej\u00f3 un saldo preliminar de nueve personas lesionadas y gener\u00f3 una intensa operaci\u00f3n de rescate que se mantiene activa.<\/p>\n\n\n\n<p>Inicialmente,&nbsp;<a href=\"https:\/\/www.reporteminero.cl\/noticia\/noticias\/2025\/07\/codelco-confirma-victima-fatal-en-derrumbe-en-mina-el-teniente\"><strong>Codelco confirm\u00f3 mediante un comunicado el fallecimiento de Paulo Mar\u00edn Tapia<\/strong><\/a>, trabajador de la empresa contratista Salfa Montajes, quien se desempe\u00f1aba en el Proyecto Andesita. Adem\u00e1s, inform\u00f3 que se realizaban labores de b\u00fasqueda para ubicar a otros cinco trabajadores atrapados.<\/p>\n\n\n\n<p>Noticia en desarrollo, pronto entregaremos m\u00e1s detalles.<\/p>\n\n\n<div class=\"wp-block-image\">\n<figure class=\"aligncenter size-large is-resized\"><img loading=\"lazy\" decoding=\"async\" width=\"742\" height=\"1024\" src=\"https:\/\/www.confederaciondelcobre.cl\/wp-content\/uploads\/2025\/08\/Captura-de-pantalla-2025-08-01-a-las-1.05.48-a.m-742x1024.png\" alt=\"\" class=\"wp-image-6005\" style=\"width:483px;height:auto\" srcset=\"https:\/\/www.confederaciondelcobre.cl\/wp-content\/uploads\/2025\/08\/Captura-de-pantalla-2025-08-01-a-las-1.05.48-a.m-742x1024.png 742w, https:\/\/www.confederaciondelcobre.cl\/wp-content\/uploads\/2025\/08\/Captura-de-pantalla-2025-08-01-a-las-1.05.48-a.m-217x300.png 217w, https:\/\/www.confederaciondelcobre.cl\/wp-content\/uploads\/2025\/08\/Captura-de-pantalla-2025-08-01-a-las-1.05.48-a.m-768x1060.png 768w, https:\/\/www.confederaciondelcobre.cl\/wp-content\/uploads\/2025\/08\/Captura-de-pantalla-2025-08-01-a-las-1.05.48-a.m-1113x1536.png 1113w, https:\/\/www.confederaciondelcobre.cl\/wp-content\/uploads\/2025\/08\/Captura-de-pantalla-2025-08-01-a-las-1.05.48-a.m.png 1130w\" sizes=\"auto, (max-width: 742px) 100vw, 742px\" \/><\/figure><\/div>\n\n\n<figure class=\"wp-block-gallery has-nested-images columns-default is-cropped wp-block-gallery-1 is-layout-flex wp-block-gallery-is-layout-flex\">\n<figure class=\"wp-block-image size-large\"><img loading=\"lazy\" decoding=\"async\" width=\"768\" height=\"1024\" data-id=\"6006\" src=\"https:\/\/www.confederaciondelcobre.cl\/wp-content\/uploads\/2025\/08\/WhatsApp-Image-2025-08-01-at-00.17.02-2-768x1024.jpeg\" alt=\"\" class=\"wp-image-6006\" srcset=\"https:\/\/www.confederaciondelcobre.cl\/wp-content\/uploads\/2025\/08\/WhatsApp-Image-2025-08-01-at-00.17.02-2-768x1024.jpeg 768w, https:\/\/www.confederaciondelcobre.cl\/wp-content\/uploads\/2025\/08\/WhatsApp-Image-2025-08-01-at-00.17.02-2-225x300.jpeg 225w, https:\/\/www.confederaciondelcobre.cl\/wp-content\/uploads\/2025\/08\/WhatsApp-Image-2025-08-01-at-00.17.02-2.jpeg 960w\" sizes=\"auto, (max-width: 768px) 100vw, 768px\" \/><\/figure>\n\n\n\n<figure class=\"wp-block-image size-large\"><img loading=\"lazy\" decoding=\"async\" width=\"768\" height=\"1024\" data-id=\"6010\" src=\"https:\/\/www.confederaciondelcobre.cl\/wp-content\/uploads\/2025\/08\/WhatsApp-Image-2025-08-01-at-00.17.02-3-768x1024.jpeg\" alt=\"\" class=\"wp-image-6010\" srcset=\"https:\/\/www.confederaciondelcobre.cl\/wp-content\/uploads\/2025\/08\/WhatsApp-Image-2025-08-01-at-00.17.02-3-768x1024.jpeg 768w, https:\/\/www.confederaciondelcobre.cl\/wp-content\/uploads\/2025\/08\/WhatsApp-Image-2025-08-01-at-00.17.02-3-225x300.jpeg 225w, https:\/\/www.confederaciondelcobre.cl\/wp-content\/uploads\/2025\/08\/WhatsApp-Image-2025-08-01-at-00.17.02-3.jpeg 960w\" sizes=\"auto, (max-width: 768px) 100vw, 768px\" \/><\/figure>\n\n\n\n<figure class=\"wp-block-image size-large\"><img loading=\"lazy\" decoding=\"async\" width=\"768\" height=\"1024\" data-id=\"6009\" src=\"https:\/\/www.confederaciondelcobre.cl\/wp-content\/uploads\/2025\/08\/WhatsApp-Image-2025-08-01-at-00.17.02-768x1024.jpeg\" alt=\"\" class=\"wp-image-6009\" srcset=\"https:\/\/www.confederaciondelcobre.cl\/wp-content\/uploads\/2025\/08\/WhatsApp-Image-2025-08-01-at-00.17.02-768x1024.jpeg 768w, https:\/\/www.confederaciondelcobre.cl\/wp-content\/uploads\/2025\/08\/WhatsApp-Image-2025-08-01-at-00.17.02-225x300.jpeg 225w, https:\/\/www.confederaciondelcobre.cl\/wp-content\/uploads\/2025\/08\/WhatsApp-Image-2025-08-01-at-00.17.02.jpeg 960w\" sizes=\"auto, (max-width: 768px) 100vw, 768px\" \/><\/figure>\n\n\n\n<figure class=\"wp-block-image size-large\"><img loading=\"lazy\" decoding=\"async\" width=\"768\" height=\"1024\" data-id=\"6007\" src=\"https:\/\/www.confederaciondelcobre.cl\/wp-content\/uploads\/2025\/08\/WhatsApp-Image-2025-08-01-at-00.17.03-2-768x1024.jpeg\" alt=\"\" class=\"wp-image-6007\" srcset=\"https:\/\/www.confederaciondelcobre.cl\/wp-content\/uploads\/2025\/08\/WhatsApp-Image-2025-08-01-at-00.17.03-2-768x1024.jpeg 768w, https:\/\/www.confederaciondelcobre.cl\/wp-content\/uploads\/2025\/08\/WhatsApp-Image-2025-08-01-at-00.17.03-2-225x300.jpeg 225w, https:\/\/www.confederaciondelcobre.cl\/wp-content\/uploads\/2025\/08\/WhatsApp-Image-2025-08-01-at-00.17.03-2.jpeg 960w\" sizes=\"auto, (max-width: 768px) 100vw, 768px\" \/><\/figure>\n\n\n\n<figure class=\"wp-block-image size-large\"><img loading=\"lazy\" decoding=\"async\" width=\"1024\" height=\"768\" data-id=\"6008\" src=\"https:\/\/www.confederaciondelcobre.cl\/wp-content\/uploads\/2025\/08\/WhatsApp-Image-2025-08-01-at-00.17.03-1-1024x768.jpeg\" alt=\"\" class=\"wp-image-6008\" srcset=\"https:\/\/www.confederaciondelcobre.cl\/wp-content\/uploads\/2025\/08\/WhatsApp-Image-2025-08-01-at-00.17.03-1-1024x768.jpeg 1024w, https:\/\/www.confederaciondelcobre.cl\/wp-content\/uploads\/2025\/08\/WhatsApp-Image-2025-08-01-at-00.17.03-1-300x225.jpeg 300w, https:\/\/www.confederaciondelcobre.cl\/wp-content\/uploads\/2025\/08\/WhatsApp-Image-2025-08-01-at-00.17.03-1-768x576.jpeg 768w, https:\/\/www.confederaciondelcobre.cl\/wp-content\/uploads\/2025\/08\/WhatsApp-Image-2025-08-01-at-00.17.03-1.jpeg 1280w\" sizes=\"auto, (max-width: 1024px) 100vw, 1024px\" \/><\/figure>\n\n\n\n<figure class=\"wp-block-image size-large\"><img loading=\"lazy\" decoding=\"async\" width=\"819\" height=\"1024\" data-id=\"6011\" src=\"https:\/\/www.confederaciondelcobre.cl\/wp-content\/uploads\/2025\/08\/WhatsApp-Image-2025-08-01-at-00.18.51-819x1024.jpeg\" alt=\"\" class=\"wp-image-6011\" srcset=\"https:\/\/www.confederaciondelcobre.cl\/wp-content\/uploads\/2025\/08\/WhatsApp-Image-2025-08-01-at-00.18.51-819x1024.jpeg 819w, https:\/\/www.confederaciondelcobre.cl\/wp-content\/uploads\/2025\/08\/WhatsApp-Image-2025-08-01-at-00.18.51-240x300.jpeg 240w, https:\/\/www.confederaciondelcobre.cl\/wp-content\/uploads\/2025\/08\/WhatsApp-Image-2025-08-01-at-00.18.51-768x960.jpeg 768w, https:\/\/www.confederaciondelcobre.cl\/wp-content\/uploads\/2025\/08\/WhatsApp-Image-2025-08-01-at-00.18.51.jpeg 1080w\" sizes=\"auto, (max-width: 819px) 100vw, 819px\" \/><\/figure>\n<\/figure>\n\n\n<div class=\"wp-block-site-logo\"><a href=\"https:\/\/www.confederaciondelcobre.cl\/\" class=\"custom-logo-link\" rel=\"home\"><img loading=\"lazy\" decoding=\"async\" width=\"532\" height=\"64\" src=\"https:\/\/www.confederaciondelcobre.cl\/wp-content\/uploads\/2023\/01\/TituloWebCTC.png\" class=\"custom-logo\" alt=\"Confederaci\u00f3n de Trabajadores del Cobre &#8211; CTC\" srcset=\"https:\/\/www.confederaciondelcobre.cl\/wp-content\/uploads\/2023\/01\/TituloWebCTC.png 606w, https:\/\/www.confederaciondelcobre.cl\/wp-content\/uploads\/2023\/01\/TituloWebCTC-300x37.png 300w\" sizes=\"auto, (max-width: 532px) 100vw, 532px\" \/><\/a><\/div>","protected":false},"excerpt":{"rendered":"<p>Fuentes de Carabineros y del Ministerio P\u00fablico confirmaron a Radio Cooperativa que el n\u00famero de v\u00edctimas fatales ascendi\u00f3 a seis personas. Un sismo de magnitud 4,2 registrado a las 17:34 &hellip; <\/p>\n","protected":false},"author":2,"featured_media":6014,"comment_status":"closed","ping_status":"closed","sticky":false,"template":"","format":"standard","meta":{"jetpack_post_was_ever_published":false,"_jetpack_newsletter_access":"","_jetpack_dont_email_post_to_subs":false,"_jetpack_newsletter_tier_id":0,"_jetpack_memberships_contains_paywalled_content":false,"_jetpack_memberships_contains_paid_content":false,"footnotes":"","jetpack_publicize_message":"","jetpack_publicize_feature_enabled":true,"jetpack_social_post_already_shared":true,"jetpack_social_options":{"image_generator_settings":{"template":"highway","default_image_id":0,"enabled":false},"version":2}},"categories":[9],"tags":[],"class_list":["post-6002","post","type-post","status-publish","format-standard","has-post-thumbnail","hentry","category-confederacion"],"jetpack_publicize_connections":[],"jetpack_featured_media_url":"https:\/\/www.confederaciondelcobre.cl\/wp-content\/uploads\/2025\/08\/Plantillas-CTC-Portada-de-Facebook-7.png","jetpack_sharing_enabled":true,"post_mailing_queue_ids":[],"_links":{"self":[{"href":"https:\/\/www.confederaciondelcobre.cl\/index.php\/wp-json\/wp\/v2\/posts\/6002","targetHints":{"allow":["GET"]}}],"collection":[{"href":"https:\/\/www.confederaciondelcobre.cl\/index.php\/wp-json\/wp\/v2\/posts"}],"about":[{"href":"https:\/\/www.confederaciondelcobre.cl\/index.php\/wp-json\/wp\/v2\/types\/post"}],"author":[{"embeddable":true,"href":"https:\/\/www.confederaciondelcobre.cl\/index.php\/wp-json\/wp\/v2\/users\/2"}],"replies":[{"embeddable":true,"href":"https:\/\/www.confederaciondelcobre.cl\/index.php\/wp-json\/wp\/v2\/comments?post=6002"}],"version-history":[{"count":4,"href":"https:\/\/www.confederaciondelcobre.cl\/index.php\/wp-json\/wp\/v2\/posts\/6002\/revisions"}],"predecessor-version":[{"id":6018,"href":"https:\/\/www.confederaciondelcobre.cl\/index.php\/wp-json\/wp\/v2\/posts\/6002\/revisions\/6018"}],"wp:featuredmedia":[{"embeddable":true,"href":"https:\/\/www.confederaciondelcobre.cl\/index.php\/wp-json\/wp\/v2\/media\/6014"}],"wp:attachment":[{"href":"https:\/\/www.confederaciondelcobre.cl\/index.php\/wp-json\/wp\/v2\/media?parent=6002"}],"wp:term":[{"taxonomy":"category","embeddable":true,"href":"https:\/\/www.confederaciondelcobre.cl\/index.php\/wp-json\/wp\/v2\/categories?post=6002"},{"taxonomy":"post_tag","embeddable":true,"href":"https:\/\/www.confederaciondelcobre.cl\/index.php\/wp-json\/wp\/v2\/tags?post=6002"}],"curies":[{"name":"wp","href":"https:\/\/api.w.org\/{rel}","templated":true}]}}