{"id":6020,"date":"2025-08-01T10:42:06","date_gmt":"2025-08-01T14:42:06","guid":{"rendered":"https:\/\/www.confederaciondelcobre.cl\/?p=6020"},"modified":"2025-08-01T10:49:12","modified_gmt":"2025-08-01T14:49:12","slug":"via-cooperativa-cl-codelco-no-hemos-tenido-contacto-con-trabajadores-atrapados-en-el-teniente","status":"publish","type":"post","link":"https:\/\/www.confederaciondelcobre.cl\/index.php\/2025\/08\/01\/via-cooperativa-cl-codelco-no-hemos-tenido-contacto-con-trabajadores-atrapados-en-el-teniente\/","title":{"rendered":"(V\u00eda Cooperativa.cl) Codelco: &#8220;No hemos tenido contacto&#8221; con trabajadores atrapados en El Teniente"},"content":{"rendered":"\n<p><a href=\"https:\/\/www.cooperativa.cl\/noticias\/pais\/sismos\/codelco-no-hemos-tenido-contacto-con-trabajadores-atrapados-en-el\/2025-08-01\/090019.html\">https:\/\/www.cooperativa.cl\/noticias\/pais\/sismos\/codelco-no-hemos-tenido-contacto-con-trabajadores-atrapados-en-el\/2025-08-01\/090019.html<\/a><\/p>\n\n\n\n<p><strong>-&#8220;Sabemos exactamente d\u00f3nde se encuentran ellos y estamos actualmente realizando labores de rescate para llegar a su ubicaci\u00f3n&#8221;, afirm\u00f3 el gerente Andr\u00e9s Music.<\/strong><\/p>\n\n\n\n<p><strong>-Las v\u00edas de acceso est\u00e1n colapsadas por el evento s\u00edsmico, explic\u00f3.<\/strong><\/p>\n\n\n\n<p>Este viernes por la ma\u00f1ana, el gerente general de Codelco El Teniente,&nbsp;<strong>Andr\u00e9s Music,<\/strong>&nbsp;inform\u00f3 que&nbsp;<strong>contin\u00faa la b\u00fasqueda de los cinco trabajadores que se encuentran atrapados<\/strong><strong>&nbsp;<\/strong>tras&nbsp;<a href=\"https:\/\/www.cooperativa.cl\/noticias\/pais\/empresas-del-estado\/codelco\/accidente-en-mina-el-teniente-murio-un-trabajador-y-otros-cinco-estan\/2025-07-31\/193046.html\" target=\"_blank\" rel=\"noreferrer noopener\">el derrumbe registrado ayer por la tarde al interior del&nbsp;<strong>proyecto Andesita<\/strong>&nbsp;de la divisi\u00f3n<\/a>, ubicada en la comuna de&nbsp;<strong>Machal\u00ed<\/strong>, en la Regi\u00f3n de O&#8217;Higgins.<\/p>\n\n\n\n<p><strong>&#8220;Sabemos exactamente d\u00f3nde se encuentran ellos y estamos actualmente realizando labores de rescate para llegar a su ubicaci\u00f3n&#8221;,<\/strong>&nbsp;afirm\u00f3 el ejecutivo en una rueda de&nbsp;prensa.<\/p>\n\n\n\n<p>No obstante, el gerente detall\u00f3 que<strong>&nbsp;<\/strong><strong>&#8220;no hemos tenido contacto con ellos&#8221;<\/strong>&nbsp;debido a que las v\u00edas de acceso&nbsp;<strong>&#8220;se encuentran colapsadas por el evento s\u00edsmico&#8221;.&nbsp;<\/strong><\/p>\n\n\n\n<p>El accidente ocurri\u00f3 a las 17:34 horas, se conoci\u00f3 p\u00fablicamente -en sus primeros detalles- alrededor de las 19:00 y fue explicado en&nbsp;<strong>Cooperativa<\/strong>, en vivo, por el presidente del directorio de Codelco,&nbsp;<strong>M\u00e1ximo Pacheco<\/strong>.<\/p>\n\n\n\n<p>M\u00e1s tarde, hacia las 22:30 horas, la cupr\u00edfera confirm\u00f3, mediante un comunicado, el fallecimiento de&nbsp;<strong>Paulo Mar\u00edn Tapia<\/strong>, trabajador de la empresa Salfa Montajes; e indic\u00f3 que estaban en curso &#8220;labores de b\u00fasqueda de otros cinco trabajadores&#8221;.<\/p>\n\n\n\n<p>Alrededor de las 23:30, fuentes de Carabineros confirmaron a&nbsp;<strong>Cooperativa<\/strong>&nbsp;que&nbsp;<a href=\"https:\/\/www.cooperativa.cl\/noticias\/pais\/empresas-del-estado\/codelco\/tragedia-golpea-a-codelco-seis-trabajadores-murieron-en-el-teniente\/2025-07-31\/233521.html\" target=\"_blank\" rel=\"noreferrer noopener\">el n\u00famero de v\u00edctimas fatales producto de este suceso se hab\u00eda elevado a seis personas<\/a>. Sin embargo,&nbsp;<strong>Codelco mantiene la informaci\u00f3n con un muerto y cinco desaparecidos<\/strong>&nbsp;<strong>mientras no sean hallados los trabajadores que no han sido encontrados a\u00fan.<\/strong><\/p>\n\n\n\n<p>Ante la prensa, Music expres\u00f3 sus&nbsp;<strong>&#8220;condolencias, a nombre de toda la familia de Codelco, de El Teniente y tambi\u00e9n del equipo ejecutivo, a la familia de Paulo Mar\u00edn<\/strong>, que ayer falleci\u00f3 producto de un desprendimiento de rocas en el sector Andesita, sector poniente del yacimiento, una de las cotas m\u00e1s profundas de El Teniente, a ra\u00edz de un evento s\u00edsmico generado en el sector&#8221;.<\/p>\n\n\n\n<p>El gerente explic\u00f3 que tras el sismo<strong>&nbsp;<\/strong><strong>se activaron de inmediato todos los protocolos de emergencia.&nbsp;<\/strong>En el sector Andesita, 500 personas fueron evacuadas en una hora, mientras que los 2.500 trabajadores que se encontraban en el yacimiento fueron puestos a salvo en refugios.<\/p>\n\n\n\n<p>Actualmente,&nbsp;<strong>casi un centenar de personas, incluyendo rescatistas que participaron en el rescate de los 33 mineros de Atacama, geof\u00edsicos y geomec\u00e1nicos, trabajan para evaluar la respuesta s\u00edsmica y llevar a cabo las labores de rescate<\/strong>, indic\u00f3 el ejecutivo.<\/p>\n\n\n\n<h2 class=\"wp-block-heading\"><strong><em><u>Investigaci\u00f3n en curso<\/u><\/em><\/strong><\/h2>\n\n\n\n<p>Music detall\u00f3 que el evento s\u00edsmico registrado fue&nbsp;<strong>&#8220;uno de los m\u00e1s grandes, si no el m\u00e1s grande&#8221;<\/strong>, que ha afectado al yacimiento El Teniente<strong>&nbsp;<\/strong><strong>&#8220;en d\u00e9cadas&#8221;<\/strong>, con una magnitud de 4,2.<\/p>\n\n\n\n<p>Este temblor se origin\u00f3&nbsp;<strong>a 400 o 500 metros del sector Andesita<\/strong>&nbsp;y fue registrado por sistemas sismol\u00f3gicos nacionales e internacionales, puntualiz\u00f3.<\/p>\n\n\n\n<p>El gerente confirm\u00f3 que diversas autoridades, como el fiscal regional, Sernageomin, Salud, Trabajo, Carabineros y PDI, se han sumado a la investigaci\u00f3n.<\/p>\n\n\n\n<p>Adem\u00e1s, Codelco ha iniciado una investigaci\u00f3n interna con expertos nacionales e internacionales &#8220;para entender cu\u00e1les son las causas b\u00e1sicas de este gran evento s\u00edsmico&#8221;.&nbsp;<\/p>\n\n\n\n<h2 class=\"wp-block-heading\"><strong><em><u>Boric cancel\u00f3 viaje a Talcahuano<\/u><\/em><\/strong><\/h2>\n\n\n\n<p>A ra\u00edz del accidente ocurrido en El Teniente, el&nbsp;<strong>Presidente Gabriel Boric decidi\u00f3 suspender su visita programada a Talcahuano<\/strong>&nbsp;(Regi\u00f3n del Biob\u00edo) para hoy.<\/p>\n\n\n\n<p>El Mandatario ten\u00eda previsto participar en la&nbsp;<strong>ceremonia de corte de plancha del proyecto Escotill\u00f3n IV en Asmar<\/strong>, una actividad enmarcada en el Plan Nacional de Construcci\u00f3n Naval y organizada por la Armada de Chile.<\/p>\n\n\n\n<p>Actualmente, Boric se encuentra en el&nbsp;<strong>Palacio de La Moneda,<\/strong>&nbsp;donde est\u00e1 monitoreando de cerca la emergencia en El Teniente.<\/p>\n\n\n\n<p>A\u00fan no se ha confirmado si se trasladar\u00e1 a la Regi\u00f3n de O&#8217;Higgins.<\/p>\n","protected":false},"excerpt":{"rendered":"<p>https:\/\/www.cooperativa.cl\/noticias\/pais\/sismos\/codelco-no-hemos-tenido-contacto-con-trabajadores-atrapados-en-el\/2025-08-01\/090019.html -&#8220;Sabemos exactamente d\u00f3nde se encuentran ellos y estamos actualmente realizando labores de rescate para llegar a su ubicaci\u00f3n&#8221;, afirm\u00f3 el gerente Andr\u00e9s Music. -Las v\u00edas de acceso est\u00e1n colapsadas &hellip; <\/p>\n","protected":false},"author":2,"featured_media":6021,"comment_status":"closed","ping_status":"closed","sticky":false,"template":"","format":"standard","meta":{"jetpack_post_was_ever_published":false,"_jetpack_newsletter_access":"","_jetpack_dont_email_post_to_subs":false,"_jetpack_newsletter_tier_id":0,"_jetpack_memberships_contains_paywalled_content":false,"_jetpack_memberships_contains_paid_content":false,"footnotes":"","jetpack_publicize_message":"","jetpack_publicize_feature_enabled":true,"jetpack_social_post_already_shared":true,"jetpack_social_options":{"image_generator_settings":{"template":"highway","default_image_id":0,"enabled":false},"version":2}},"categories":[9],"tags":[],"class_list":["post-6020","post","type-post","status-publish","format-standard","has-post-thumbnail","hentry","category-confederacion"],"jetpack_publicize_connections":[],"jetpack_featured_media_url":"https:\/\/www.confederaciondelcobre.cl\/wp-content\/uploads\/2025\/08\/Plantillas-CTC-Portada-de-Facebook-8.png","jetpack_sharing_enabled":true,"post_mailing_queue_ids":[],"_links":{"self":[{"href":"https:\/\/www.confederaciondelcobre.cl\/index.php\/wp-json\/wp\/v2\/posts\/6020","targetHints":{"allow":["GET"]}}],"collection":[{"href":"https:\/\/www.confederaciondelcobre.cl\/index.php\/wp-json\/wp\/v2\/posts"}],"about":[{"href":"https:\/\/www.confederaciondelcobre.cl\/index.php\/wp-json\/wp\/v2\/types\/post"}],"author":[{"embeddable":true,"href":"https:\/\/www.confederaciondelcobre.cl\/index.php\/wp-json\/wp\/v2\/users\/2"}],"replies":[{"embeddable":true,"href":"https:\/\/www.confederaciondelcobre.cl\/index.php\/wp-json\/wp\/v2\/comments?post=6020"}],"version-history":[{"count":2,"href":"https:\/\/www.confederaciondelcobre.cl\/index.php\/wp-json\/wp\/v2\/posts\/6020\/revisions"}],"predecessor-version":[{"id":6023,"href":"https:\/\/www.confederaciondelcobre.cl\/index.php\/wp-json\/wp\/v2\/posts\/6020\/revisions\/6023"}],"wp:featuredmedia":[{"embeddable":true,"href":"https:\/\/www.confederaciondelcobre.cl\/index.php\/wp-json\/wp\/v2\/media\/6021"}],"wp:attachment":[{"href":"https:\/\/www.confederaciondelcobre.cl\/index.php\/wp-json\/wp\/v2\/media?parent=6020"}],"wp:term":[{"taxonomy":"category","embeddable":true,"href":"https:\/\/www.confederaciondelcobre.cl\/index.php\/wp-json\/wp\/v2\/categories?post=6020"},{"taxonomy":"post_tag","embeddable":true,"href":"https:\/\/www.confederaciondelcobre.cl\/index.php\/wp-json\/wp\/v2\/tags?post=6020"}],"curies":[{"name":"wp","href":"https:\/\/api.w.org\/{rel}","templated":true}]}}