{"id":6024,"date":"2025-08-01T17:24:36","date_gmt":"2025-08-01T21:24:36","guid":{"rendered":"https:\/\/www.confederaciondelcobre.cl\/?p=6024"},"modified":"2025-08-01T17:24:39","modified_gmt":"2025-08-01T21:24:39","slug":"tragedia-en-el-teniente-comunicado-de-la-confederacion-de-trabajadores-del-cobre","status":"publish","type":"post","link":"https:\/\/www.confederaciondelcobre.cl\/index.php\/2025\/08\/01\/tragedia-en-el-teniente-comunicado-de-la-confederacion-de-trabajadores-del-cobre\/","title":{"rendered":"TRAGEDIA EN EL TENIENTE: Comunicado de la Confederaci\u00f3n de Trabajadores del Cobre."},"content":{"rendered":"\n<p>&#8220;Santiago, 1 de agosto de 2025<\/p>\n\n\n\n<h2 class=\"wp-block-heading has-text-align-center\"><strong>C O M U N I C A D O<\/strong><\/h2>\n\n\n\n<p>La <strong>Confederaci\u00f3n de Trabajadores del Cobre, en conjunto con sus Federaciones y Sindicatos de Trabajadores y Trabajadoras contratistas y subcontratistas asociados declaran<\/strong>:<\/p>\n\n\n\n<p>Con pena, tristeza y mucho dolor, hemos recibido la noticia de la muerte de nuestro compa\u00f1ero de trabajo Paulo Mar\u00edn Tapia, mientras cumpl\u00eda labores en el Proyecto Andesita de la Divisi\u00f3n El Teniente de Codelco como trabajador de la empresa Salfa Montajes. Es por esto, que a trav\u00e9s de este, expresamos nuestras sinceras condolencias a su familia, a quienes comprendemos y acompa\u00f1amos en su profundo dolor, y desde ya, nos ponemos a su entera disposici\u00f3n para lo que estimen necesario, condolencias que, desde luego, extendemos a todas las compa\u00f1eras y compa\u00f1eros trabajadores de la Divisi\u00f3n El Teniente,&nbsp;&nbsp;personal de la empresa Salfa y a los trabajadores contratistas y subcontratistas.<\/p>\n\n\n\n<p>Como Confederaci\u00f3n de Trabajadores del Cobre exigimos que para todos los Trabajadores lesionados involucrados en el accidente se les entregue la mejor atenci\u00f3n m\u00e9dica, y sobre todo el apoyo y la contenci\u00f3n necesaria, a fin de asegurar su pronta recuperaci\u00f3n. Respecto a los cinco trabajadores, hasta ahora no ubicados, estaremos vigilantes al proceso de b\u00fasqueda qu\u00e9 se est\u00e1 desarrollando, para que este no concluya hasta que sean encontrados y rescatados -esperamos en buenas condiciones de salud-, y tanto Codelco como Salfa, aseguren y cumplan con todas las medidas pertinentes, cualquiera sea el resultado.<\/p>\n\n\n\n<p>Ante esta grave situaci\u00f3n, denunciamos que nuevamente, una tragedia laboral afecta a trabajadores del subcontrato. Como organizaci\u00f3n nacional de las y los trabajadores subcontratados hemos sido insistentes en denunciar el car\u00e1cter precarizador de la subcontrataci\u00f3n, que no concuerda con la definici\u00f3n de Trabajo Decente y cuyo \u00fanico prop\u00f3sito es abaratar los costos laborales para maximizar las ganancias de las empresas contratistas y mandantes. Sin embargo, pese a la constante lucha de las organizaciones sindicales y la existencia del Convenio 176 de la OIT sobre seguridad y salud en las minas, ratificado en Chile y promulgado por Decreto N\u00b0 148 del mes agosto de 2024, se sigue externalizando labores, los accidentes siguen ocurriendo y muchos trabajadores siguen laborando en condiciones de alto riesgo para sus vidas.&nbsp;<\/p>\n\n\n\n<p>Ante esta tragedia, y como es de costumbre, nos dir\u00e1n que fue un caso fortuito e imposible de prever, pero como organizaci\u00f3n sindical exigimos una investigaci\u00f3n rigurosa, e insistimos, una vez m\u00e1s, en lo que como Confederaci\u00f3n llevamos d\u00e9cadas planteando a las autoridades y las administraciones empleadoras:&nbsp;<\/p>\n\n\n\n<p>Primero: Chile es un pa\u00eds rico en recursos naturales mineros, agr\u00edcolas, forestales y de cualquier otra rama productiva, pero nuestra riqueza principal, esencial e imprescindible no son los productos, sino las personas, los seres humanos, las y los trabajadores.&nbsp;<\/p>\n\n\n\n<p>Segundo: La protecci\u00f3n de la vida es incompatible con la existencia de trabajadores y trabajadoras de segunda o tercera clase, como es la realidad del subcontrato que alcanza a m\u00e1s del 70 % de la dotaci\u00f3n laboral en Codelco, y que precariza no s\u00f3lo los salarios, los beneficios y la estabilidad del empleo, sino tambi\u00e9n los recursos destinados a la seguridad y la prevenci\u00f3n de accidentes.&nbsp;<\/p>\n\n\n\n<p>Tercero: Este reciente accidente fatal, que puede ser la gota que rebalsa el vaso de la paciencia de los y las trabajadoras, nos lleva, como Confederaci\u00f3n de Trabajadores del Cobre, a exigir una vez m\u00e1s el fin de la modalidad de subcontrato en las labores que corresponden a su giro principal y permanentes en la miner\u00eda, desde la extracci\u00f3n del mineral hasta el producto final que es el cobre refinado, incluyendo todas las labores de apoyo a la producci\u00f3n.&nbsp;<\/p>\n\n\n\n<p>Esperamos que el Gobierno y las autoridades reaccionen en consecuencia.&#8221;<\/p>\n\n\n\n<p class=\"has-text-align-center\"><strong>CONFEDERACI\u00d3N DE TRABAJADORES DEL COBRE<\/strong><\/p>\n\n\n<div class=\"wp-block-image\">\n<figure class=\"aligncenter size-large is-resized\"><img loading=\"lazy\" decoding=\"async\" width=\"1024\" height=\"1024\" src=\"https:\/\/www.confederaciondelcobre.cl\/wp-content\/uploads\/2025\/08\/LOGO-CTC-1024x1024.png\" alt=\"\" class=\"wp-image-6025\" style=\"width:166px;height:auto\" srcset=\"https:\/\/www.confederaciondelcobre.cl\/wp-content\/uploads\/2025\/08\/LOGO-CTC-1024x1024.png 1024w, https:\/\/www.confederaciondelcobre.cl\/wp-content\/uploads\/2025\/08\/LOGO-CTC-300x300.png 300w, https:\/\/www.confederaciondelcobre.cl\/wp-content\/uploads\/2025\/08\/LOGO-CTC-150x150.png 150w, https:\/\/www.confederaciondelcobre.cl\/wp-content\/uploads\/2025\/08\/LOGO-CTC-768x768.png 768w, https:\/\/www.confederaciondelcobre.cl\/wp-content\/uploads\/2025\/08\/LOGO-CTC.png 1053w\" sizes=\"auto, (max-width: 1024px) 100vw, 1024px\" \/><\/figure><\/div>","protected":false},"excerpt":{"rendered":"<p>&#8220;Santiago, 1 de agosto de 2025 C O M U N I C A D O La Confederaci\u00f3n de Trabajadores del Cobre, en conjunto con sus Federaciones y Sindicatos de &hellip; <\/p>\n","protected":false},"author":2,"featured_media":6026,"comment_status":"closed","ping_status":"closed","sticky":false,"template":"","format":"standard","meta":{"jetpack_post_was_ever_published":false,"_jetpack_newsletter_access":"","_jetpack_dont_email_post_to_subs":false,"_jetpack_newsletter_tier_id":0,"_jetpack_memberships_contains_paywalled_content":false,"_jetpack_memberships_contains_paid_content":false,"footnotes":"","jetpack_publicize_message":"","jetpack_publicize_feature_enabled":true,"jetpack_social_post_already_shared":true,"jetpack_social_options":{"image_generator_settings":{"template":"highway","default_image_id":0,"enabled":false},"version":2}},"categories":[8,9,15,16,39,19],"tags":[],"class_list":["post-6024","post","type-post","status-publish","format-standard","has-post-thumbnail","hentry","category-comunicado","category-confederacion","category-nacional","category-noticias","category-sindicatos","category-trabajadores"],"jetpack_publicize_connections":[],"jetpack_featured_media_url":"https:\/\/www.confederaciondelcobre.cl\/wp-content\/uploads\/2025\/08\/Plantillas-CTC-Portada-de-Facebook-9.png","jetpack_sharing_enabled":true,"post_mailing_queue_ids":[],"_links":{"self":[{"href":"https:\/\/www.confederaciondelcobre.cl\/index.php\/wp-json\/wp\/v2\/posts\/6024","targetHints":{"allow":["GET"]}}],"collection":[{"href":"https:\/\/www.confederaciondelcobre.cl\/index.php\/wp-json\/wp\/v2\/posts"}],"about":[{"href":"https:\/\/www.confederaciondelcobre.cl\/index.php\/wp-json\/wp\/v2\/types\/post"}],"author":[{"embeddable":true,"href":"https:\/\/www.confederaciondelcobre.cl\/index.php\/wp-json\/wp\/v2\/users\/2"}],"replies":[{"embeddable":true,"href":"https:\/\/www.confederaciondelcobre.cl\/index.php\/wp-json\/wp\/v2\/comments?post=6024"}],"version-history":[{"count":1,"href":"https:\/\/www.confederaciondelcobre.cl\/index.php\/wp-json\/wp\/v2\/posts\/6024\/revisions"}],"predecessor-version":[{"id":6027,"href":"https:\/\/www.confederaciondelcobre.cl\/index.php\/wp-json\/wp\/v2\/posts\/6024\/revisions\/6027"}],"wp:featuredmedia":[{"embeddable":true,"href":"https:\/\/www.confederaciondelcobre.cl\/index.php\/wp-json\/wp\/v2\/media\/6026"}],"wp:attachment":[{"href":"https:\/\/www.confederaciondelcobre.cl\/index.php\/wp-json\/wp\/v2\/media?parent=6024"}],"wp:term":[{"taxonomy":"category","embeddable":true,"href":"https:\/\/www.confederaciondelcobre.cl\/index.php\/wp-json\/wp\/v2\/categories?post=6024"},{"taxonomy":"post_tag","embeddable":true,"href":"https:\/\/www.confederaciondelcobre.cl\/index.php\/wp-json\/wp\/v2\/tags?post=6024"}],"curies":[{"name":"wp","href":"https:\/\/api.w.org\/{rel}","templated":true}]}}