{"id":6028,"date":"2025-08-02T13:05:15","date_gmt":"2025-08-02T17:05:15","guid":{"rendered":"https:\/\/www.confederaciondelcobre.cl\/?p=6028"},"modified":"2025-08-02T13:05:18","modified_gmt":"2025-08-02T17:05:18","slug":"sindicato-id-chile-de-mantoverde-logra-exitoso-cierre-de-negociacion","status":"publish","type":"post","link":"https:\/\/www.confederaciondelcobre.cl\/index.php\/2025\/08\/02\/sindicato-id-chile-de-mantoverde-logra-exitoso-cierre-de-negociacion\/","title":{"rendered":"Sindicato ID Chile de Mantoverde logra exitoso cierre de negociaci\u00f3n"},"content":{"rendered":"\n<p><strong>Atacama<\/strong>&nbsp;| Tras 3 d\u00edas de huelga efectiva que paraliz\u00f3 la faena de Mantoverde operada por Capstone Copper, el Sindicato ID Chile lo logr\u00f3: Ayer, viernes 01 de agosto se firm\u00f3 el contrato colectivo con la empresa.<\/p>\n\n\n\n<p>La huelga iniciada el martes 29 de julio, que fue aprobada con el voto un\u00e1nime de todos los socios, fue compleja. La paralizaci\u00f3n de las faenas se realiz\u00f3 de noche y de d\u00eda, con fogatas y c\u00e1nticos, y el fr\u00edo no declin\u00f3 la uni\u00f3n de quienes buscaban lograr su primera conquista sindical.<\/p>\n\n\n<div class=\"wp-block-image\">\n<figure class=\"alignright size-large is-resized\"><img loading=\"lazy\" decoding=\"async\" width=\"1024\" height=\"1024\" src=\"https:\/\/www.confederaciondelcobre.cl\/wp-content\/uploads\/2025\/08\/WhatsApp-Image-2025-08-01-at-17.13.52-1-1024x1024.jpeg\" alt=\"\" class=\"wp-image-6031\" style=\"width:344px;height:auto\" srcset=\"https:\/\/www.confederaciondelcobre.cl\/wp-content\/uploads\/2025\/08\/WhatsApp-Image-2025-08-01-at-17.13.52-1-1024x1024.jpeg 1024w, https:\/\/www.confederaciondelcobre.cl\/wp-content\/uploads\/2025\/08\/WhatsApp-Image-2025-08-01-at-17.13.52-1-300x300.jpeg 300w, https:\/\/www.confederaciondelcobre.cl\/wp-content\/uploads\/2025\/08\/WhatsApp-Image-2025-08-01-at-17.13.52-1-150x150.jpeg 150w, https:\/\/www.confederaciondelcobre.cl\/wp-content\/uploads\/2025\/08\/WhatsApp-Image-2025-08-01-at-17.13.52-1-768x768.jpeg 768w, https:\/\/www.confederaciondelcobre.cl\/wp-content\/uploads\/2025\/08\/WhatsApp-Image-2025-08-01-at-17.13.52-1.jpeg 1530w\" sizes=\"auto, (max-width: 1024px) 100vw, 1024px\" \/><\/figure><\/div>\n\n\n<p>La presidenta de FESAMAV &#8211; Federaci\u00f3n de Trabajadores Contratistas de Mantoverde- y Secretaria de la Confederaci\u00f3n de Trabajadores del Cobre -CTC-,&nbsp;<strong>Stephanie Gonz\u00e1lez Ch\u00e1vez<\/strong>, salud\u00f3 al Sindicato ID Chile por el exitoso t\u00e9rmino de su negociaci\u00f3n colectiva&nbsp;<strong>&#8211;<em>\u201cEsta conquista se logr\u00f3 gracias a la uni\u00f3n, cohesi\u00f3n, fuerza y lucha en conjunto a sus afiliados. Los tres d\u00edas de huelga efectiva que paralizaron la faena Mantoverde son un claro ejemplo de la determinaci\u00f3n y solidaridad de los trabajadores. Felicitaciones por este logro.\u201d<\/em><\/strong><\/p>\n\n\n\n<p>Agreg\u00f3 que&nbsp;<strong><em>-\u201cDesde la CTC y FESAMAV, reafirmamos nuestro compromiso de seguir luchando en conjunto con el Sindicato ID Chile y todos los sindicatos afiliados\u201d.<\/em><\/strong>&nbsp;&nbsp;Adem\u00e1s hizo un llamado a todos los trabajadores y trabajadoras a organizarse y ejercer su derecho a la sindicalizaci\u00f3n&nbsp;<strong><em>\u2013\u201cporque solo unidos avanzaremos en las conquistas sindicales y defenderemos nuestros derechos.<\/em><\/strong><em>&#8220;<\/em><\/p>\n\n\n\n<p>Los dirigentes del Sindicato ID Chile se mostraron conformes con el logro a trav\u00e9s de un comunicado:<\/p>\n\n\n\n<p><strong><em>\u201cPrimero que todo como dirigentes del sindicato ID chile, Carlos Corval\u00e1n -Presidente- Gerard Cerda -Secretario-, y Oscar Reyes -Tesorero-, queremos agradecer el apoyo que nos brinda la CTC, la Federaci\u00f3n, y tambi\u00e9n al Sindicato Eleccon, que tambi\u00e9n es parte de la Federaci\u00f3n, qu\u00e9 en este proceso de Negociaci\u00f3n Colectiva que llevamos a cabo, el cual hicimos la huelga efectiva que dur\u00f3 tres d\u00edas y que paraliz\u00f3 a toda la faena, d\u00f3nde el apoyo de los socios del Sindicato, la CTC y la Federaci\u00f3n fue fundamental. Queremos destacar el compromiso y garra del compa\u00f1ero Alejandro D\u00edaz Presidente del Sindicato Eleccon y Director de la FESAMAV, todos ellos fueron fundamentales para poder cerrar de buena manera esta negociaci\u00f3n, en la cual avanzamos en beneficios y derechos, pero sobre todo, en dignidad, el v\u00ednculo y uni\u00f3n que formamos a trav\u00e9s de este proceso nos hizo crecer y ayud\u00f3 a fortalecer nuestros lazos, y nos permite confiar que el Sindicato ID Chile est\u00e1 para grandes cosas. Solo queda agradecer por todo el apoyo que recibimos y que estamos y seguiremos m\u00e1s unidos que nunca. \u00a1Arriba las y los que luchan y no se rinden jam\u00e1s!\u201d<\/em><\/strong><em>.<\/em><\/p>\n\n\n\n<figure class=\"wp-block-gallery has-nested-images columns-default is-cropped wp-block-gallery-1 is-layout-flex wp-block-gallery-is-layout-flex\">\n<figure class=\"wp-block-image size-large\"><img loading=\"lazy\" decoding=\"async\" width=\"1024\" height=\"1024\" data-id=\"6032\" src=\"https:\/\/www.confederaciondelcobre.cl\/wp-content\/uploads\/2025\/08\/WhatsApp-Image-2025-08-01-at-18.07.09-1024x1024.jpeg\" alt=\"\" class=\"wp-image-6032\" srcset=\"https:\/\/www.confederaciondelcobre.cl\/wp-content\/uploads\/2025\/08\/WhatsApp-Image-2025-08-01-at-18.07.09-1024x1024.jpeg 1024w, https:\/\/www.confederaciondelcobre.cl\/wp-content\/uploads\/2025\/08\/WhatsApp-Image-2025-08-01-at-18.07.09-300x300.jpeg 300w, https:\/\/www.confederaciondelcobre.cl\/wp-content\/uploads\/2025\/08\/WhatsApp-Image-2025-08-01-at-18.07.09-150x150.jpeg 150w, https:\/\/www.confederaciondelcobre.cl\/wp-content\/uploads\/2025\/08\/WhatsApp-Image-2025-08-01-at-18.07.09-768x768.jpeg 768w, https:\/\/www.confederaciondelcobre.cl\/wp-content\/uploads\/2025\/08\/WhatsApp-Image-2025-08-01-at-18.07.09.jpeg 1530w\" sizes=\"auto, (max-width: 1024px) 100vw, 1024px\" \/><\/figure>\n\n\n\n<figure class=\"wp-block-image size-large\"><img loading=\"lazy\" decoding=\"async\" width=\"1024\" height=\"1024\" data-id=\"6034\" src=\"https:\/\/www.confederaciondelcobre.cl\/wp-content\/uploads\/2025\/08\/WhatsApp-Image-2025-08-01-at-18.12.33-2-1024x1024.jpeg\" alt=\"\" class=\"wp-image-6034\" srcset=\"https:\/\/www.confederaciondelcobre.cl\/wp-content\/uploads\/2025\/08\/WhatsApp-Image-2025-08-01-at-18.12.33-2-1024x1024.jpeg 1024w, https:\/\/www.confederaciondelcobre.cl\/wp-content\/uploads\/2025\/08\/WhatsApp-Image-2025-08-01-at-18.12.33-2-300x300.jpeg 300w, https:\/\/www.confederaciondelcobre.cl\/wp-content\/uploads\/2025\/08\/WhatsApp-Image-2025-08-01-at-18.12.33-2-150x150.jpeg 150w, https:\/\/www.confederaciondelcobre.cl\/wp-content\/uploads\/2025\/08\/WhatsApp-Image-2025-08-01-at-18.12.33-2-768x768.jpeg 768w, https:\/\/www.confederaciondelcobre.cl\/wp-content\/uploads\/2025\/08\/WhatsApp-Image-2025-08-01-at-18.12.33-2.jpeg 1530w\" sizes=\"auto, (max-width: 1024px) 100vw, 1024px\" \/><\/figure>\n\n\n\n<figure class=\"wp-block-image size-large\"><img loading=\"lazy\" decoding=\"async\" width=\"1024\" height=\"1024\" data-id=\"6035\" src=\"https:\/\/www.confederaciondelcobre.cl\/wp-content\/uploads\/2025\/08\/WhatsApp-Image-2025-08-01-at-18.12.33-3-1024x1024.jpeg\" alt=\"\" class=\"wp-image-6035\" srcset=\"https:\/\/www.confederaciondelcobre.cl\/wp-content\/uploads\/2025\/08\/WhatsApp-Image-2025-08-01-at-18.12.33-3-1024x1024.jpeg 1024w, https:\/\/www.confederaciondelcobre.cl\/wp-content\/uploads\/2025\/08\/WhatsApp-Image-2025-08-01-at-18.12.33-3-300x300.jpeg 300w, https:\/\/www.confederaciondelcobre.cl\/wp-content\/uploads\/2025\/08\/WhatsApp-Image-2025-08-01-at-18.12.33-3-150x150.jpeg 150w, https:\/\/www.confederaciondelcobre.cl\/wp-content\/uploads\/2025\/08\/WhatsApp-Image-2025-08-01-at-18.12.33-3-768x768.jpeg 768w, https:\/\/www.confederaciondelcobre.cl\/wp-content\/uploads\/2025\/08\/WhatsApp-Image-2025-08-01-at-18.12.33-3.jpeg 1530w\" sizes=\"auto, (max-width: 1024px) 100vw, 1024px\" \/><\/figure>\n\n\n\n<figure class=\"wp-block-image size-large\"><img loading=\"lazy\" decoding=\"async\" width=\"1024\" height=\"768\" data-id=\"6033\" src=\"https:\/\/www.confederaciondelcobre.cl\/wp-content\/uploads\/2025\/08\/WhatsApp-Image-2025-08-01-at-18.12.33-1024x768.jpeg\" alt=\"\" class=\"wp-image-6033\" srcset=\"https:\/\/www.confederaciondelcobre.cl\/wp-content\/uploads\/2025\/08\/WhatsApp-Image-2025-08-01-at-18.12.33-1024x768.jpeg 1024w, https:\/\/www.confederaciondelcobre.cl\/wp-content\/uploads\/2025\/08\/WhatsApp-Image-2025-08-01-at-18.12.33-300x225.jpeg 300w, https:\/\/www.confederaciondelcobre.cl\/wp-content\/uploads\/2025\/08\/WhatsApp-Image-2025-08-01-at-18.12.33-768x576.jpeg 768w, https:\/\/www.confederaciondelcobre.cl\/wp-content\/uploads\/2025\/08\/WhatsApp-Image-2025-08-01-at-18.12.33.jpeg 1280w\" sizes=\"auto, (max-width: 1024px) 100vw, 1024px\" \/><\/figure>\n<\/figure>\n\n\n<div class=\"wp-block-site-logo\"><a href=\"https:\/\/www.confederaciondelcobre.cl\/\" class=\"custom-logo-link\" rel=\"home\"><img loading=\"lazy\" decoding=\"async\" width=\"507\" height=\"61\" src=\"https:\/\/www.confederaciondelcobre.cl\/wp-content\/uploads\/2023\/01\/TituloWebCTC.png\" class=\"custom-logo\" alt=\"Confederaci\u00f3n de Trabajadores del Cobre &#8211; CTC\" srcset=\"https:\/\/www.confederaciondelcobre.cl\/wp-content\/uploads\/2023\/01\/TituloWebCTC.png 606w, https:\/\/www.confederaciondelcobre.cl\/wp-content\/uploads\/2023\/01\/TituloWebCTC-300x37.png 300w\" sizes=\"auto, (max-width: 507px) 100vw, 507px\" \/><\/a><\/div>","protected":false},"excerpt":{"rendered":"<p>Atacama&nbsp;| Tras 3 d\u00edas de huelga efectiva que paraliz\u00f3 la faena de Mantoverde operada por Capstone Copper, el Sindicato ID Chile lo logr\u00f3: Ayer, viernes 01 de agosto se firm\u00f3 &hellip; <\/p>\n","protected":false},"author":2,"featured_media":6029,"comment_status":"closed","ping_status":"closed","sticky":false,"template":"","format":"standard","meta":{"jetpack_post_was_ever_published":false,"_jetpack_newsletter_access":"","_jetpack_dont_email_post_to_subs":false,"_jetpack_newsletter_tier_id":0,"_jetpack_memberships_contains_paywalled_content":false,"_jetpack_memberships_contains_paid_content":false,"footnotes":"","jetpack_publicize_message":"","jetpack_publicize_feature_enabled":true,"jetpack_social_post_already_shared":true,"jetpack_social_options":{"image_generator_settings":{"template":"highway","default_image_id":0,"enabled":false},"version":2}},"categories":[21,25,15,20,39,19],"tags":[48,83,44,67],"class_list":["post-6028","post","type-post","status-publish","format-standard","has-post-thumbnail","hentry","category-federaciones","category-fesamav","category-nacional","category-negociacion-colectiva","category-sindicatos","category-trabajadores","tag-ctc","tag-negociacion-colectiva","tag-sindicato","tag-trabajadores"],"jetpack_publicize_connections":[],"jetpack_featured_media_url":"https:\/\/www.confederaciondelcobre.cl\/wp-content\/uploads\/2025\/08\/Plantillas-CTC-Portada-de-Facebook-10.png","jetpack_sharing_enabled":true,"post_mailing_queue_ids":[],"_links":{"self":[{"href":"https:\/\/www.confederaciondelcobre.cl\/index.php\/wp-json\/wp\/v2\/posts\/6028","targetHints":{"allow":["GET"]}}],"collection":[{"href":"https:\/\/www.confederaciondelcobre.cl\/index.php\/wp-json\/wp\/v2\/posts"}],"about":[{"href":"https:\/\/www.confederaciondelcobre.cl\/index.php\/wp-json\/wp\/v2\/types\/post"}],"author":[{"embeddable":true,"href":"https:\/\/www.confederaciondelcobre.cl\/index.php\/wp-json\/wp\/v2\/users\/2"}],"replies":[{"embeddable":true,"href":"https:\/\/www.confederaciondelcobre.cl\/index.php\/wp-json\/wp\/v2\/comments?post=6028"}],"version-history":[{"count":1,"href":"https:\/\/www.confederaciondelcobre.cl\/index.php\/wp-json\/wp\/v2\/posts\/6028\/revisions"}],"predecessor-version":[{"id":6036,"href":"https:\/\/www.confederaciondelcobre.cl\/index.php\/wp-json\/wp\/v2\/posts\/6028\/revisions\/6036"}],"wp:featuredmedia":[{"embeddable":true,"href":"https:\/\/www.confederaciondelcobre.cl\/index.php\/wp-json\/wp\/v2\/media\/6029"}],"wp:attachment":[{"href":"https:\/\/www.confederaciondelcobre.cl\/index.php\/wp-json\/wp\/v2\/media?parent=6028"}],"wp:term":[{"taxonomy":"category","embeddable":true,"href":"https:\/\/www.confederaciondelcobre.cl\/index.php\/wp-json\/wp\/v2\/categories?post=6028"},{"taxonomy":"post_tag","embeddable":true,"href":"https:\/\/www.confederaciondelcobre.cl\/index.php\/wp-json\/wp\/v2\/tags?post=6028"}],"curies":[{"name":"wp","href":"https:\/\/api.w.org\/{rel}","templated":true}]}}