{"id":6037,"date":"2025-08-03T13:03:22","date_gmt":"2025-08-03T17:03:22","guid":{"rendered":"https:\/\/www.confederaciondelcobre.cl\/?p=6037"},"modified":"2025-08-03T13:08:55","modified_gmt":"2025-08-03T17:08:55","slug":"tragedia-en-el-teniente-las-victimas-del-derrumbe","status":"publish","type":"post","link":"https:\/\/www.confederaciondelcobre.cl\/index.php\/2025\/08\/03\/tragedia-en-el-teniente-las-victimas-del-derrumbe\/","title":{"rendered":"TRAGEDIA EN EL TENIENTE: Las v\u00edctimas del derrumbe"},"content":{"rendered":"\n<p>RANCAGUA | Ya han pasado dos d\u00edas desde que ocurri\u00f3 la tragedia en El Teniente, y los esfuerzos, se han centrado en la b\u00fasqueda de los cinco compa\u00f1eros desaparecidos que quedaron atrapados en el derrumbe en el interior de la mina Andesita. Se trata de cinco empleados de la constructora Gardilcic cuya desaparici\u00f3n se sum\u00f3 a las heridas sufridas por otro nueve mineros y a la muerte del funcionario de la empresa contratista Salfa Montajes, <strong>Paulo Mar\u00edn Tapia<\/strong>.<\/p>\n\n\n\n<p>Paulo, que naci\u00f3 en la localidad de Ca\u00f1as Dos, comuna de Illapel, regi\u00f3n de Coquimbo, se desempe\u00f1aba en labores el\u00e9ctricas, incluyendo instalaci\u00f3n de escalerillas y transporte de cables. En el momento del accidente, contaba con todos los elementos de seguridad requeridos, seg\u00fan las primeras pericias. Casado y padre de tres hijos, Paulo Mar\u00edn era reconocido por su entrega y compromiso laboral.<\/p>\n\n\n\n<p>Seg\u00fan los comunicados entregados por Codelco, los cinco atrapados en el derrumbe, compa\u00f1eros de la misma cuadrilla, mineros del subcontrato, son:&nbsp;<\/p>\n\n\n\n<ol class=\"wp-block-list\">\n<li><strong>Mois\u00e9s Esteban Pavez Armijo<\/strong> (33 a\u00f1os).\u00a0Naci\u00f3 en 1991 en la comuna de Coinco, al sudoeste de Rancagua. Creci\u00f3 en Do\u00f1ihue, tambi\u00e9n en la Regi\u00f3n de O\u2019Higgins, de donde egres\u00f3 de cuarto medio del liceo Claudio Arrau, en 2009. <strong>A esta hora se mantiene su b\u00fasqueda.<\/strong><\/li>\n<\/ol>\n\n\n\n<ol start=\"2\" class=\"wp-block-list\">\n<li><strong>Gonzalo Ignacio N\u00fa\u00f1ez Caroca<\/strong> (33 a\u00f1os).\u00a0Naci\u00f3 en 1991 en Graneros, comuna donde egres\u00f3 en 2009 del instituto Santa Teresita de Los Andes. Se estableci\u00f3 en San Francisco de Mostazal, donde su madre, que trabaja en el Cesfam, recibi\u00f3 este viernes\u00a0<a href=\"https:\/\/www.facebook.com\/VeritoArroyo\/posts\/quiero-expresar-mi-m%C3%A1s-profunda-solidaridad-ante-la-dif%C3%ADcil-situaci%C3%B3n-que-se-viv\/10232572941680933\/\" target=\"_blank\" rel=\"noreferrer noopener\">muestras de apoyo<\/a>\u00a0por redes sociales. Esta madrugada se confirm\u00f3 que se trata del primer minero que se encontr\u00f3 fallecido.<\/li>\n\n\n\n<li><strong>\u00c1lex Araya Acevedo<\/strong> (29 a\u00f1os).\u00a0Es el m\u00e1s joven del grupo, naci\u00f3 en 1995 en Rancagua. En 2023 hizo un 2\u00d71 en el colegio Monte Castello de la capital regional para egresar de cuarto medio, mostraron los registros del Ministerio de Educaci\u00f3n. Su cuerpo fue hallado hoy en la madrugada.<\/li>\n\n\n\n<li><strong>Jean Humberto Miranda Ibaceta<\/strong> (31 a\u00f1os).\u00a0Naci\u00f3 en 1993 en Rancagua, donde creci\u00f3. En 2011 egres\u00f3 del colegio Tom\u00e1s Guaglen de la ciudad. \u201cMi hermano\u00a0<a href=\"https:\/\/www.t13.cl\/noticia\/nacional\/revelan-uno-mineros-desaparecidos-sera-padre-1-8-2025\" target=\"_blank\" rel=\"noreferrer noopener\">tiene a su se\u00f1ora embarazada<\/a>\u201d, dijo a Canal 13 Michael Miranda, que se quej\u00f3 por la poca informaci\u00f3n que hab\u00edan recibido de Codelco y la empresa contratista. Esta madrugada se confirm\u00f3 el hallazgo de su cuerpo.<\/li>\n\n\n\n<li><strong>Carlos Arancibia Valenzuela<\/strong>.\u00a0Es el mayor del grupo y el \u00fanico que naci\u00f3 fuera de la regi\u00f3n de O\u2019Higgins. Su fallecimiento se confirm\u00f3 esta madrugada.<\/li>\n<\/ol>\n\n\n\n<p>La Fiscal\u00eda Regional de O\u2019Higgins abri\u00f3 una investigaci\u00f3n por cuasidelito de homicidio, que avanzar\u00e1 paralelamente a la que desarrolla el Servicio Nacional de Geolog\u00eda y Miner\u00eda (Sernageomin).<\/p>\n\n\n\n<p>El pa\u00eds se ha consternado con esta tragedia, y como Confederaci\u00f3n de Trabajadores del Cobre exigimos, en un comunicado publicado el viernes 01 de agosto, el fin del subcontrato tras estas muertes. As\u00ed mismo, con profundo dolor, solidarizamos con las familias de los compa\u00f1eros, y enviamos nuestras condolencias.&nbsp;<\/p>\n\n\n\n<p>Revisa nuestro comunicado Aqui: <a href=\"https:\/\/www.confederaciondelcobre.cl\/index.php\/2025\/08\/01\/tragedia-en-el-teniente-comunicado-de-la-confederacion-de-trabajadores-del-cobre\/\">https:\/\/www.confederaciondelcobre.cl\/index.php\/2025\/08\/01\/tragedia-en-el-teniente-comunicado-de-la-confederacion-de-trabajadores-del-cobre\/<\/a><\/p>\n\n\n<div class=\"wp-block-site-logo\"><a href=\"https:\/\/www.confederaciondelcobre.cl\/\" class=\"custom-logo-link\" rel=\"home\"><img loading=\"lazy\" decoding=\"async\" width=\"568\" height=\"69\" src=\"https:\/\/www.confederaciondelcobre.cl\/wp-content\/uploads\/2023\/01\/TituloWebCTC.png\" class=\"custom-logo\" alt=\"Confederaci\u00f3n de Trabajadores del Cobre &#8211; CTC\" srcset=\"https:\/\/www.confederaciondelcobre.cl\/wp-content\/uploads\/2023\/01\/TituloWebCTC.png 606w, https:\/\/www.confederaciondelcobre.cl\/wp-content\/uploads\/2023\/01\/TituloWebCTC-300x37.png 300w\" sizes=\"auto, (max-width: 568px) 100vw, 568px\" \/><\/a><\/div>\n\n\n<p><\/p>\n","protected":false},"excerpt":{"rendered":"<p>RANCAGUA | Ya han pasado dos d\u00edas desde que ocurri\u00f3 la tragedia en El Teniente, y los esfuerzos, se han centrado en la b\u00fasqueda de los cinco compa\u00f1eros desaparecidos que &hellip; <\/p>\n","protected":false},"author":2,"featured_media":6038,"comment_status":"closed","ping_status":"closed","sticky":false,"template":"","format":"standard","meta":{"jetpack_post_was_ever_published":false,"_jetpack_newsletter_access":"","_jetpack_dont_email_post_to_subs":false,"_jetpack_newsletter_tier_id":0,"_jetpack_memberships_contains_paywalled_content":false,"_jetpack_memberships_contains_paid_content":false,"footnotes":"","jetpack_publicize_message":"","jetpack_publicize_feature_enabled":true,"jetpack_social_post_already_shared":true,"jetpack_social_options":{"image_generator_settings":{"template":"highway","default_image_id":0,"enabled":false},"version":2}},"categories":[9,16,39,19],"tags":[48,67],"class_list":["post-6037","post","type-post","status-publish","format-standard","has-post-thumbnail","hentry","category-confederacion","category-noticias","category-sindicatos","category-trabajadores","tag-ctc","tag-trabajadores"],"jetpack_publicize_connections":[],"jetpack_featured_media_url":"https:\/\/www.confederaciondelcobre.cl\/wp-content\/uploads\/2025\/08\/Plantillas-CTC-Portada-de-Facebook-11.png","jetpack_sharing_enabled":true,"post_mailing_queue_ids":[],"_links":{"self":[{"href":"https:\/\/www.confederaciondelcobre.cl\/index.php\/wp-json\/wp\/v2\/posts\/6037","targetHints":{"allow":["GET"]}}],"collection":[{"href":"https:\/\/www.confederaciondelcobre.cl\/index.php\/wp-json\/wp\/v2\/posts"}],"about":[{"href":"https:\/\/www.confederaciondelcobre.cl\/index.php\/wp-json\/wp\/v2\/types\/post"}],"author":[{"embeddable":true,"href":"https:\/\/www.confederaciondelcobre.cl\/index.php\/wp-json\/wp\/v2\/users\/2"}],"replies":[{"embeddable":true,"href":"https:\/\/www.confederaciondelcobre.cl\/index.php\/wp-json\/wp\/v2\/comments?post=6037"}],"version-history":[{"count":2,"href":"https:\/\/www.confederaciondelcobre.cl\/index.php\/wp-json\/wp\/v2\/posts\/6037\/revisions"}],"predecessor-version":[{"id":6041,"href":"https:\/\/www.confederaciondelcobre.cl\/index.php\/wp-json\/wp\/v2\/posts\/6037\/revisions\/6041"}],"wp:featuredmedia":[{"embeddable":true,"href":"https:\/\/www.confederaciondelcobre.cl\/index.php\/wp-json\/wp\/v2\/media\/6038"}],"wp:attachment":[{"href":"https:\/\/www.confederaciondelcobre.cl\/index.php\/wp-json\/wp\/v2\/media?parent=6037"}],"wp:term":[{"taxonomy":"category","embeddable":true,"href":"https:\/\/www.confederaciondelcobre.cl\/index.php\/wp-json\/wp\/v2\/categories?post=6037"},{"taxonomy":"post_tag","embeddable":true,"href":"https:\/\/www.confederaciondelcobre.cl\/index.php\/wp-json\/wp\/v2\/tags?post=6037"}],"curies":[{"name":"wp","href":"https:\/\/api.w.org\/{rel}","templated":true}]}}