{"id":61,"date":"2019-01-23T20:26:54","date_gmt":"2019-01-23T20:26:54","guid":{"rendered":"http:\/\/www.ctc2018.cl\/?p=61"},"modified":"2020-04-27T00:44:35","modified_gmt":"2020-04-27T00:44:35","slug":"calama-ctmin-continua-campana-por-la-ratificacion-del-convenio-176-de-la-oit","status":"publish","type":"post","link":"https:\/\/www.confederaciondelcobre.cl\/index.php\/2019\/01\/23\/calama-ctmin-continua-campana-por-la-ratificacion-del-convenio-176-de-la-oit\/","title":{"rendered":"Calama: CTMIN contin\u00faa campa\u00f1a por la ratificaci\u00f3n del Convenio 176 de la OIT"},"content":{"rendered":"\n<p>El d\u00eda de ayer y en la ciudad de Calama la Coordinadora de Trabajadores de la Miner\u00eda, CTMIN, desarroll\u00f3 una nueva actividad&nbsp;en el marco de la campa\u00f1a que ha venido impulsando por la ratificaci\u00f3n del&nbsp;<a href=\"https:\/\/www.ilo.org\/dyn\/normlex\/es\/f?p=NORMLEXPUB:12100:0::NO::P12100_ILO_CODE:C176\">Convenio 176 sobre Seguridad y Salud en las Minas<\/a>&nbsp;de la OIT.&nbsp;El encuentro que se desarroll\u00f3 en el Paseo Ramirez cont\u00f3 con la participaci\u00f3n de dirigentes de las distintas organizaciones de la CTMIN, entre ellos los directores nacionales de la Confederaci\u00f3n de Trabajadores del Cobre (CTC) Jos\u00e9 Mardones y Juan Galindo.<\/p>\n\n\n\n<div class=\"wp-block-image\"><figure class=\"alignright is-resized\"><a href=\"http:\/\/www.confederaciondelcobre.cl\/erbocefnoc\/calama-ctmin-continua-campana-por-la-ratificacion-del-convenio-176-de-la-oit\/jose-mardones-3\/\"><img loading=\"lazy\" decoding=\"async\" src=\"http:\/\/www.confederaciondelcobre.cl\/erbocefnoc\/wp-content\/uploads\/2019\/01\/Jose-Mardones.jpg\" alt=\"Jose Mardones\" class=\"wp-image-10671\" width=\"305\" height=\"228\"\/><\/a><\/figure><\/div>\n\n\n\n<p>La jornada que parti\u00f3 alrededor de las once de la ma\u00f1ana tuvo por objetivo conversar con los transe\u00fantes del sector y darles a conocer la importancia que reviste la ratificaci\u00f3n del Convenio se\u00f1alado. En la oportunidad,&nbsp;<strong>Jos\u00e9 Mardones, director nacional de la CTC, se\u00f1al\u00f3 que<\/strong>&nbsp;<strong>la recepci\u00f3n de los trabajadores y transe\u00fantes en general fue positiva por cuanto a la solidaridad recibida<\/strong>, pues cabe indicar que durante el a\u00f1o 2017 hubo 14 mineros fallecidos mientras se desempe\u00f1aban en sus funciones, agregando que en el per\u00edodo que va desde el a\u00f1o 2010 a la fecha han fallecido 205.<\/p>\n\n\n\n<div class=\"wp-block-image\"><figure class=\"alignleft is-resized\"><img loading=\"lazy\" decoding=\"async\" src=\"http:\/\/www.confederaciondelcobre.cl\/erbocefnoc\/wp-content\/uploads\/2019\/01\/Juan-Galindo.jpg\" alt=\"Juan Galindo\" class=\"wp-image-10673\" width=\"295\" height=\"221\"\/><\/figure><\/div>\n\n\n\n<p>Coment\u00f3 tambi\u00e9n que&nbsp;<strong>llama poderosamente la atenci\u00f3n que este Convenio haya sido ratificado en otros pa\u00edses de Latino America (por ejemplo: Uruguay,&nbsp;Brasil y Per\u00fa) pero no en Chile, donde en todas las regiones existe explotaci\u00f3n minera, sea esta de cobre, hierro o alg\u00fan otro mineral.<\/strong>&nbsp;Lo preocupante, entonces, es que&nbsp;<strong>hasta ahora no s\u00f3lo se ha estado extrayendo el cobre o los recursos naturales de la tierra sino tambi\u00e9n la vida de los trabajadores: que haya 205 trabajadores fallecidos -insisti\u00f3- desde el 2010 a la fecha es muestra de ello<\/strong>, por lo tanto&nbsp;<strong>el gobierno debe comprender la necesidad que existe en torno a la ratificaci\u00f3n de este Convenio que va a generar una nueva cultura de seguridad, no solo entre los trabajadores sino tambi\u00e9n en el empresariado<\/strong>, finaliz\u00f3<a href=\"http:\/\/www.confederaciondelcobre.cl\/erbocefnoc\/calama-ctmin-continua-campana-por-la-ratificacion-del-convenio-176-de-la-oit\/juan-galindo-3\/\">.<\/a><\/p>\n\n\n\n<h4 class=\"wp-block-heading\"><em>Sabido es que a prop\u00f3sito del accidente ocurrido en la Mina San Jos\u00e9 el a\u00f1o 2010, donde 33 mineros quedaron atrapados y finalmente rescatados con vida, el&nbsp;presidente&nbsp;S. Pi\u00f1era&nbsp;en aquel momento manifest\u00f3&nbsp;su promesa y la de su gobierno de ratificar el convenio 176 de la OIT sobre Salud y Seguridad en las minas&nbsp;<a href=\"https:\/\/www.theguardian.com\/world\/2010\/oct\/18\/sebastian-pinera-david-cameron-queen\">(ver nota al respecto del medio The Guardian, del 19 de octubre de 2010 aqu\u00ed)<\/a>, pero aquello -hasta el d\u00eda de hoy y ya en su&nbsp;<\/em><em>segundo mandato- no ha ocurrido.<\/em><\/h4>\n\n\n\n<p>Chile es el mayor productor de cobre en el mundo, por lo tanto lo que pedimos desde la Confederaci\u00f3n de Trabajadores del Cobre, en conjunto con la Coordinadora de Trabajadores de la Miner\u00eda, es que el presidente y el ministro de miner\u00eda,&nbsp;a prop\u00f3sito de la&nbsp;<a href=\"http:\/\/www.confederaciondelcobre.cl\/erbocefnoc\/trabajadores-de-la-mineria-exigen-al-gobierno-cumplir-y-ratificar-convenio-176-de-la-oit-sobre-salud-y-seguridad-en-las-minas\/\">carta que les fue entregada por la CTMIN en el palacio de La Moneda en agosto de 2018<\/a>&nbsp;y de los permanentes riesgos y accidentes en la miner\u00eda, consideren definitivamente, por la salud, seguridad y vida de los trabajadores, ratificar el Convenio 176 de la Organizaci\u00f3n Internacional del Trabajo.<\/p>\n","protected":false},"excerpt":{"rendered":"<p>El d\u00eda de ayer y en la ciudad de Calama la Coordinadora de Trabajadores de la Miner\u00eda, CTMIN, desarroll\u00f3 una nueva actividad&nbsp;en el marco de la campa\u00f1a que ha venido &hellip; <\/p>\n","protected":false},"author":2,"featured_media":63,"comment_status":"open","ping_status":"open","sticky":false,"template":"","format":"standard","meta":{"jetpack_post_was_ever_published":false,"_jetpack_newsletter_access":"","_jetpack_dont_email_post_to_subs":false,"_jetpack_newsletter_tier_id":0,"_jetpack_memberships_contains_paywalled_content":false,"_jetpack_memberships_contains_paid_content":false,"footnotes":"","jetpack_publicize_message":"","jetpack_publicize_feature_enabled":true,"jetpack_social_post_already_shared":false,"jetpack_social_options":{"image_generator_settings":{"template":"highway","default_image_id":0,"enabled":false},"version":2}},"categories":[9,11,21,13,15],"tags":[],"class_list":["post-61","post","type-post","status-publish","format-standard","has-post-thumbnail","hentry","category-confederacion","category-ctmin","category-federaciones","category-internacional","category-nacional"],"jetpack_publicize_connections":[],"jetpack_featured_media_url":"https:\/\/www.confederaciondelcobre.cl\/wp-content\/uploads\/2019\/01\/Con176Calama.jpg","jetpack_sharing_enabled":true,"post_mailing_queue_ids":[],"_links":{"self":[{"href":"https:\/\/www.confederaciondelcobre.cl\/index.php\/wp-json\/wp\/v2\/posts\/61","targetHints":{"allow":["GET"]}}],"collection":[{"href":"https:\/\/www.confederaciondelcobre.cl\/index.php\/wp-json\/wp\/v2\/posts"}],"about":[{"href":"https:\/\/www.confederaciondelcobre.cl\/index.php\/wp-json\/wp\/v2\/types\/post"}],"author":[{"embeddable":true,"href":"https:\/\/www.confederaciondelcobre.cl\/index.php\/wp-json\/wp\/v2\/users\/2"}],"replies":[{"embeddable":true,"href":"https:\/\/www.confederaciondelcobre.cl\/index.php\/wp-json\/wp\/v2\/comments?post=61"}],"version-history":[{"count":2,"href":"https:\/\/www.confederaciondelcobre.cl\/index.php\/wp-json\/wp\/v2\/posts\/61\/revisions"}],"predecessor-version":[{"id":64,"href":"https:\/\/www.confederaciondelcobre.cl\/index.php\/wp-json\/wp\/v2\/posts\/61\/revisions\/64"}],"wp:featuredmedia":[{"embeddable":true,"href":"https:\/\/www.confederaciondelcobre.cl\/index.php\/wp-json\/wp\/v2\/media\/63"}],"wp:attachment":[{"href":"https:\/\/www.confederaciondelcobre.cl\/index.php\/wp-json\/wp\/v2\/media?parent=61"}],"wp:term":[{"taxonomy":"category","embeddable":true,"href":"https:\/\/www.confederaciondelcobre.cl\/index.php\/wp-json\/wp\/v2\/categories?post=61"},{"taxonomy":"post_tag","embeddable":true,"href":"https:\/\/www.confederaciondelcobre.cl\/index.php\/wp-json\/wp\/v2\/tags?post=61"}],"curies":[{"name":"wp","href":"https:\/\/api.w.org\/{rel}","templated":true}]}}