{"id":615,"date":"2019-12-09T19:06:02","date_gmt":"2019-12-09T19:06:02","guid":{"rendered":"http:\/\/www.confederaciondelcobre.cl\/?p=615"},"modified":"2020-04-26T23:27:13","modified_gmt":"2020-04-26T23:27:13","slug":"sindicato-eleccon-cierra-exitosa-negociacion-colectiva","status":"publish","type":"post","link":"https:\/\/www.confederaciondelcobre.cl\/index.php\/2019\/12\/09\/sindicato-eleccon-cierra-exitosa-negociacion-colectiva\/","title":{"rendered":"Sindicato Eleccon cierra exitosa Negociaci\u00f3n Colectiva"},"content":{"rendered":"\n<ul class=\"wp-block-list\"><li>Con importantes avances, en derechos y beneficios sociales para los socios del Sindicato de Trabajadores Eleccon MantoVerde, se firm\u00f3 el viernes 06 una nueva Negociaci\u00f3n Colectiva.<\/li><\/ul>\n\n\n\n<p>Un significativo incremento remuneracional, seguro de salud, aguinaldos, avances en torno a la diversidad e inclusi\u00f3n, capacitaciones, cumplimento del Acuerdo Marco vigente entre la Confederaci\u00f3n de Trabajadores del Cobre (CTC) y Mantos Copper y el reconocimiento a la Titularidad Sindical de estos derechos y beneficios, entre otros, fueron los avances que los trabajadores alcanzaron en esta Negociaci\u00f3n Colectiva.<\/p>\n\n\n\n<figure class=\"wp-block-image\"><img loading=\"lazy\" decoding=\"async\" width=\"800\" height=\"600\" src=\"http:\/\/www.confederaciondelcobre.cl\/wp-content\/uploads\/2019\/12\/Firma-Eleccon.jpg\" alt=\"\" class=\"wp-image-619\" srcset=\"https:\/\/www.confederaciondelcobre.cl\/wp-content\/uploads\/2019\/12\/Firma-Eleccon.jpg 800w, https:\/\/www.confederaciondelcobre.cl\/wp-content\/uploads\/2019\/12\/Firma-Eleccon-300x225.jpg 300w, https:\/\/www.confederaciondelcobre.cl\/wp-content\/uploads\/2019\/12\/Firma-Eleccon-768x576.jpg 768w\" sizes=\"auto, (max-width: 800px) 100vw, 800px\" \/><figcaption>Firma Contrato Colectivo<\/figcaption><\/figure>\n\n\n\n<p><strong>Stephanie Gonz\u00e1lez<\/strong>, Presidenta de la Federaci\u00f3n de Trabajadores Contratistas MantoVerde (FESAMAV) y Directora Nacional Encargada de G\u00e9nero e Inclusi\u00f3n de la CTC, envi\u00f3 un saludo de reconocimiento a los trabajadores que, unidos, organizados y en disposici\u00f3n de lucha consiguieron avanzar en importantes beneficios y derechos. Sobre todo en un contexto como el actual, donde pr\u00e1cticamente en todo el pa\u00eds se est\u00e1n desarrollando movilizaciones y manifestaciones por cambiar la injusta realidad que en general vivimos,  avanzar en justicia para los trabajadores toma un especial sentido, que nos inspira y alienta a seguir adelante, finaliz\u00f3.<\/p>\n\n\n\n<figure class=\"wp-block-image\"><img loading=\"lazy\" decoding=\"async\" width=\"800\" height=\"600\" src=\"http:\/\/www.confederaciondelcobre.cl\/wp-content\/uploads\/2019\/12\/SindEleccon.jpg\" alt=\"\" class=\"wp-image-620\" srcset=\"https:\/\/www.confederaciondelcobre.cl\/wp-content\/uploads\/2019\/12\/SindEleccon.jpg 800w, https:\/\/www.confederaciondelcobre.cl\/wp-content\/uploads\/2019\/12\/SindEleccon-300x225.jpg 300w, https:\/\/www.confederaciondelcobre.cl\/wp-content\/uploads\/2019\/12\/SindEleccon-768x576.jpg 768w\" sizes=\"auto, (max-width: 800px) 100vw, 800px\" \/><\/figure>\n","protected":false},"excerpt":{"rendered":"<p>Con importantes avances, en derechos y beneficios sociales para los socios del Sindicato de Trabajadores Eleccon MantoVerde, se firm\u00f3 el viernes 06 una nueva Negociaci\u00f3n Colectiva. Un significativo incremento remuneracional, &hellip; <\/p>\n","protected":false},"author":2,"featured_media":616,"comment_status":"closed","ping_status":"closed","sticky":false,"template":"","format":"standard","meta":{"jetpack_post_was_ever_published":false,"_jetpack_newsletter_access":"","_jetpack_dont_email_post_to_subs":false,"_jetpack_newsletter_tier_id":0,"_jetpack_memberships_contains_paywalled_content":false,"_jetpack_memberships_contains_paid_content":false,"footnotes":"","jetpack_publicize_message":"","jetpack_publicize_feature_enabled":true,"jetpack_social_post_already_shared":false,"jetpack_social_options":{"image_generator_settings":{"template":"highway","default_image_id":0,"enabled":false},"version":2}},"categories":[9,21,25,20],"tags":[],"class_list":["post-615","post","type-post","status-publish","format-standard","has-post-thumbnail","hentry","category-confederacion","category-federaciones","category-fesamav","category-negociacion-colectiva"],"jetpack_publicize_connections":[],"jetpack_featured_media_url":"https:\/\/www.confederaciondelcobre.cl\/wp-content\/uploads\/2019\/12\/Eleccon.jpg","jetpack_sharing_enabled":true,"post_mailing_queue_ids":[],"_links":{"self":[{"href":"https:\/\/www.confederaciondelcobre.cl\/index.php\/wp-json\/wp\/v2\/posts\/615","targetHints":{"allow":["GET"]}}],"collection":[{"href":"https:\/\/www.confederaciondelcobre.cl\/index.php\/wp-json\/wp\/v2\/posts"}],"about":[{"href":"https:\/\/www.confederaciondelcobre.cl\/index.php\/wp-json\/wp\/v2\/types\/post"}],"author":[{"embeddable":true,"href":"https:\/\/www.confederaciondelcobre.cl\/index.php\/wp-json\/wp\/v2\/users\/2"}],"replies":[{"embeddable":true,"href":"https:\/\/www.confederaciondelcobre.cl\/index.php\/wp-json\/wp\/v2\/comments?post=615"}],"version-history":[{"count":3,"href":"https:\/\/www.confederaciondelcobre.cl\/index.php\/wp-json\/wp\/v2\/posts\/615\/revisions"}],"predecessor-version":[{"id":621,"href":"https:\/\/www.confederaciondelcobre.cl\/index.php\/wp-json\/wp\/v2\/posts\/615\/revisions\/621"}],"wp:featuredmedia":[{"embeddable":true,"href":"https:\/\/www.confederaciondelcobre.cl\/index.php\/wp-json\/wp\/v2\/media\/616"}],"wp:attachment":[{"href":"https:\/\/www.confederaciondelcobre.cl\/index.php\/wp-json\/wp\/v2\/media?parent=615"}],"wp:term":[{"taxonomy":"category","embeddable":true,"href":"https:\/\/www.confederaciondelcobre.cl\/index.php\/wp-json\/wp\/v2\/categories?post=615"},{"taxonomy":"post_tag","embeddable":true,"href":"https:\/\/www.confederaciondelcobre.cl\/index.php\/wp-json\/wp\/v2\/tags?post=615"}],"curies":[{"name":"wp","href":"https:\/\/api.w.org\/{rel}","templated":true}]}}