{"id":6155,"date":"2025-08-21T00:24:06","date_gmt":"2025-08-21T04:24:06","guid":{"rendered":"https:\/\/www.confederaciondelcobre.cl\/?p=6155"},"modified":"2025-08-21T00:24:09","modified_gmt":"2025-08-21T04:24:09","slug":"diputado-por-atacama-cristian-tapia-califico-de-graves-las-denuncias-por-practica-antisindical-de-salfa","status":"publish","type":"post","link":"https:\/\/www.confederaciondelcobre.cl\/index.php\/2025\/08\/21\/diputado-por-atacama-cristian-tapia-califico-de-graves-las-denuncias-por-practica-antisindical-de-salfa\/","title":{"rendered":"Diputado por Atacama Cristi\u00e1n Tapia, calific\u00f3 de Graves las denuncias por pr\u00e1ctica antisindical de SALFA."},"content":{"rendered":"\n<p>VALPARAISO | El Diputado por Atacama, Cristian Tapia Ramos, el d\u00eda de hoy, denunci\u00f3 en la Comisi\u00f3n de Miner\u00eda de la C\u00e1mara de Diputados el actuar de la empresa SALFA, empleadora de los Trabajadores contratistas que est\u00e1n en huelga por casi 10 d\u00edas, y que se organizan en el Sindicato Interempresa TRAMSALPO de El Salvador.&nbsp;<\/p>\n\n\n\n<p>En su intervenci\u00f3n, el diputado Tapia indic\u00f3 que la huelga est\u00e1 siendo desarrollada&nbsp;&nbsp;por 254 trabajadores movilizados, descartando las versiones que indicaban que eran solo 10, y que la empresa SALFA ha incurrido en una serie de hechos que han llevado a romper las negociaciones:&nbsp;&nbsp;<em>\u201cEste sindicato tuvo la buena voluntad de sentarse a conversar con la Direcci\u00f3n del Trabajo de la Regi\u00f3n de Atacama y la empresa finalmente rompi\u00f3 la mesa\u201d.&nbsp;<\/em><\/p>\n\n\n\n<p>Adem\u00e1s, se\u00f1al\u00f3 que la empresa SALFA ha cometido pr\u00e1cticas antisindicales durante el proceso las que calific\u00f3 como graves:<em>&nbsp;\u201cAqu\u00ed hay denuncias que son sumamente graves, reemplazo en huelga, algo que est\u00e1 tipificado en el C\u00f3digo del Trabajo que no puede haber reemplazo en huelga de los trabajadores que est\u00e1n en esa situaci\u00f3n\u201d.<\/em><\/p>\n\n\n\n<p>Dada la situaci\u00f3n, el diputado Tapia indic\u00f3 que se ofici\u00f3 a Codelco para solicitar antecedentes del caso, los que hasta el momento se desconoce si han sido respondidos, al mismo tiempo, solicit\u00f3 a trav\u00e9s de la Comisi\u00f3n de Miner\u00eda, que la Inspecci\u00f3n del Trabajo de la Provincia de Cha\u00f1aral se pronuncie al respecto a trav\u00e9s de un informe con los resultados de la fiscalizaci\u00f3n.<\/p>\n\n\n\n<p>Finalmente, afirm\u00f3 que Codelco debe hacerse cargo por las pr\u00e1cticas antisindicales a trav\u00e9s de su Gerencia de Terceros, la que debe estar involucrada en estos procesos&nbsp;<em>\u2013\u201cporque ac\u00e1 no podemos seguir aguantando que cada vez que un sindicato de empresa contratista que este en negociaci\u00f3n colectiva se le hagan pr\u00e1cticas antisindicales, porque aqu\u00ed tambi\u00e9n hay otro sindicato que es paralelo a SALFA. Lo cual lo que denuncian los trabajadores es que cuando toman un trabajo determinado, les hacen un convenio colectivo inmediatamente, y eso les priva de poder estar eligiendo sindicato\u201d-<\/em>&nbsp;indic\u00f3.<\/p>\n\n\n\n<p>As\u00ed mismo afirm\u00f3 que&nbsp;<em>\u201ccada vez que se presenta la negociaci\u00f3n colectiva hay esperanza de los trabajadores de tener mejores remuneraciones, mejores beneficios, pero que ninguna empresa les pongan los pies encima\u201d.<\/em><\/p>\n\n\n\n<figure class=\"wp-block-video\"><video controls src=\"https:\/\/www.confederaciondelcobre.cl\/wp-content\/uploads\/2025\/08\/Alejandro-Ochoa-2.mp4\"><\/video><\/figure>\n\n\n<div class=\"wp-block-site-logo\"><a href=\"https:\/\/www.confederaciondelcobre.cl\/\" class=\"custom-logo-link\" rel=\"home\"><img loading=\"lazy\" decoding=\"async\" width=\"545\" height=\"66\" src=\"https:\/\/www.confederaciondelcobre.cl\/wp-content\/uploads\/2023\/01\/TituloWebCTC.png\" class=\"custom-logo\" alt=\"Confederaci\u00f3n de Trabajadores del Cobre &#8211; CTC\" srcset=\"https:\/\/www.confederaciondelcobre.cl\/wp-content\/uploads\/2023\/01\/TituloWebCTC.png 606w, https:\/\/www.confederaciondelcobre.cl\/wp-content\/uploads\/2023\/01\/TituloWebCTC-300x37.png 300w\" sizes=\"auto, (max-width: 545px) 100vw, 545px\" \/><\/a><\/div>","protected":false},"excerpt":{"rendered":"<p>VALPARAISO | El Diputado por Atacama, Cristian Tapia Ramos, el d\u00eda de hoy, denunci\u00f3 en la Comisi\u00f3n de Miner\u00eda de la C\u00e1mara de Diputados el actuar de la empresa SALFA, &hellip; <\/p>\n","protected":false},"author":2,"featured_media":6156,"comment_status":"closed","ping_status":"closed","sticky":false,"template":"","format":"standard","meta":{"jetpack_post_was_ever_published":false,"_jetpack_newsletter_access":"","_jetpack_dont_email_post_to_subs":false,"_jetpack_newsletter_tier_id":0,"_jetpack_memberships_contains_paywalled_content":false,"_jetpack_memberships_contains_paid_content":false,"footnotes":"","jetpack_publicize_message":"","jetpack_publicize_feature_enabled":true,"jetpack_social_post_already_shared":true,"jetpack_social_options":{"image_generator_settings":{"template":"highway","default_image_id":0,"enabled":false},"version":2}},"categories":[9,28,15,20,39],"tags":[94,48,93],"class_list":["post-6155","post","type-post","status-publish","format-standard","has-post-thumbnail","hentry","category-confederacion","category-fesal","category-nacional","category-negociacion-colectiva","category-sindicatos","tag-congreso","tag-ctc","tag-denuncia"],"jetpack_publicize_connections":[],"jetpack_featured_media_url":"https:\/\/www.confederaciondelcobre.cl\/wp-content\/uploads\/2025\/08\/Alejandro-Ochoa-Video-2.png","jetpack_sharing_enabled":true,"post_mailing_queue_ids":[],"_links":{"self":[{"href":"https:\/\/www.confederaciondelcobre.cl\/index.php\/wp-json\/wp\/v2\/posts\/6155","targetHints":{"allow":["GET"]}}],"collection":[{"href":"https:\/\/www.confederaciondelcobre.cl\/index.php\/wp-json\/wp\/v2\/posts"}],"about":[{"href":"https:\/\/www.confederaciondelcobre.cl\/index.php\/wp-json\/wp\/v2\/types\/post"}],"author":[{"embeddable":true,"href":"https:\/\/www.confederaciondelcobre.cl\/index.php\/wp-json\/wp\/v2\/users\/2"}],"replies":[{"embeddable":true,"href":"https:\/\/www.confederaciondelcobre.cl\/index.php\/wp-json\/wp\/v2\/comments?post=6155"}],"version-history":[{"count":1,"href":"https:\/\/www.confederaciondelcobre.cl\/index.php\/wp-json\/wp\/v2\/posts\/6155\/revisions"}],"predecessor-version":[{"id":6158,"href":"https:\/\/www.confederaciondelcobre.cl\/index.php\/wp-json\/wp\/v2\/posts\/6155\/revisions\/6158"}],"wp:featuredmedia":[{"embeddable":true,"href":"https:\/\/www.confederaciondelcobre.cl\/index.php\/wp-json\/wp\/v2\/media\/6156"}],"wp:attachment":[{"href":"https:\/\/www.confederaciondelcobre.cl\/index.php\/wp-json\/wp\/v2\/media?parent=6155"}],"wp:term":[{"taxonomy":"category","embeddable":true,"href":"https:\/\/www.confederaciondelcobre.cl\/index.php\/wp-json\/wp\/v2\/categories?post=6155"},{"taxonomy":"post_tag","embeddable":true,"href":"https:\/\/www.confederaciondelcobre.cl\/index.php\/wp-json\/wp\/v2\/tags?post=6155"}],"curies":[{"name":"wp","href":"https:\/\/api.w.org\/{rel}","templated":true}]}}