{"id":6159,"date":"2025-08-21T17:29:09","date_gmt":"2025-08-21T21:29:09","guid":{"rendered":"https:\/\/www.confederaciondelcobre.cl\/?p=6159"},"modified":"2025-08-21T17:29:13","modified_gmt":"2025-08-21T21:29:13","slug":"dirigentes-de-tramsalpo-y-del-sindicato-salfa-agradecen-solidaridad-de-clase","status":"publish","type":"post","link":"https:\/\/www.confederaciondelcobre.cl\/index.php\/2025\/08\/21\/dirigentes-de-tramsalpo-y-del-sindicato-salfa-agradecen-solidaridad-de-clase\/","title":{"rendered":"Dirigentes de TRAMSALPO y del Sindicato SALFA agradecen solidaridad de clase"},"content":{"rendered":"\n<p>\u2b55\ufe0fHUELGA TRAMSALPO&nbsp;<\/p>\n\n\n\n<p>A trav\u00e9s de un video, desde la Sede de la CTC en El Salvador, Dirigentes del Sindicato Interempresa TRAMSALPO y del Sindicato SALFA, entregan sentido mensaje de agradecimiento por la solidaridad recibida por m\u00faltiples Federaciones, Sindicatos y Compa\u00f1eros, quienes han expresado total rechazo a las pr\u00e1cticas antisindicales que este proceso ha develado por parte de la empresa SALFA.<\/p>\n\n\n\n<figure class=\"wp-block-video\"><video controls src=\"https:\/\/www.confederaciondelcobre.cl\/wp-content\/uploads\/2025\/08\/Alejandro-Ochoa-Video-3.mp4\"><\/video><\/figure>\n","protected":false},"excerpt":{"rendered":"<p>\u2b55\ufe0fHUELGA TRAMSALPO&nbsp; A trav\u00e9s de un video, desde la Sede de la CTC en El Salvador, Dirigentes del Sindicato Interempresa TRAMSALPO y del Sindicato SALFA, entregan sentido mensaje de agradecimiento &hellip; <\/p>\n","protected":false},"author":2,"featured_media":6161,"comment_status":"closed","ping_status":"closed","sticky":false,"template":"","format":"standard","meta":{"jetpack_post_was_ever_published":false,"_jetpack_newsletter_access":"","_jetpack_dont_email_post_to_subs":false,"_jetpack_newsletter_tier_id":0,"_jetpack_memberships_contains_paywalled_content":false,"_jetpack_memberships_contains_paid_content":false,"footnotes":"","jetpack_publicize_message":"","jetpack_publicize_feature_enabled":true,"jetpack_social_post_already_shared":true,"jetpack_social_options":{"image_generator_settings":{"template":"highway","default_image_id":0,"enabled":false},"version":2}},"categories":[9,27,22,28,25,33,29,40,31,15,20,16,39,19],"tags":[],"class_list":["post-6159","post","type-post","status-publish","format-standard","has-post-thumbnail","hentry","category-confederacion","category-cut","category-feminort","category-fesal","category-fesamav","category-fesitram","category-fetramac","category-fetramin","category-fetratec","category-nacional","category-negociacion-colectiva","category-noticias","category-sindicatos","category-trabajadores"],"jetpack_publicize_connections":[],"jetpack_featured_media_url":"https:\/\/www.confederaciondelcobre.cl\/wp-content\/uploads\/2025\/08\/Alejandro-Ochoa-Video-3.png","jetpack_sharing_enabled":true,"post_mailing_queue_ids":[],"_links":{"self":[{"href":"https:\/\/www.confederaciondelcobre.cl\/index.php\/wp-json\/wp\/v2\/posts\/6159","targetHints":{"allow":["GET"]}}],"collection":[{"href":"https:\/\/www.confederaciondelcobre.cl\/index.php\/wp-json\/wp\/v2\/posts"}],"about":[{"href":"https:\/\/www.confederaciondelcobre.cl\/index.php\/wp-json\/wp\/v2\/types\/post"}],"author":[{"embeddable":true,"href":"https:\/\/www.confederaciondelcobre.cl\/index.php\/wp-json\/wp\/v2\/users\/2"}],"replies":[{"embeddable":true,"href":"https:\/\/www.confederaciondelcobre.cl\/index.php\/wp-json\/wp\/v2\/comments?post=6159"}],"version-history":[{"count":1,"href":"https:\/\/www.confederaciondelcobre.cl\/index.php\/wp-json\/wp\/v2\/posts\/6159\/revisions"}],"predecessor-version":[{"id":6162,"href":"https:\/\/www.confederaciondelcobre.cl\/index.php\/wp-json\/wp\/v2\/posts\/6159\/revisions\/6162"}],"wp:featuredmedia":[{"embeddable":true,"href":"https:\/\/www.confederaciondelcobre.cl\/index.php\/wp-json\/wp\/v2\/media\/6161"}],"wp:attachment":[{"href":"https:\/\/www.confederaciondelcobre.cl\/index.php\/wp-json\/wp\/v2\/media?parent=6159"}],"wp:term":[{"taxonomy":"category","embeddable":true,"href":"https:\/\/www.confederaciondelcobre.cl\/index.php\/wp-json\/wp\/v2\/categories?post=6159"},{"taxonomy":"post_tag","embeddable":true,"href":"https:\/\/www.confederaciondelcobre.cl\/index.php\/wp-json\/wp\/v2\/tags?post=6159"}],"curies":[{"name":"wp","href":"https:\/\/api.w.org\/{rel}","templated":true}]}}