{"id":6163,"date":"2025-08-21T19:11:22","date_gmt":"2025-08-21T23:11:22","guid":{"rendered":"https:\/\/www.confederaciondelcobre.cl\/?p=6163"},"modified":"2025-08-21T19:11:25","modified_gmt":"2025-08-21T23:11:25","slug":"sindicato-de-trabajadores-y-trabajadoras-de-maxam-establecimiento-ministro-hales-vota-a-favor-de-la-huelga","status":"publish","type":"post","link":"https:\/\/www.confederaciondelcobre.cl\/index.php\/2025\/08\/21\/sindicato-de-trabajadores-y-trabajadoras-de-maxam-establecimiento-ministro-hales-vota-a-favor-de-la-huelga\/","title":{"rendered":"Sindicato de Trabajadores y Trabajadoras de MAXAM Establecimiento Ministro Hales vota a favor de la huelga"},"content":{"rendered":"\n<p>CALAMA | El Sindicato de Trabajadores y Trabajadoras de MAXAM Establecimiento Ministro Hales, afiliado a FESITRAM, brazo org\u00e1nico de la CTC, ha votado a favor de la huelga en una votaci\u00f3n realizada el d\u00eda de ayer, con una amplia mayor\u00eda de votos a favor de esta medida.<\/p>\n\n\n\n<p>La votaci\u00f3n se llev\u00f3 a cabo el mi\u00e9rcoles 20 de agosto, despu\u00e9s de un proceso de negociaci\u00f3n reglada entre el sindicato y la empresa MAXAM Chile. La huelga fue aprobada debido a la falta de acuerdo en las negociaciones.<\/p>\n\n\n\n<p>Detalles de la votaci\u00f3n<\/p>\n\n\n\n<ul class=\"wp-block-list\">\n<li>La votaci\u00f3n se realiz\u00f3 el d\u00eda anterior al 20 de agosto.<\/li>\n\n\n\n<li>La huelga fue aprobada por amplia mayor\u00eda.<\/li>\n\n\n\n<li>La votaci\u00f3n se llev\u00f3 a cabo despu\u00e9s de un proceso de negociaci\u00f3n reglada entre el sindicato y la empresa MAXAM Chile.<\/li>\n<\/ul>\n\n\n\n<p>Impacto de la huelga<\/p>\n\n\n\n<p>La huelga puede tener un impacto significativo en las operaciones de la empresa MAXAM Chile y en la producci\u00f3n de la mina Ministro Hales. El sindicato busca mejorar las condiciones laborales y salariales de sus trabajadores.<\/p>\n\n\n\n<p>\u00bfQu\u00e9 sigue?<\/p>\n\n\n\n<p>La huelga puede ser un paso importante en la negociaci\u00f3n entre el sindicato y la empresa MAXAM Chile. Se espera que ambas partes contin\u00faen negociando para llegar a un acuerdo que satisfaga las demandas del sindicato y permita la reanudaci\u00f3n de las operaciones en la mina.<\/p>\n\n\n<div class=\"wp-block-image\">\n<figure class=\"aligncenter size-large is-resized\"><img loading=\"lazy\" decoding=\"async\" width=\"1024\" height=\"768\" src=\"https:\/\/www.confederaciondelcobre.cl\/wp-content\/uploads\/2025\/08\/WhatsApp-Image-2025-08-21-at-09.32.12-2-1024x768.jpeg\" alt=\"\" class=\"wp-image-6167\" style=\"width:437px;height:auto\" srcset=\"https:\/\/www.confederaciondelcobre.cl\/wp-content\/uploads\/2025\/08\/WhatsApp-Image-2025-08-21-at-09.32.12-2-1024x768.jpeg 1024w, https:\/\/www.confederaciondelcobre.cl\/wp-content\/uploads\/2025\/08\/WhatsApp-Image-2025-08-21-at-09.32.12-2-300x225.jpeg 300w, https:\/\/www.confederaciondelcobre.cl\/wp-content\/uploads\/2025\/08\/WhatsApp-Image-2025-08-21-at-09.32.12-2-768x576.jpeg 768w, https:\/\/www.confederaciondelcobre.cl\/wp-content\/uploads\/2025\/08\/WhatsApp-Image-2025-08-21-at-09.32.12-2-1536x1152.jpeg 1536w, https:\/\/www.confederaciondelcobre.cl\/wp-content\/uploads\/2025\/08\/WhatsApp-Image-2025-08-21-at-09.32.12-2.jpeg 1600w\" sizes=\"auto, (max-width: 1024px) 100vw, 1024px\" \/><\/figure><\/div>\n\n\n<p class=\"has-text-align-center\"><sub>En la Foto los dirigentes: Presidente Juan Huerta Olivares, Secretario Mario Eade Lafuente y Tesorero Rodrigo Urizar Otarola<\/sub><\/p>\n\n\n<div class=\"wp-block-site-logo\"><a href=\"https:\/\/www.confederaciondelcobre.cl\/\" class=\"custom-logo-link\" rel=\"home\"><img loading=\"lazy\" decoding=\"async\" width=\"495\" height=\"60\" src=\"https:\/\/www.confederaciondelcobre.cl\/wp-content\/uploads\/2023\/01\/TituloWebCTC.png\" class=\"custom-logo\" alt=\"Confederaci\u00f3n de Trabajadores del Cobre &#8211; CTC\" srcset=\"https:\/\/www.confederaciondelcobre.cl\/wp-content\/uploads\/2023\/01\/TituloWebCTC.png 606w, https:\/\/www.confederaciondelcobre.cl\/wp-content\/uploads\/2023\/01\/TituloWebCTC-300x37.png 300w\" sizes=\"auto, (max-width: 495px) 100vw, 495px\" \/><\/a><\/div>","protected":false},"excerpt":{"rendered":"<p>CALAMA | El Sindicato de Trabajadores y Trabajadoras de MAXAM Establecimiento Ministro Hales, afiliado a FESITRAM, brazo org\u00e1nico de la CTC, ha votado a favor de la huelga en una &hellip; <\/p>\n","protected":false},"author":2,"featured_media":6168,"comment_status":"closed","ping_status":"closed","sticky":false,"template":"","format":"standard","meta":{"jetpack_post_was_ever_published":false,"_jetpack_newsletter_access":"","_jetpack_dont_email_post_to_subs":false,"_jetpack_newsletter_tier_id":0,"_jetpack_memberships_contains_paywalled_content":false,"_jetpack_memberships_contains_paid_content":false,"footnotes":"","jetpack_publicize_message":"","jetpack_publicize_feature_enabled":true,"jetpack_social_post_already_shared":true,"jetpack_social_options":{"image_generator_settings":{"template":"highway","default_image_id":0,"enabled":false},"version":2}},"categories":[9],"tags":[],"class_list":["post-6163","post","type-post","status-publish","format-standard","has-post-thumbnail","hentry","category-confederacion"],"jetpack_publicize_connections":[],"jetpack_featured_media_url":"https:\/\/www.confederaciondelcobre.cl\/wp-content\/uploads\/2025\/08\/Plantillas-CTC-Portada-de-Facebook-26.png","jetpack_sharing_enabled":true,"post_mailing_queue_ids":[],"_links":{"self":[{"href":"https:\/\/www.confederaciondelcobre.cl\/index.php\/wp-json\/wp\/v2\/posts\/6163","targetHints":{"allow":["GET"]}}],"collection":[{"href":"https:\/\/www.confederaciondelcobre.cl\/index.php\/wp-json\/wp\/v2\/posts"}],"about":[{"href":"https:\/\/www.confederaciondelcobre.cl\/index.php\/wp-json\/wp\/v2\/types\/post"}],"author":[{"embeddable":true,"href":"https:\/\/www.confederaciondelcobre.cl\/index.php\/wp-json\/wp\/v2\/users\/2"}],"replies":[{"embeddable":true,"href":"https:\/\/www.confederaciondelcobre.cl\/index.php\/wp-json\/wp\/v2\/comments?post=6163"}],"version-history":[{"count":2,"href":"https:\/\/www.confederaciondelcobre.cl\/index.php\/wp-json\/wp\/v2\/posts\/6163\/revisions"}],"predecessor-version":[{"id":6169,"href":"https:\/\/www.confederaciondelcobre.cl\/index.php\/wp-json\/wp\/v2\/posts\/6163\/revisions\/6169"}],"wp:featuredmedia":[{"embeddable":true,"href":"https:\/\/www.confederaciondelcobre.cl\/index.php\/wp-json\/wp\/v2\/media\/6168"}],"wp:attachment":[{"href":"https:\/\/www.confederaciondelcobre.cl\/index.php\/wp-json\/wp\/v2\/media?parent=6163"}],"wp:term":[{"taxonomy":"category","embeddable":true,"href":"https:\/\/www.confederaciondelcobre.cl\/index.php\/wp-json\/wp\/v2\/categories?post=6163"},{"taxonomy":"post_tag","embeddable":true,"href":"https:\/\/www.confederaciondelcobre.cl\/index.php\/wp-json\/wp\/v2\/tags?post=6163"}],"curies":[{"name":"wp","href":"https:\/\/api.w.org\/{rel}","templated":true}]}}