{"id":6170,"date":"2025-08-22T13:28:51","date_gmt":"2025-08-22T17:28:51","guid":{"rendered":"https:\/\/www.confederaciondelcobre.cl\/?p=6170"},"modified":"2025-08-22T13:38:31","modified_gmt":"2025-08-22T17:38:31","slug":"sindicato-tramsalpo-en-huelga-rechaza-oferta-de-empresa-salfa","status":"publish","type":"post","link":"https:\/\/www.confederaciondelcobre.cl\/index.php\/2025\/08\/22\/sindicato-tramsalpo-en-huelga-rechaza-oferta-de-empresa-salfa\/","title":{"rendered":"Sindicato TRAMSALPO en Huelga rechaza oferta de empresa SALFA"},"content":{"rendered":"\n<p><strong>EL SALVADOR<\/strong>&nbsp;| Durante las \u00faltimas horas, los trabajadores del Sindicato TRAMSALPO, que se encuentran en huelga por ya once d\u00edas, y que han denunciado p\u00fablicamente pr\u00e1cticas antisindicales por parte de la empresa rechazaron la \u00faltima oferta propuesta en la negociaci\u00f3n.<\/p>\n\n\n\n<p>Tras d\u00edas de movilizaci\u00f3n, y de nula disposici\u00f3n de la empresa, \u00e9sta present\u00f3 el mi\u00e9rcoles 20 de agosto una nueva oferta, la cual, no satisface la demanda debido a que mantiene sus pr\u00e1cticas antisindicales y no hay incremento real de remuneraciones, tal como en los cinco a\u00f1os de operaci\u00f3n de la empresa en la Divisi\u00f3n El Salvador, en donde el aumento es cero.<\/p>\n\n\n\n<p>Los trabajadores consideraron esta acci\u00f3n propiciada por la empresa como una prueba de unidad.&nbsp;<strong>Daniel C\u00e1ceres, presidente del Sindicato Interempresa TRAMSALPO,&nbsp;<\/strong>indic\u00f3 que&nbsp;<strong><em>\u201cen el empe\u00f1o de poner excusas en este proceso, para negarse a reponer las mesas de negociaci\u00f3n con el sindicato se tuvo que votar la oferta con ministro de fe.\u201d<\/em><\/strong><\/p>\n\n\n\n<p>La votaci\u00f3n gener\u00f3 un contundente resultado, en donde en un total de 240 votos,&nbsp;<strong>212 rechazaron la oferta (88%), frente a 28 que la aceptaron (12%).<\/strong><\/p>\n\n\n\n<p><strong><em>\u201cEl resultado de la votaci\u00f3n es una clara muestra de que los trabajadores est\u00e1n cansados, de los abusos de la empresa, de la discriminaci\u00f3n que ejerce al tratar de separar a unos de otros trabajadores, reconociendo solo a 10 de los 254 socios de nuestro sindicato. Los trabajadores est\u00e1n convencidos y este resultado no es otro que los trabajadores ya levantaron la cabeza, son conscientes de su valor como trabajadores y que nunca m\u00e1s permitir\u00e1n abusos, y que m\u00e1s convencidos que nunca seguir\u00e1n en esta lucha\u201d<\/em><\/strong>&nbsp;-afirma Daniel C\u00e1ceres.<\/p>\n\n\n<div class=\"wp-block-image\">\n<figure class=\"alignright size-large is-resized\"><img loading=\"lazy\" decoding=\"async\" width=\"819\" height=\"1024\" src=\"https:\/\/www.confederaciondelcobre.cl\/wp-content\/uploads\/2025\/08\/2-1-819x1024.png\" alt=\"\" class=\"wp-image-6173\" style=\"width:424px;height:auto\" srcset=\"https:\/\/www.confederaciondelcobre.cl\/wp-content\/uploads\/2025\/08\/2-1-819x1024.png 819w, https:\/\/www.confederaciondelcobre.cl\/wp-content\/uploads\/2025\/08\/2-1-240x300.png 240w, https:\/\/www.confederaciondelcobre.cl\/wp-content\/uploads\/2025\/08\/2-1-768x960.png 768w, https:\/\/www.confederaciondelcobre.cl\/wp-content\/uploads\/2025\/08\/2-1.png 1080w\" sizes=\"auto, (max-width: 819px) 100vw, 819px\" \/><\/figure><\/div>\n\n\n<p>Los trabajadores cuyo sindicato es parte de la Federaci\u00f3n de Sindicatos El Salvador, brazo org\u00e1nico de la Confederaci\u00f3n de Trabajadores del Cobre, mantendr\u00e1n la huelga en medio de m\u00faltiples apoyos y se\u00f1ales de solidaridad de clase que han recibido de parte de numerosas organizaciones de todo el pa\u00eds como la&nbsp;<strong>Central Unitaria de Trabajadores -CUT-<\/strong>, de Federaciones hermanas de la miner\u00eda del cobre como la&nbsp;<strong>Federaci\u00f3n Minera de Chile, FETRAMAC, FETRATEC, FEMINOR, FESITRAM y FESAMAV<\/strong>, y tambi\u00e9n de otras industrias como la&nbsp;<strong>Federaci\u00f3n de Trabajadores Contratistas de ENAP Concon -FETRACON<\/strong>-, as\u00ed como tambi\u00e9n, en la Comisi\u00f3n de Miner\u00eda de la C\u00e1mara baja, el&nbsp;<strong>diputado Cristi\u00e1n Tapia<\/strong>, denunci\u00f3 el negligente actuar de la empresa SALFA en este proceso de negociaci\u00f3n, y ofici\u00f3 a Codelco para entregar todos los antecedentes respectos del caso.<\/p>\n\n\n\n<p><strong>Como CTC, nos mantenemos vigilantes y activos.<\/strong><\/p>\n\n\n<div class=\"wp-block-site-logo\"><a href=\"https:\/\/www.confederaciondelcobre.cl\/\" class=\"custom-logo-link\" rel=\"home\"><img loading=\"lazy\" decoding=\"async\" width=\"538\" height=\"65\" src=\"https:\/\/www.confederaciondelcobre.cl\/wp-content\/uploads\/2023\/01\/TituloWebCTC.png\" class=\"custom-logo\" alt=\"Confederaci\u00f3n de Trabajadores del Cobre &#8211; CTC\" srcset=\"https:\/\/www.confederaciondelcobre.cl\/wp-content\/uploads\/2023\/01\/TituloWebCTC.png 606w, https:\/\/www.confederaciondelcobre.cl\/wp-content\/uploads\/2023\/01\/TituloWebCTC-300x37.png 300w\" sizes=\"auto, (max-width: 538px) 100vw, 538px\" \/><\/a><\/div>\n\n\n<p><\/p>\n","protected":false},"excerpt":{"rendered":"<p>EL SALVADOR&nbsp;| Durante las \u00faltimas horas, los trabajadores del Sindicato TRAMSALPO, que se encuentran en huelga por ya once d\u00edas, y que han denunciado p\u00fablicamente pr\u00e1cticas antisindicales por parte de &hellip; <\/p>\n","protected":false},"author":2,"featured_media":6171,"comment_status":"closed","ping_status":"closed","sticky":false,"template":"","format":"standard","meta":{"jetpack_post_was_ever_published":false,"_jetpack_newsletter_access":"","_jetpack_dont_email_post_to_subs":false,"_jetpack_newsletter_tier_id":0,"_jetpack_memberships_contains_paywalled_content":false,"_jetpack_memberships_contains_paid_content":false,"footnotes":"","jetpack_publicize_message":"","jetpack_publicize_feature_enabled":true,"jetpack_social_post_already_shared":true,"jetpack_social_options":{"image_generator_settings":{"template":"highway","default_image_id":0,"enabled":false},"version":2}},"categories":[21,28,20,17,19],"tags":[],"class_list":["post-6170","post","type-post","status-publish","format-standard","has-post-thumbnail","hentry","category-federaciones","category-fesal","category-negociacion-colectiva","category-regiones","category-trabajadores"],"jetpack_publicize_connections":[],"jetpack_featured_media_url":"https:\/\/www.confederaciondelcobre.cl\/wp-content\/uploads\/2025\/08\/Plantillas-CTC-Portada-de-Facebook-27.png","jetpack_sharing_enabled":true,"post_mailing_queue_ids":[],"_links":{"self":[{"href":"https:\/\/www.confederaciondelcobre.cl\/index.php\/wp-json\/wp\/v2\/posts\/6170","targetHints":{"allow":["GET"]}}],"collection":[{"href":"https:\/\/www.confederaciondelcobre.cl\/index.php\/wp-json\/wp\/v2\/posts"}],"about":[{"href":"https:\/\/www.confederaciondelcobre.cl\/index.php\/wp-json\/wp\/v2\/types\/post"}],"author":[{"embeddable":true,"href":"https:\/\/www.confederaciondelcobre.cl\/index.php\/wp-json\/wp\/v2\/users\/2"}],"replies":[{"embeddable":true,"href":"https:\/\/www.confederaciondelcobre.cl\/index.php\/wp-json\/wp\/v2\/comments?post=6170"}],"version-history":[{"count":2,"href":"https:\/\/www.confederaciondelcobre.cl\/index.php\/wp-json\/wp\/v2\/posts\/6170\/revisions"}],"predecessor-version":[{"id":6174,"href":"https:\/\/www.confederaciondelcobre.cl\/index.php\/wp-json\/wp\/v2\/posts\/6170\/revisions\/6174"}],"wp:featuredmedia":[{"embeddable":true,"href":"https:\/\/www.confederaciondelcobre.cl\/index.php\/wp-json\/wp\/v2\/media\/6171"}],"wp:attachment":[{"href":"https:\/\/www.confederaciondelcobre.cl\/index.php\/wp-json\/wp\/v2\/media?parent=6170"}],"wp:term":[{"taxonomy":"category","embeddable":true,"href":"https:\/\/www.confederaciondelcobre.cl\/index.php\/wp-json\/wp\/v2\/categories?post=6170"},{"taxonomy":"post_tag","embeddable":true,"href":"https:\/\/www.confederaciondelcobre.cl\/index.php\/wp-json\/wp\/v2\/tags?post=6170"}],"curies":[{"name":"wp","href":"https:\/\/api.w.org\/{rel}","templated":true}]}}