{"id":6175,"date":"2025-08-22T20:12:49","date_gmt":"2025-08-23T00:12:49","guid":{"rendered":"https:\/\/www.confederaciondelcobre.cl\/?p=6175"},"modified":"2025-08-22T20:14:37","modified_gmt":"2025-08-23T00:14:37","slug":"ctmin-entrega-su-apoyo-a-sindicato-tramsalpo-en-huelga","status":"publish","type":"post","link":"https:\/\/www.confederaciondelcobre.cl\/index.php\/2025\/08\/22\/ctmin-entrega-su-apoyo-a-sindicato-tramsalpo-en-huelga\/","title":{"rendered":"CTMIN entrega su apoyo a Sindicato TRAMSALPO en Huelga"},"content":{"rendered":"\n<p>La Coordinadora de Trabajadores de la Miner\u00eda,&nbsp;<a href=\"https:\/\/www.instagram.com\/ctmin_minero\/\">@ctmin_minero<\/a>&nbsp;, que agrupa a FESAM, FESUMIN, FESUC, FMC, CONFEMIN, FTC, tambien junto a la CTC, firmaron un comunicado conjunto en apoyo a la huelga del Sindicato TRAMSALPO.&nbsp;<\/p>\n\n\n\n<p>En el documento, liberado esta tarde, la CTMIN, afirma que <em><strong>&#8220;La Coordinadora de Trabajadores de la Miner\u00eda (CTMIN) manifiesta su respaldo al Sindicato TRAMSALPO, que lleva adelante un proceso de negociaci\u00f3n colectiva con trabajadores de SALFA S.A., empresa contratista de Codelco en la Divisi\u00f3n El Salvador. Desde el 12 de agosto, las y los trabajadores se mantienen en huelga.&#8221;<\/strong><\/em><\/p>\n\n\n\n<p>La Coordinadora plantea que esta huelga, es un ejemplo m\u00e1s, en su m\u00e1xima expresi\u00f3n, de la precarizaci\u00f3n del subcontrato  &#8211;<em><strong>\u201cEn l\u00ednea con nuestra agenda program\u00e1tica, reafirmamos la urgencia de erradicar la subcontrataci\u00f3n masiva que precariza el empleo, afecta la estabilidad y eleva los riesgos en faena. Como antecedente, en Codelco, el 60,7% de la dotaci\u00f3n corresponde a contratistas: de cada 10 personas que trabajan, 4 son de planta y 6 son externos. La miner\u00eda chilena debe avanzar hacia contratos directos y condiciones dignas, reconociendo el rol<\/strong> <strong>esencial de quienes<\/strong> <strong>sostienen la<\/strong> <strong>producci\u00f3n.\u201d<\/strong>\u00a0<\/em><\/p>\n\n\n\n<p>Adem\u00e1s, sostienen que <strong><em>&#8220;Hacemos un llamado a SALFA para que ponga fin a las pr\u00e1cticas antisindicales denunciadas por los trabajadores y constatadas por la Inspecci\u00f3n del Trabajo. La Constituci\u00f3n Pol\u00edtica de Chile, en su art\u00edculo 19, inciso 19, protege los derechos sindicales, y los convenios N\u00ba87 y N\u00ba98 de la OIT, ratificados por Chile, garantizan la libertad sindical, la negociaci\u00f3n colectiva y el derecho a huelga. El Sindicato TRAMSALPO ha manifestado su disposici\u00f3n al di\u00e1logo, buscando un acuerdo justo, de buena fe y con respeto mutuo<\/em><\/strong>&#8220;.<\/p>\n\n\n\n<p>CTMIN se une a los ya m\u00faltiples apoyos p\u00fablicos de diferentes organizaciones que han hecho fuerza en conjunto para denunciar las pr\u00e1cticas antisindicales que comete la empresa SALFA. El Sindicato TRAMSALPO sigue en huelga y abierto a las negociaciones, pero no aceptar\u00e1 la minimizaci\u00f3n de la practica sindical para llegar a acuerdo.<\/p>\n\n\n<div class=\"wp-block-image\">\n<figure class=\"aligncenter size-large is-resized\"><img loading=\"lazy\" decoding=\"async\" width=\"723\" height=\"1024\" src=\"https:\/\/www.confederaciondelcobre.cl\/wp-content\/uploads\/2025\/08\/WhatsApp-Image-2025-08-22-at-18.39.59-723x1024.jpeg\" alt=\"\" class=\"wp-image-6178\" style=\"width:372px;height:auto\" srcset=\"https:\/\/www.confederaciondelcobre.cl\/wp-content\/uploads\/2025\/08\/WhatsApp-Image-2025-08-22-at-18.39.59-723x1024.jpeg 723w, https:\/\/www.confederaciondelcobre.cl\/wp-content\/uploads\/2025\/08\/WhatsApp-Image-2025-08-22-at-18.39.59-212x300.jpeg 212w, https:\/\/www.confederaciondelcobre.cl\/wp-content\/uploads\/2025\/08\/WhatsApp-Image-2025-08-22-at-18.39.59-768x1087.jpeg 768w, https:\/\/www.confederaciondelcobre.cl\/wp-content\/uploads\/2025\/08\/WhatsApp-Image-2025-08-22-at-18.39.59.jpeg 904w\" sizes=\"auto, (max-width: 723px) 100vw, 723px\" \/><\/figure><\/div>\n\n<div class=\"wp-block-site-logo\"><a href=\"https:\/\/www.confederaciondelcobre.cl\/\" class=\"custom-logo-link\" rel=\"home\"><img loading=\"lazy\" decoding=\"async\" width=\"454\" height=\"55\" src=\"https:\/\/www.confederaciondelcobre.cl\/wp-content\/uploads\/2023\/01\/TituloWebCTC.png\" class=\"custom-logo\" alt=\"Confederaci\u00f3n de Trabajadores del Cobre &#8211; CTC\" srcset=\"https:\/\/www.confederaciondelcobre.cl\/wp-content\/uploads\/2023\/01\/TituloWebCTC.png 606w, https:\/\/www.confederaciondelcobre.cl\/wp-content\/uploads\/2023\/01\/TituloWebCTC-300x37.png 300w\" sizes=\"auto, (max-width: 454px) 100vw, 454px\" \/><\/a><\/div>\n\n\n<!--nextpage-->\n\n\n\n<div class=\"wp-block-columns is-layout-flex wp-container-core-columns-is-layout-9d6595d7 wp-block-columns-is-layout-flex\">\n<div class=\"wp-block-column is-layout-flow wp-block-column-is-layout-flow\" style=\"flex-basis:100%\">\n<!--more-->\n<\/div>\n<\/div>\n","protected":false},"excerpt":{"rendered":"<p>La Coordinadora de Trabajadores de la Miner\u00eda,&nbsp;@ctmin_minero&nbsp;, que agrupa a FESAM, FESUMIN, FESUC, FMC, CONFEMIN, FTC, tambien junto a la CTC, firmaron un comunicado conjunto en apoyo a la huelga &hellip; <\/p>\n","protected":false},"author":2,"featured_media":6176,"comment_status":"closed","ping_status":"closed","sticky":false,"template":"","format":"standard","meta":{"jetpack_post_was_ever_published":false,"_jetpack_newsletter_access":"everybody","_jetpack_dont_email_post_to_subs":false,"_jetpack_newsletter_tier_id":0,"_jetpack_memberships_contains_paywalled_content":false,"_jetpack_memberships_contains_paid_content":false,"footnotes":"","jetpack_publicize_message":"","jetpack_publicize_feature_enabled":true,"jetpack_social_post_already_shared":true,"jetpack_social_options":{"image_generator_settings":{"template":"highway","default_image_id":0,"enabled":false},"version":2}},"categories":[9],"tags":[],"class_list":["post-6175","post","type-post","status-publish","format-standard","has-post-thumbnail","hentry","category-confederacion"],"jetpack_publicize_connections":[],"jetpack_featured_media_url":"https:\/\/www.confederaciondelcobre.cl\/wp-content\/uploads\/2025\/08\/Plantillas-CTC-Portada-de-Facebook-28.png","jetpack_sharing_enabled":true,"post_mailing_queue_ids":[],"_links":{"self":[{"href":"https:\/\/www.confederaciondelcobre.cl\/index.php\/wp-json\/wp\/v2\/posts\/6175","targetHints":{"allow":["GET"]}}],"collection":[{"href":"https:\/\/www.confederaciondelcobre.cl\/index.php\/wp-json\/wp\/v2\/posts"}],"about":[{"href":"https:\/\/www.confederaciondelcobre.cl\/index.php\/wp-json\/wp\/v2\/types\/post"}],"author":[{"embeddable":true,"href":"https:\/\/www.confederaciondelcobre.cl\/index.php\/wp-json\/wp\/v2\/users\/2"}],"replies":[{"embeddable":true,"href":"https:\/\/www.confederaciondelcobre.cl\/index.php\/wp-json\/wp\/v2\/comments?post=6175"}],"version-history":[{"count":2,"href":"https:\/\/www.confederaciondelcobre.cl\/index.php\/wp-json\/wp\/v2\/posts\/6175\/revisions"}],"predecessor-version":[{"id":6179,"href":"https:\/\/www.confederaciondelcobre.cl\/index.php\/wp-json\/wp\/v2\/posts\/6175\/revisions\/6179"}],"wp:featuredmedia":[{"embeddable":true,"href":"https:\/\/www.confederaciondelcobre.cl\/index.php\/wp-json\/wp\/v2\/media\/6176"}],"wp:attachment":[{"href":"https:\/\/www.confederaciondelcobre.cl\/index.php\/wp-json\/wp\/v2\/media?parent=6175"}],"wp:term":[{"taxonomy":"category","embeddable":true,"href":"https:\/\/www.confederaciondelcobre.cl\/index.php\/wp-json\/wp\/v2\/categories?post=6175"},{"taxonomy":"post_tag","embeddable":true,"href":"https:\/\/www.confederaciondelcobre.cl\/index.php\/wp-json\/wp\/v2\/tags?post=6175"}],"curies":[{"name":"wp","href":"https:\/\/api.w.org\/{rel}","templated":true}]}}