{"id":624,"date":"2019-12-17T20:23:19","date_gmt":"2019-12-17T20:23:19","guid":{"rendered":"http:\/\/www.confederaciondelcobre.cl\/?p=624"},"modified":"2020-04-26T23:26:26","modified_gmt":"2020-04-26T23:26:26","slug":"terminan-sesiones-por-una-vida-sana-seguimos-compartiendo-el-baile-en-el-salvador","status":"publish","type":"post","link":"https:\/\/www.confederaciondelcobre.cl\/index.php\/2019\/12\/17\/terminan-sesiones-por-una-vida-sana-seguimos-compartiendo-el-baile-en-el-salvador\/","title":{"rendered":"Terminan sesiones &#8220;Por una vida sana, seguimos compartiendo el baile&#8221; en El Salvador"},"content":{"rendered":"\n<p>El viernes 13 de diciembre la <a href=\"https:\/\/www.facebook.com\/Federaci%C3%B3n-de-Sindicatos-El-Salvador-277277486509938\/?__xts__[0]=68.ARDaTtd45p6_A5Kgrw8iV19s-SHPGCvLcA9xZeLqJ5Sy6hwYGun5AtHzcEcphuZoykL_7VhQmP5VaWGNdIcW1tMcTnbEZx9rSV9ygkKF2f-JjkLQWIJzeSpEIVLIc95oPGl9EbiDL24kBIIycE3r3_FEy7vCb2szAdJXk2JQepqq4IUBQMGr59NFoM2dVsHDfAHUGuQ1ria5GaZQ3KcscBs2DUR6C-q5Rmrf87r3zkBOYxXjiQG5nxp9U0TafHlbfwBrBvn9lKLleAbkxIVEtY6aBxMOAke5a-whCDobUujh8yln8UhfoS15waA0Kza4MkrPLv5fko651to7Ujv2juWkPw\">Federaci\u00f3n de Sindicatos El Salvador<\/a> FESAL, brazo org\u00e1nico de la Confederaci\u00f3n de Trabajadores del Cobre (CTC) en el territorio, dio por concluida una nueva temporada de &#8216;Baile Entretenido&#8217; en la sede de la CTC en el campamento minero de El Salvador.<\/p>\n\n\n\n<ul class=\"wp-block-list\"><li><em>&#8220;Por una vida sana, seguimos compartiendo el baile&#8221; es un proyecto desarrollado y postulado desde la propia organizaci\u00f3n y que cont\u00f3 con el financiamiento del concurso FNDR 6% (glosa de deporte del a\u00f1o 2019), del Gobierno Regional de Atacama y aprobado por el Consejo Regional. <\/em><\/li><\/ul>\n\n\n\n<p>Las actividades, que partieron en el mes de agosto, constaron de varias sesiones de baile, que junto con ser un espacio de real aporte a una cultura de sana actividad f\u00edsica, se convirtieron en un lugar de encuentro y esparcimiento para la comunidad y compa\u00f1eros de trabajo. <strong>Ana Lamas Aguirre<\/strong>, Secretaria General de la CTC y Presidenta de la FESAL, se\u00f1al\u00f3 que &#8220;siendo este el segundo a\u00f1o consecutivo en que se realizan este tipo de actividades en El Salvador, la Federaci\u00f3n (FESAL) ratifica una vez m\u00e1s su compromiso con la salud de las personas en el aporte al desarrollo de la actividad f\u00edsica en un ambiente entretenido, de amistad y camarader\u00eda&#8221;. Indic\u00f3, adem\u00e1s, que &#8220;la positiva acogida a este programa durante el a\u00f1o pasado fue el impulso para repetirlo este a\u00f1o donde, por razones de masivo inter\u00e9s, ocupaci\u00f3n y labores de la mayor\u00eda de las mujeres y hombres que se sumaron este a\u00f1o, se realizaron dos sesiones por d\u00eda en las fechas que se determinaron para tal efecto&#8221;. A lo anterior agreg\u00f3 que la masiva participaci\u00f3n, sumado al actual contexto de convulsi\u00f3n social, &#8220;es prueba de la verdadera necesidad que tenemos las personas de encontrarnos y desarrollar alguna actividad en conjunto, sea de esparcimiento o de ejercicio, o, como en el caso de un sindicato u otra organizaci\u00f3n social, de compartir necesidades, ideas, opiniones y decisiones&#8221;. La Presidenta de la FESAL, para finalizar, no quizo dejar de lado un especial agradecimiento a la profesora Beatriz Rivera, quien acompa\u00f1\u00f3 y realiz\u00f3 una importante labor de conducci\u00f3n de las actividades durante todo el proceso de este a\u00f1o.<\/p>\n\n\n\n<p>Para la Confederaci\u00f3n de Trabajadores del Cobre la actividad sindical est\u00e1 llena de matices. Creemos firmemente en que se debe considerar, acompa\u00f1ar y alentar todo tipo de manifestaciones y actividades, sean estas culturales, deportivas, etc, y no solo en la vida sindical sino en todo orden de coas y asuntos. Es por ello que saludamos, a la vez que felicitamos, a la Federaci\u00f3n de Sindicatos El Salvador por la exitosa culminaci\u00f3n de esta segunda temporada de trabajo y aporte al desarrollo de una cultura de sana actividad f\u00edsica para la comunidad de El Salvador.<\/p>\n\n\n<div id=\"su_slider_69f17e802c472\" class=\"su-slider su-slider-centered su-slider-pages-yes su-slider-responsive-yes\" style=\"width:100%\" data-autoplay=\"3000\" data-speed=\"600\" data-mousewheel=\"true\"><div class=\"su-slider-slides\"><div class=\"su-slider-slide\"><a><img decoding=\"async\" src=\"https:\/\/www.confederaciondelcobre.cl\/wp-content\/uploads\/2019\/12\/WhatsApp-Image-2019-12-16-at-17.52.11-600x300.jpeg\" alt=\"\" \/><\/a><\/div><div class=\"su-slider-slide\"><a><img decoding=\"async\" src=\"https:\/\/www.confederaciondelcobre.cl\/wp-content\/uploads\/2019\/12\/WhatsApp-Image-2019-12-16-at-17.52.12-600x300.jpeg\" alt=\"\" \/><\/a><\/div><div class=\"su-slider-slide\"><a><img decoding=\"async\" src=\"https:\/\/www.confederaciondelcobre.cl\/wp-content\/uploads\/2019\/12\/WhatsApp-Image-2019-12-16-at-17.52.11-2-600x300.jpeg\" alt=\"\" \/><\/a><\/div><div class=\"su-slider-slide\"><a><img decoding=\"async\" src=\"https:\/\/www.confederaciondelcobre.cl\/wp-content\/uploads\/2019\/12\/WhatsApp-Image-2019-12-16-at-17.52.11-1-600x300.jpeg\" alt=\"\" \/><\/a><\/div><div class=\"su-slider-slide\"><a><img decoding=\"async\" src=\"https:\/\/www.confederaciondelcobre.cl\/wp-content\/uploads\/2019\/12\/WhatsApp-Image-2019-12-16-at-17.52.10-600x300.jpeg\" alt=\"\" \/><\/a><\/div><div class=\"su-slider-slide\"><a><img decoding=\"async\" src=\"https:\/\/www.confederaciondelcobre.cl\/wp-content\/uploads\/2019\/12\/WhatsApp-Image-2019-12-16-at-17.52.10-2-600x300.jpeg\" alt=\"\" \/><\/a><\/div><div class=\"su-slider-slide\"><a><img decoding=\"async\" src=\"https:\/\/www.confederaciondelcobre.cl\/wp-content\/uploads\/2019\/12\/WhatsApp-Image-2019-12-16-at-17.52.10-1-600x300.jpeg\" alt=\"\" \/><\/a><\/div><div class=\"su-slider-slide\"><a><img decoding=\"async\" src=\"https:\/\/www.confederaciondelcobre.cl\/wp-content\/uploads\/2019\/12\/WhatsApp-Image-2019-12-16-at-17.52.09-600x300.jpeg\" alt=\"\" \/><\/a><\/div><div class=\"su-slider-slide\"><a><img decoding=\"async\" src=\"https:\/\/www.confederaciondelcobre.cl\/wp-content\/uploads\/2019\/12\/WhatsApp-Image-2019-12-16-at-17.52.09-1-600x300.jpeg\" alt=\"\" \/><\/a><\/div><div class=\"su-slider-slide\"><a><img decoding=\"async\" src=\"https:\/\/www.confederaciondelcobre.cl\/wp-content\/uploads\/2019\/12\/WhatsApp-Image-2019-12-16-at-17.52.08-600x300.jpeg\" alt=\"\" \/><\/a><\/div><div class=\"su-slider-slide\"><a><img decoding=\"async\" src=\"https:\/\/www.confederaciondelcobre.cl\/wp-content\/uploads\/2019\/12\/WhatsApp-Image-2019-12-16-at-17.52.08-2-600x300.jpeg\" alt=\"\" \/><\/a><\/div><div class=\"su-slider-slide\"><a><img decoding=\"async\" src=\"https:\/\/www.confederaciondelcobre.cl\/wp-content\/uploads\/2019\/12\/WhatsApp-Image-2019-12-16-at-17.52.08-1-600x300.jpeg\" alt=\"\" \/><\/a><\/div><div class=\"su-slider-slide\"><a><img decoding=\"async\" src=\"https:\/\/www.confederaciondelcobre.cl\/wp-content\/uploads\/2019\/12\/WhatsApp-Image-2019-12-16-at-17.52.07-600x300.jpeg\" alt=\"\" \/><\/a><\/div><div class=\"su-slider-slide\"><a><img decoding=\"async\" src=\"https:\/\/www.confederaciondelcobre.cl\/wp-content\/uploads\/2019\/12\/WhatsApp-Image-2019-12-16-at-17.52.07-1-600x300.jpeg\" alt=\"\" \/><\/a><\/div><div class=\"su-slider-slide\"><a><img decoding=\"async\" src=\"https:\/\/www.confederaciondelcobre.cl\/wp-content\/uploads\/2019\/12\/WhatsApp-Image-2019-12-16-at-17.52.06-600x300.jpeg\" alt=\"\" \/><\/a><\/div><div class=\"su-slider-slide\"><a><img decoding=\"async\" src=\"https:\/\/www.confederaciondelcobre.cl\/wp-content\/uploads\/2019\/12\/WhatsApp-Image-2019-12-16-at-17.52.06-1-600x300.jpeg\" alt=\"\" \/><\/a><\/div><div class=\"su-slider-slide\"><a><img decoding=\"async\" src=\"https:\/\/www.confederaciondelcobre.cl\/wp-content\/uploads\/2019\/12\/WhatsApp-Image-2019-12-16-at-17.52.05-600x300.jpeg\" alt=\"\" \/><\/a><\/div><div class=\"su-slider-slide\"><a><img decoding=\"async\" src=\"https:\/\/www.confederaciondelcobre.cl\/wp-content\/uploads\/2019\/12\/WhatsApp-Image-2019-12-16-at-17.52.05-2-600x300.jpeg\" alt=\"\" \/><\/a><\/div><div class=\"su-slider-slide\"><a><img decoding=\"async\" src=\"https:\/\/www.confederaciondelcobre.cl\/wp-content\/uploads\/2019\/12\/WhatsApp-Image-2019-12-16-at-17.52.05-1-600x300.jpeg\" alt=\"\" \/><\/a><\/div><div class=\"su-slider-slide\"><a><img decoding=\"async\" src=\"https:\/\/www.confederaciondelcobre.cl\/wp-content\/uploads\/2019\/12\/WhatsApp-Image-2019-12-16-at-17.52.04-600x300.jpeg\" alt=\"\" \/><\/a><\/div><\/div><div class=\"su-slider-nav\"><div class=\"su-slider-direction\"><span class=\"su-slider-prev\"><\/span><span class=\"su-slider-next\"><\/span><\/div><div class=\"su-slider-pagination\"><\/div><\/div><\/div>\n","protected":false},"excerpt":{"rendered":"<p>El viernes 13 de diciembre la Federaci\u00f3n de Sindicatos El Salvador FESAL, brazo org\u00e1nico de la Confederaci\u00f3n de Trabajadores del Cobre (CTC) en el territorio, dio por concluida una nueva &hellip; <\/p>\n","protected":false},"author":2,"featured_media":641,"comment_status":"closed","ping_status":"closed","sticky":false,"template":"","format":"standard","meta":{"jetpack_post_was_ever_published":false,"_jetpack_newsletter_access":"","_jetpack_dont_email_post_to_subs":false,"_jetpack_newsletter_tier_id":0,"_jetpack_memberships_contains_paywalled_content":false,"_jetpack_memberships_contains_paid_content":false,"footnotes":"","jetpack_publicize_message":"","jetpack_publicize_feature_enabled":true,"jetpack_social_post_already_shared":false,"jetpack_social_options":{"image_generator_settings":{"template":"highway","default_image_id":0,"enabled":false},"version":2}},"categories":[9,21,28],"tags":[],"class_list":["post-624","post","type-post","status-publish","format-standard","has-post-thumbnail","hentry","category-confederacion","category-federaciones","category-fesal"],"jetpack_publicize_connections":[],"jetpack_featured_media_url":"https:\/\/www.confederaciondelcobre.cl\/wp-content\/uploads\/2019\/12\/BaileEntretenidoFESAL.jpg","jetpack_sharing_enabled":true,"post_mailing_queue_ids":[],"_links":{"self":[{"href":"https:\/\/www.confederaciondelcobre.cl\/index.php\/wp-json\/wp\/v2\/posts\/624","targetHints":{"allow":["GET"]}}],"collection":[{"href":"https:\/\/www.confederaciondelcobre.cl\/index.php\/wp-json\/wp\/v2\/posts"}],"about":[{"href":"https:\/\/www.confederaciondelcobre.cl\/index.php\/wp-json\/wp\/v2\/types\/post"}],"author":[{"embeddable":true,"href":"https:\/\/www.confederaciondelcobre.cl\/index.php\/wp-json\/wp\/v2\/users\/2"}],"replies":[{"embeddable":true,"href":"https:\/\/www.confederaciondelcobre.cl\/index.php\/wp-json\/wp\/v2\/comments?post=624"}],"version-history":[{"count":19,"href":"https:\/\/www.confederaciondelcobre.cl\/index.php\/wp-json\/wp\/v2\/posts\/624\/revisions"}],"predecessor-version":[{"id":667,"href":"https:\/\/www.confederaciondelcobre.cl\/index.php\/wp-json\/wp\/v2\/posts\/624\/revisions\/667"}],"wp:featuredmedia":[{"embeddable":true,"href":"https:\/\/www.confederaciondelcobre.cl\/index.php\/wp-json\/wp\/v2\/media\/641"}],"wp:attachment":[{"href":"https:\/\/www.confederaciondelcobre.cl\/index.php\/wp-json\/wp\/v2\/media?parent=624"}],"wp:term":[{"taxonomy":"category","embeddable":true,"href":"https:\/\/www.confederaciondelcobre.cl\/index.php\/wp-json\/wp\/v2\/categories?post=624"},{"taxonomy":"post_tag","embeddable":true,"href":"https:\/\/www.confederaciondelcobre.cl\/index.php\/wp-json\/wp\/v2\/tags?post=624"}],"curies":[{"name":"wp","href":"https:\/\/api.w.org\/{rel}","templated":true}]}}