{"id":6290,"date":"2025-09-09T20:11:30","date_gmt":"2025-09-10T00:11:30","guid":{"rendered":"https:\/\/www.confederaciondelcobre.cl\/?p=6290"},"modified":"2025-09-10T09:25:47","modified_gmt":"2025-09-10T13:25:47","slug":"sindicato-tramsalpo-logra-un-triunfo-historico","status":"publish","type":"post","link":"https:\/\/www.confederaciondelcobre.cl\/index.php\/2025\/09\/09\/sindicato-tramsalpo-logra-un-triunfo-historico\/","title":{"rendered":"SINDICATO TRAMSALPO LOGRA UN TRIUNFO HIST\u00d3RICO"},"content":{"rendered":"\n<p>La huelga legal del Sindicato Interempresa Multiservicios Salvador Potrerillos (TRAMSALPO) ha llegado a su t\u00e9rmino tras casi un mes de resistencia y organizaci\u00f3n. El conflicto concluy\u00f3 con un resultado hist\u00f3rico: la <strong>firma de un contrato colectivo<\/strong> en un proceso formal y leg\u00edtimo, reconocido por la Direcci\u00f3n del Trabajo, que consagra los derechos conquistados por la unidad y la fuerza de los trabajadores.<\/p>\n\n\n\n<p>Este proceso de huelga, y el contundente resultado favorable a los trabajadores,\u00a0demuestra,\u00a0que la unidad org\u00e1nica y de acci\u00f3n de las y los trabajadores en torno a su organizaci\u00f3n, es la m\u00e1s firme, s\u00f3lida y contundente\u00a0herramienta\u00a0de lucha en la defensa de los derechos y la conquista de mejores condiciones\u00a0laborales\u00a0y de vida.\u00a0<\/p>\n\n\n\n<p><strong>Logramos negociar colectivamente resguardando los derechos fundamentales: el derecho a la negociaci\u00f3n colectiva, el derecho a la huelga, la libertad sindical que nos permiti\u00f3 conquistar mejores condiciones laborales, enfrentar el alza del costo de la vida, obteniendo mejoras reales para los trabajadores y sus familias y mayor dignidad.<\/strong><\/p>\n\n\n<div class=\"wp-block-image\">\n<figure class=\"alignright size-large is-resized\"><img loading=\"lazy\" decoding=\"async\" width=\"1024\" height=\"768\" src=\"https:\/\/www.confederaciondelcobre.cl\/wp-content\/uploads\/2025\/09\/WhatsApp-Image-2025-08-18-at-11.21.27-1024x768.jpeg\" alt=\"\" class=\"wp-image-6292\" style=\"width:390px;height:auto\" srcset=\"https:\/\/www.confederaciondelcobre.cl\/wp-content\/uploads\/2025\/09\/WhatsApp-Image-2025-08-18-at-11.21.27-1024x768.jpeg 1024w, https:\/\/www.confederaciondelcobre.cl\/wp-content\/uploads\/2025\/09\/WhatsApp-Image-2025-08-18-at-11.21.27-300x225.jpeg 300w, https:\/\/www.confederaciondelcobre.cl\/wp-content\/uploads\/2025\/09\/WhatsApp-Image-2025-08-18-at-11.21.27-768x576.jpeg 768w, https:\/\/www.confederaciondelcobre.cl\/wp-content\/uploads\/2025\/09\/WhatsApp-Image-2025-08-18-at-11.21.27-1536x1152.jpeg 1536w, https:\/\/www.confederaciondelcobre.cl\/wp-content\/uploads\/2025\/09\/WhatsApp-Image-2025-08-18-at-11.21.27.jpeg 1600w\" sizes=\"auto, (max-width: 1024px) 100vw, 1024px\" \/><\/figure><\/div>\n\n\n<p>En el transcurso de esta lucha quedaron en evidencia algunos de los peores rasgos del r\u00e9gimen de subcontrataci\u00f3n. Por un lado, las pr\u00e1cticas antisindicales de la contratista SALFA, incluyendo la afiliaci\u00f3n forzada de trabajadores a un sindicato instrumental; por otro, la decisi\u00f3n de CODELCO de poner fin a los contratos con la empresa en conflicto, confirmando una vez m\u00e1s la precariedad e injusticia del subcontrato, que permite a la mandante abaratar costos y desentenderse de las consecuencias sociales y laborales que padecen los trabajadores.<\/p>\n\n\n\n<p>Este proceso de huelga y su contundente desenlace favorable ratifican que la unidad org\u00e1nica y de acci\u00f3n de las y los trabajadores en torno a sus organizaciones es la herramienta m\u00e1s firme, s\u00f3lida y eficaz en la defensa de los derechos y en la conquista de mejores condiciones laborales y de vida. Cada paso dado en esta huelga demuestra que cuando los trabajadores se mantienen unidos, la victoria es posible.<\/p>\n\n\n\n<p>No desconocemos el complejo escenario que vive la clase trabajadora en el pa\u00eds. Las fuerzas m\u00e1s reaccionarias defienden sus privilegios y no dudan en usar todas las herramientas a su alcance. Por ello, la conciencia de clase, la unidad y el fortalecimiento de nuestras organizaciones son indispensables para enfrentar las luchas sociales y sindicales que la realidad nacional nos impone.<\/p>\n\n\n\n<p><\/p>\n\n\n\n<p>Reconocemos y agradecemos la organizaci\u00f3n y la firmeza demostrada por los trabajadores de TRAMSALPO, as\u00ed como la solidaridad de clase expresada en m\u00faltiples apoyos. <\/p>\n\n\n\n<p>Nuestra lucha contin\u00faa con m\u00e1s fuerza, con Nelson en la memoria y la convicci\u00f3n intacta: <\/p>\n\n\n\n<p><strong>\u00a1Arriba las y los que luchan y no se rinden jam\u00e1s!<\/strong><\/p>\n\n\n\n<figure class=\"wp-block-gallery has-nested-images columns-default is-cropped wp-block-gallery-1 is-layout-flex wp-block-gallery-is-layout-flex\">\n<figure class=\"wp-block-image size-large\"><img loading=\"lazy\" decoding=\"async\" width=\"1024\" height=\"1024\" data-id=\"6304\" src=\"https:\/\/www.confederaciondelcobre.cl\/wp-content\/uploads\/2025\/09\/WhatsApp-Image-2025-08-24-at-19.02.52-1024x1024.jpeg\" alt=\"\" class=\"wp-image-6304\" srcset=\"https:\/\/www.confederaciondelcobre.cl\/wp-content\/uploads\/2025\/09\/WhatsApp-Image-2025-08-24-at-19.02.52-1024x1024.jpeg 1024w, https:\/\/www.confederaciondelcobre.cl\/wp-content\/uploads\/2025\/09\/WhatsApp-Image-2025-08-24-at-19.02.52-300x300.jpeg 300w, https:\/\/www.confederaciondelcobre.cl\/wp-content\/uploads\/2025\/09\/WhatsApp-Image-2025-08-24-at-19.02.52-150x150.jpeg 150w, https:\/\/www.confederaciondelcobre.cl\/wp-content\/uploads\/2025\/09\/WhatsApp-Image-2025-08-24-at-19.02.52-768x768.jpeg 768w, https:\/\/www.confederaciondelcobre.cl\/wp-content\/uploads\/2025\/09\/WhatsApp-Image-2025-08-24-at-19.02.52.jpeg 1530w\" sizes=\"auto, (max-width: 1024px) 100vw, 1024px\" \/><\/figure>\n\n\n\n<figure class=\"wp-block-image size-large\"><img loading=\"lazy\" decoding=\"async\" width=\"1024\" height=\"771\" data-id=\"6068\" src=\"https:\/\/www.confederaciondelcobre.cl\/wp-content\/uploads\/2025\/08\/WhatsApp-Image-2025-08-12-at-06.36.27-1024x771.jpeg\" alt=\"\" class=\"wp-image-6068\" srcset=\"https:\/\/www.confederaciondelcobre.cl\/wp-content\/uploads\/2025\/08\/WhatsApp-Image-2025-08-12-at-06.36.27-1024x771.jpeg 1024w, https:\/\/www.confederaciondelcobre.cl\/wp-content\/uploads\/2025\/08\/WhatsApp-Image-2025-08-12-at-06.36.27-300x226.jpeg 300w, https:\/\/www.confederaciondelcobre.cl\/wp-content\/uploads\/2025\/08\/WhatsApp-Image-2025-08-12-at-06.36.27-768x578.jpeg 768w, https:\/\/www.confederaciondelcobre.cl\/wp-content\/uploads\/2025\/08\/WhatsApp-Image-2025-08-12-at-06.36.27-1536x1156.jpeg 1536w, https:\/\/www.confederaciondelcobre.cl\/wp-content\/uploads\/2025\/08\/WhatsApp-Image-2025-08-12-at-06.36.27.jpeg 1600w\" sizes=\"auto, (max-width: 1024px) 100vw, 1024px\" \/><\/figure>\n\n\n\n<figure class=\"wp-block-image size-large\"><img loading=\"lazy\" decoding=\"async\" width=\"1024\" height=\"768\" data-id=\"6300\" src=\"https:\/\/www.confederaciondelcobre.cl\/wp-content\/uploads\/2025\/09\/WhatsApp-Image-2025-08-12-at-05.12.38-2-1024x768.jpeg\" alt=\"\" class=\"wp-image-6300\" srcset=\"https:\/\/www.confederaciondelcobre.cl\/wp-content\/uploads\/2025\/09\/WhatsApp-Image-2025-08-12-at-05.12.38-2-1024x768.jpeg 1024w, https:\/\/www.confederaciondelcobre.cl\/wp-content\/uploads\/2025\/09\/WhatsApp-Image-2025-08-12-at-05.12.38-2-300x225.jpeg 300w, https:\/\/www.confederaciondelcobre.cl\/wp-content\/uploads\/2025\/09\/WhatsApp-Image-2025-08-12-at-05.12.38-2-768x576.jpeg 768w, https:\/\/www.confederaciondelcobre.cl\/wp-content\/uploads\/2025\/09\/WhatsApp-Image-2025-08-12-at-05.12.38-2-1536x1152.jpeg 1536w, https:\/\/www.confederaciondelcobre.cl\/wp-content\/uploads\/2025\/09\/WhatsApp-Image-2025-08-12-at-05.12.38-2.jpeg 1600w\" sizes=\"auto, (max-width: 1024px) 100vw, 1024px\" \/><\/figure>\n\n\n\n<figure class=\"wp-block-image size-large\"><img loading=\"lazy\" decoding=\"async\" width=\"1024\" height=\"768\" data-id=\"6132\" src=\"https:\/\/www.confederaciondelcobre.cl\/wp-content\/uploads\/2025\/08\/WhatsApp-Image-2025-08-18-at-10.52.18-2-1024x768.jpeg\" alt=\"\" class=\"wp-image-6132\" srcset=\"https:\/\/www.confederaciondelcobre.cl\/wp-content\/uploads\/2025\/08\/WhatsApp-Image-2025-08-18-at-10.52.18-2-1024x768.jpeg 1024w, https:\/\/www.confederaciondelcobre.cl\/wp-content\/uploads\/2025\/08\/WhatsApp-Image-2025-08-18-at-10.52.18-2-300x225.jpeg 300w, https:\/\/www.confederaciondelcobre.cl\/wp-content\/uploads\/2025\/08\/WhatsApp-Image-2025-08-18-at-10.52.18-2-768x576.jpeg 768w, https:\/\/www.confederaciondelcobre.cl\/wp-content\/uploads\/2025\/08\/WhatsApp-Image-2025-08-18-at-10.52.18-2.jpeg 1280w\" sizes=\"auto, (max-width: 1024px) 100vw, 1024px\" \/><\/figure>\n\n\n\n<figure class=\"wp-block-image size-large\"><img loading=\"lazy\" decoding=\"async\" width=\"1024\" height=\"768\" data-id=\"6302\" src=\"https:\/\/www.confederaciondelcobre.cl\/wp-content\/uploads\/2025\/09\/WhatsApp-Image-2025-08-28-at-10.07.53-1024x768.jpeg\" alt=\"\" class=\"wp-image-6302\" srcset=\"https:\/\/www.confederaciondelcobre.cl\/wp-content\/uploads\/2025\/09\/WhatsApp-Image-2025-08-28-at-10.07.53-1024x768.jpeg 1024w, https:\/\/www.confederaciondelcobre.cl\/wp-content\/uploads\/2025\/09\/WhatsApp-Image-2025-08-28-at-10.07.53-300x225.jpeg 300w, https:\/\/www.confederaciondelcobre.cl\/wp-content\/uploads\/2025\/09\/WhatsApp-Image-2025-08-28-at-10.07.53-768x576.jpeg 768w, https:\/\/www.confederaciondelcobre.cl\/wp-content\/uploads\/2025\/09\/WhatsApp-Image-2025-08-28-at-10.07.53-1536x1152.jpeg 1536w, https:\/\/www.confederaciondelcobre.cl\/wp-content\/uploads\/2025\/09\/WhatsApp-Image-2025-08-28-at-10.07.53.jpeg 1600w\" sizes=\"auto, (max-width: 1024px) 100vw, 1024px\" \/><\/figure>\n\n\n\n<figure class=\"wp-block-image size-large\"><img loading=\"lazy\" decoding=\"async\" width=\"1024\" height=\"768\" data-id=\"6086\" src=\"https:\/\/www.confederaciondelcobre.cl\/wp-content\/uploads\/2025\/08\/WhatsApp-Image-2025-08-14-at-10.59.35-1024x768.jpeg\" alt=\"\" class=\"wp-image-6086\" srcset=\"https:\/\/www.confederaciondelcobre.cl\/wp-content\/uploads\/2025\/08\/WhatsApp-Image-2025-08-14-at-10.59.35-1024x768.jpeg 1024w, https:\/\/www.confederaciondelcobre.cl\/wp-content\/uploads\/2025\/08\/WhatsApp-Image-2025-08-14-at-10.59.35-300x225.jpeg 300w, https:\/\/www.confederaciondelcobre.cl\/wp-content\/uploads\/2025\/08\/WhatsApp-Image-2025-08-14-at-10.59.35-768x576.jpeg 768w, https:\/\/www.confederaciondelcobre.cl\/wp-content\/uploads\/2025\/08\/WhatsApp-Image-2025-08-14-at-10.59.35.jpeg 1280w\" sizes=\"auto, (max-width: 1024px) 100vw, 1024px\" \/><\/figure>\n\n\n\n<figure class=\"wp-block-image size-large\"><img loading=\"lazy\" decoding=\"async\" width=\"1024\" height=\"768\" data-id=\"6089\" src=\"https:\/\/www.confederaciondelcobre.cl\/wp-content\/uploads\/2025\/08\/WhatsApp-Image-2025-08-14-at-09.37.13-1024x768.jpeg\" alt=\"\" class=\"wp-image-6089\" srcset=\"https:\/\/www.confederaciondelcobre.cl\/wp-content\/uploads\/2025\/08\/WhatsApp-Image-2025-08-14-at-09.37.13-1024x768.jpeg 1024w, https:\/\/www.confederaciondelcobre.cl\/wp-content\/uploads\/2025\/08\/WhatsApp-Image-2025-08-14-at-09.37.13-300x225.jpeg 300w, https:\/\/www.confederaciondelcobre.cl\/wp-content\/uploads\/2025\/08\/WhatsApp-Image-2025-08-14-at-09.37.13-768x576.jpeg 768w, https:\/\/www.confederaciondelcobre.cl\/wp-content\/uploads\/2025\/08\/WhatsApp-Image-2025-08-14-at-09.37.13-1536x1152.jpeg 1536w, https:\/\/www.confederaciondelcobre.cl\/wp-content\/uploads\/2025\/08\/WhatsApp-Image-2025-08-14-at-09.37.13.jpeg 1600w\" sizes=\"auto, (max-width: 1024px) 100vw, 1024px\" \/><\/figure>\n\n\n\n<figure class=\"wp-block-image size-large\"><img loading=\"lazy\" decoding=\"async\" width=\"1024\" height=\"768\" data-id=\"6128\" src=\"https:\/\/www.confederaciondelcobre.cl\/wp-content\/uploads\/2025\/08\/WhatsApp-Image-2025-08-17-at-20.05.14-1024x768.jpeg\" alt=\"\" class=\"wp-image-6128\" srcset=\"https:\/\/www.confederaciondelcobre.cl\/wp-content\/uploads\/2025\/08\/WhatsApp-Image-2025-08-17-at-20.05.14-1024x768.jpeg 1024w, https:\/\/www.confederaciondelcobre.cl\/wp-content\/uploads\/2025\/08\/WhatsApp-Image-2025-08-17-at-20.05.14-300x225.jpeg 300w, https:\/\/www.confederaciondelcobre.cl\/wp-content\/uploads\/2025\/08\/WhatsApp-Image-2025-08-17-at-20.05.14-768x576.jpeg 768w, https:\/\/www.confederaciondelcobre.cl\/wp-content\/uploads\/2025\/08\/WhatsApp-Image-2025-08-17-at-20.05.14-1536x1152.jpeg 1536w, https:\/\/www.confederaciondelcobre.cl\/wp-content\/uploads\/2025\/08\/WhatsApp-Image-2025-08-17-at-20.05.14.jpeg 1600w\" sizes=\"auto, (max-width: 1024px) 100vw, 1024px\" \/><\/figure>\n\n\n\n<figure class=\"wp-block-image size-large\"><img loading=\"lazy\" decoding=\"async\" width=\"1024\" height=\"768\" data-id=\"6303\" src=\"https:\/\/www.confederaciondelcobre.cl\/wp-content\/uploads\/2025\/09\/WhatsApp-Image-2025-08-26-at-12.56.47-1-1024x768.jpeg\" alt=\"\" class=\"wp-image-6303\" srcset=\"https:\/\/www.confederaciondelcobre.cl\/wp-content\/uploads\/2025\/09\/WhatsApp-Image-2025-08-26-at-12.56.47-1-1024x768.jpeg 1024w, https:\/\/www.confederaciondelcobre.cl\/wp-content\/uploads\/2025\/09\/WhatsApp-Image-2025-08-26-at-12.56.47-1-300x225.jpeg 300w, https:\/\/www.confederaciondelcobre.cl\/wp-content\/uploads\/2025\/09\/WhatsApp-Image-2025-08-26-at-12.56.47-1-768x576.jpeg 768w, https:\/\/www.confederaciondelcobre.cl\/wp-content\/uploads\/2025\/09\/WhatsApp-Image-2025-08-26-at-12.56.47-1-1536x1152.jpeg 1536w, https:\/\/www.confederaciondelcobre.cl\/wp-content\/uploads\/2025\/09\/WhatsApp-Image-2025-08-26-at-12.56.47-1.jpeg 1600w\" sizes=\"auto, (max-width: 1024px) 100vw, 1024px\" \/><\/figure>\n\n\n\n<figure class=\"wp-block-image size-large\"><img loading=\"lazy\" decoding=\"async\" width=\"1024\" height=\"768\" data-id=\"6296\" src=\"https:\/\/www.confederaciondelcobre.cl\/wp-content\/uploads\/2025\/09\/WhatsApp-Image-2025-09-08-at-14.05.45-2-1-1024x768.jpeg\" alt=\"\" class=\"wp-image-6296\" srcset=\"https:\/\/www.confederaciondelcobre.cl\/wp-content\/uploads\/2025\/09\/WhatsApp-Image-2025-09-08-at-14.05.45-2-1-1024x768.jpeg 1024w, https:\/\/www.confederaciondelcobre.cl\/wp-content\/uploads\/2025\/09\/WhatsApp-Image-2025-09-08-at-14.05.45-2-1-300x225.jpeg 300w, https:\/\/www.confederaciondelcobre.cl\/wp-content\/uploads\/2025\/09\/WhatsApp-Image-2025-09-08-at-14.05.45-2-1-768x576.jpeg 768w, https:\/\/www.confederaciondelcobre.cl\/wp-content\/uploads\/2025\/09\/WhatsApp-Image-2025-09-08-at-14.05.45-2-1-1536x1152.jpeg 1536w, https:\/\/www.confederaciondelcobre.cl\/wp-content\/uploads\/2025\/09\/WhatsApp-Image-2025-09-08-at-14.05.45-2-1.jpeg 1600w\" sizes=\"auto, (max-width: 1024px) 100vw, 1024px\" \/><\/figure>\n\n\n\n<figure class=\"wp-block-image size-large\"><img loading=\"lazy\" decoding=\"async\" width=\"1024\" height=\"768\" data-id=\"6298\" src=\"https:\/\/www.confederaciondelcobre.cl\/wp-content\/uploads\/2025\/09\/WhatsApp-Image-2025-09-08-at-14.05.46-1024x768.jpeg\" alt=\"\" class=\"wp-image-6298\" srcset=\"https:\/\/www.confederaciondelcobre.cl\/wp-content\/uploads\/2025\/09\/WhatsApp-Image-2025-09-08-at-14.05.46-1024x768.jpeg 1024w, https:\/\/www.confederaciondelcobre.cl\/wp-content\/uploads\/2025\/09\/WhatsApp-Image-2025-09-08-at-14.05.46-300x225.jpeg 300w, https:\/\/www.confederaciondelcobre.cl\/wp-content\/uploads\/2025\/09\/WhatsApp-Image-2025-09-08-at-14.05.46-768x576.jpeg 768w, https:\/\/www.confederaciondelcobre.cl\/wp-content\/uploads\/2025\/09\/WhatsApp-Image-2025-09-08-at-14.05.46.jpeg 1280w\" sizes=\"auto, (max-width: 1024px) 100vw, 1024px\" \/><\/figure>\n\n\n\n<figure class=\"wp-block-image size-large\"><img loading=\"lazy\" decoding=\"async\" width=\"1024\" height=\"768\" data-id=\"6299\" src=\"https:\/\/www.confederaciondelcobre.cl\/wp-content\/uploads\/2025\/09\/WhatsApp-Image-2025-09-08-at-14.10.16-1024x768.jpeg\" alt=\"\" class=\"wp-image-6299\" srcset=\"https:\/\/www.confederaciondelcobre.cl\/wp-content\/uploads\/2025\/09\/WhatsApp-Image-2025-09-08-at-14.10.16-1024x768.jpeg 1024w, https:\/\/www.confederaciondelcobre.cl\/wp-content\/uploads\/2025\/09\/WhatsApp-Image-2025-09-08-at-14.10.16-300x225.jpeg 300w, https:\/\/www.confederaciondelcobre.cl\/wp-content\/uploads\/2025\/09\/WhatsApp-Image-2025-09-08-at-14.10.16-768x576.jpeg 768w, https:\/\/www.confederaciondelcobre.cl\/wp-content\/uploads\/2025\/09\/WhatsApp-Image-2025-09-08-at-14.10.16-1536x1152.jpeg 1536w, https:\/\/www.confederaciondelcobre.cl\/wp-content\/uploads\/2025\/09\/WhatsApp-Image-2025-09-08-at-14.10.16.jpeg 1600w\" sizes=\"auto, (max-width: 1024px) 100vw, 1024px\" \/><\/figure>\n\n\n\n<figure class=\"wp-block-image size-large\"><img loading=\"lazy\" decoding=\"async\" width=\"1024\" height=\"768\" data-id=\"6295\" src=\"https:\/\/www.confederaciondelcobre.cl\/wp-content\/uploads\/2025\/09\/WhatsApp-Image-2025-09-08-at-14.05.44-1024x768.jpeg\" alt=\"\" class=\"wp-image-6295\" srcset=\"https:\/\/www.confederaciondelcobre.cl\/wp-content\/uploads\/2025\/09\/WhatsApp-Image-2025-09-08-at-14.05.44-1024x768.jpeg 1024w, https:\/\/www.confederaciondelcobre.cl\/wp-content\/uploads\/2025\/09\/WhatsApp-Image-2025-09-08-at-14.05.44-300x225.jpeg 300w, https:\/\/www.confederaciondelcobre.cl\/wp-content\/uploads\/2025\/09\/WhatsApp-Image-2025-09-08-at-14.05.44-768x576.jpeg 768w, https:\/\/www.confederaciondelcobre.cl\/wp-content\/uploads\/2025\/09\/WhatsApp-Image-2025-09-08-at-14.05.44-1536x1152.jpeg 1536w, https:\/\/www.confederaciondelcobre.cl\/wp-content\/uploads\/2025\/09\/WhatsApp-Image-2025-09-08-at-14.05.44.jpeg 1600w\" sizes=\"auto, (max-width: 1024px) 100vw, 1024px\" \/><\/figure>\n\n\n\n<figure class=\"wp-block-image size-large\"><img loading=\"lazy\" decoding=\"async\" width=\"1024\" height=\"768\" data-id=\"6297\" src=\"https:\/\/www.confederaciondelcobre.cl\/wp-content\/uploads\/2025\/09\/WhatsApp-Image-2025-09-08-at-14.05.45-1024x768.jpeg\" alt=\"\" class=\"wp-image-6297\" srcset=\"https:\/\/www.confederaciondelcobre.cl\/wp-content\/uploads\/2025\/09\/WhatsApp-Image-2025-09-08-at-14.05.45-1024x768.jpeg 1024w, https:\/\/www.confederaciondelcobre.cl\/wp-content\/uploads\/2025\/09\/WhatsApp-Image-2025-09-08-at-14.05.45-300x225.jpeg 300w, https:\/\/www.confederaciondelcobre.cl\/wp-content\/uploads\/2025\/09\/WhatsApp-Image-2025-09-08-at-14.05.45-768x576.jpeg 768w, https:\/\/www.confederaciondelcobre.cl\/wp-content\/uploads\/2025\/09\/WhatsApp-Image-2025-09-08-at-14.05.45-1536x1152.jpeg 1536w, https:\/\/www.confederaciondelcobre.cl\/wp-content\/uploads\/2025\/09\/WhatsApp-Image-2025-09-08-at-14.05.45.jpeg 1600w\" sizes=\"auto, (max-width: 1024px) 100vw, 1024px\" \/><\/figure>\n\n\n\n<figure class=\"wp-block-image size-large\"><img loading=\"lazy\" decoding=\"async\" width=\"1024\" height=\"768\" data-id=\"6294\" src=\"https:\/\/www.confederaciondelcobre.cl\/wp-content\/uploads\/2025\/09\/WhatsApp-Image-2025-09-08-at-12.55.57-1024x768.jpeg\" alt=\"\" class=\"wp-image-6294\" srcset=\"https:\/\/www.confederaciondelcobre.cl\/wp-content\/uploads\/2025\/09\/WhatsApp-Image-2025-09-08-at-12.55.57-1024x768.jpeg 1024w, https:\/\/www.confederaciondelcobre.cl\/wp-content\/uploads\/2025\/09\/WhatsApp-Image-2025-09-08-at-12.55.57-300x225.jpeg 300w, https:\/\/www.confederaciondelcobre.cl\/wp-content\/uploads\/2025\/09\/WhatsApp-Image-2025-09-08-at-12.55.57-768x576.jpeg 768w, https:\/\/www.confederaciondelcobre.cl\/wp-content\/uploads\/2025\/09\/WhatsApp-Image-2025-09-08-at-12.55.57-1536x1152.jpeg 1536w, https:\/\/www.confederaciondelcobre.cl\/wp-content\/uploads\/2025\/09\/WhatsApp-Image-2025-09-08-at-12.55.57-2048x1536.jpeg 2048w\" sizes=\"auto, (max-width: 1024px) 100vw, 1024px\" \/><\/figure>\n<\/figure>\n\n\n<div class=\"wp-block-site-logo\"><a href=\"https:\/\/www.confederaciondelcobre.cl\/\" class=\"custom-logo-link\" rel=\"home\"><img loading=\"lazy\" decoding=\"async\" width=\"520\" height=\"63\" src=\"https:\/\/www.confederaciondelcobre.cl\/wp-content\/uploads\/2023\/01\/TituloWebCTC.png\" class=\"custom-logo\" alt=\"Confederaci\u00f3n de Trabajadores del Cobre &#8211; CTC\" srcset=\"https:\/\/www.confederaciondelcobre.cl\/wp-content\/uploads\/2023\/01\/TituloWebCTC.png 606w, https:\/\/www.confederaciondelcobre.cl\/wp-content\/uploads\/2023\/01\/TituloWebCTC-300x37.png 300w\" sizes=\"auto, (max-width: 520px) 100vw, 520px\" \/><\/a><\/div>","protected":false},"excerpt":{"rendered":"<p>La huelga legal del Sindicato Interempresa Multiservicios Salvador Potrerillos (TRAMSALPO) ha llegado a su t\u00e9rmino tras casi un mes de resistencia y organizaci\u00f3n. El conflicto concluy\u00f3 con un resultado hist\u00f3rico: &hellip; <\/p>\n","protected":false},"author":2,"featured_media":6291,"comment_status":"closed","ping_status":"closed","sticky":false,"template":"","format":"standard","meta":{"jetpack_post_was_ever_published":false,"_jetpack_newsletter_access":"","_jetpack_dont_email_post_to_subs":false,"_jetpack_newsletter_tier_id":0,"_jetpack_memberships_contains_paywalled_content":false,"_jetpack_memberships_contains_paid_content":false,"footnotes":"","jetpack_publicize_message":"","jetpack_publicize_feature_enabled":true,"jetpack_social_post_already_shared":true,"jetpack_social_options":{"image_generator_settings":{"template":"highway","default_image_id":0,"enabled":false},"version":2}},"categories":[9],"tags":[],"class_list":["post-6290","post","type-post","status-publish","format-standard","has-post-thumbnail","hentry","category-confederacion"],"jetpack_publicize_connections":[],"jetpack_featured_media_url":"https:\/\/www.confederaciondelcobre.cl\/wp-content\/uploads\/2025\/09\/Plantillas-CTC-Portada-de-Facebook-3.png","jetpack_sharing_enabled":true,"post_mailing_queue_ids":[],"_links":{"self":[{"href":"https:\/\/www.confederaciondelcobre.cl\/index.php\/wp-json\/wp\/v2\/posts\/6290","targetHints":{"allow":["GET"]}}],"collection":[{"href":"https:\/\/www.confederaciondelcobre.cl\/index.php\/wp-json\/wp\/v2\/posts"}],"about":[{"href":"https:\/\/www.confederaciondelcobre.cl\/index.php\/wp-json\/wp\/v2\/types\/post"}],"author":[{"embeddable":true,"href":"https:\/\/www.confederaciondelcobre.cl\/index.php\/wp-json\/wp\/v2\/users\/2"}],"replies":[{"embeddable":true,"href":"https:\/\/www.confederaciondelcobre.cl\/index.php\/wp-json\/wp\/v2\/comments?post=6290"}],"version-history":[{"count":6,"href":"https:\/\/www.confederaciondelcobre.cl\/index.php\/wp-json\/wp\/v2\/posts\/6290\/revisions"}],"predecessor-version":[{"id":6317,"href":"https:\/\/www.confederaciondelcobre.cl\/index.php\/wp-json\/wp\/v2\/posts\/6290\/revisions\/6317"}],"wp:featuredmedia":[{"embeddable":true,"href":"https:\/\/www.confederaciondelcobre.cl\/index.php\/wp-json\/wp\/v2\/media\/6291"}],"wp:attachment":[{"href":"https:\/\/www.confederaciondelcobre.cl\/index.php\/wp-json\/wp\/v2\/media?parent=6290"}],"wp:term":[{"taxonomy":"category","embeddable":true,"href":"https:\/\/www.confederaciondelcobre.cl\/index.php\/wp-json\/wp\/v2\/categories?post=6290"},{"taxonomy":"post_tag","embeddable":true,"href":"https:\/\/www.confederaciondelcobre.cl\/index.php\/wp-json\/wp\/v2\/tags?post=6290"}],"curies":[{"name":"wp","href":"https:\/\/api.w.org\/{rel}","templated":true}]}}