{"id":6464,"date":"2025-12-09T13:49:06","date_gmt":"2025-12-09T17:49:06","guid":{"rendered":"https:\/\/www.confederaciondelcobre.cl\/?p=6464"},"modified":"2025-12-09T13:49:11","modified_gmt":"2025-12-09T17:49:11","slug":"por-un-nuevo-acuerdo-marco-impulsado-por-la-esperanza-y-la-dignidad-obrera","status":"publish","type":"post","link":"https:\/\/www.confederaciondelcobre.cl\/index.php\/2025\/12\/09\/por-un-nuevo-acuerdo-marco-impulsado-por-la-esperanza-y-la-dignidad-obrera\/","title":{"rendered":"POR UN NUEVO ACUERDO MARCO, IMPULSADO POR LA ESPERANZA Y LA DIGNIDAD OBRERA"},"content":{"rendered":"\n<p><strong>Trabajadoras y Trabajadores&nbsp;Respaldan Masivamente&nbsp;el Inicio del Proceso de Renovaci\u00f3n del Acuerdo Marco<\/strong><\/p>\n\n\n\n<p>La voz de los trabajadores se ha alzado con&nbsp;<strong>fuerza y unidad<\/strong>&nbsp;en todo el pa\u00eds. Tras las exitosas asambleas ampliadas convocadas por la CTC, realizadas inicialmente en El Salvador y Calama, esta semana se sum\u00f3 la&nbsp;<strong>contundente aprobaci\u00f3n de cientos de compa\u00f1eras y compa\u00f1eros<\/strong>&nbsp;que participaron activamente en los encuentros de Rancagua y Los Andes.<\/p>\n\n\n\n<p>El objetivo central de estos encuentros se cumpli\u00f3 plenamente: realizar un diagn\u00f3stico profundo del hist\u00f3rico Acuerdo Marco y, fundamentalmente,&nbsp;<strong>recabar y formalizar el mandato de las bases<\/strong>&nbsp;para iniciar su pr\u00f3xima etapa de actualizaci\u00f3n y mejoramiento.<\/p>\n\n\n\n<p>Estos encuentros congregaron a Federaciones, sindicatos y una&nbsp;<strong>gran, masiva, y entusiasta cantidad de trabajadores<\/strong>, un hecho que refleja el&nbsp;<strong>amplio compromiso y la legitimidad inquebrantable<\/strong>&nbsp;del proceso de participaci\u00f3n que la CTC ha promovido desde la firma original en 2007. Este camino ha sido defendido&nbsp;<strong>tenazmente por los propios trabajadores<\/strong>&nbsp;en cada negociaci\u00f3n, debate y jornada de movilizaci\u00f3n. De esta manera, la CTC&nbsp;<strong>hace carne la participaci\u00f3n de todas y todos<\/strong>&nbsp;para conquistar nuevamente las merecidas mejoras y la&nbsp;<strong>defensa irrestricta de los derechos de cada trabajador y trabajadora<\/strong>.<\/p>\n\n\n\n<p><strong>Respaldo Un\u00e1nime y Validaci\u00f3n Hist\u00f3rica: La Dignidad como Principio Central<\/strong><\/p>\n\n\n\n<p>Las asambleas realizadas en los cuatro territorios fueron realmente&nbsp;<strong>masivas<\/strong>, superando ampliamente las expectativas, ya que culminaron en un&nbsp;<strong>contundente y esperanzador respaldo a la Organizaci\u00f3n<\/strong>. La resoluci\u00f3n es firme:&nbsp;<strong>iniciar un proceso de renovaci\u00f3n y mejoramiento del Acuerdo Marco<\/strong>. La decisi\u00f3n es&nbsp;<strong>un\u00e1nime e innegociable<\/strong>:&nbsp;<strong>no estamos dispuestos a retroceder en nuestras condiciones laborales y de vida<\/strong>, y el principio central que gu\u00eda este instrumento seguir\u00e1 siendo la&nbsp;<strong>plena Dignidad<\/strong>&nbsp;de los trabajadores y trabajadoras.<\/p>\n\n\n\n<p>El Acuerdo, originado en un convenio tripartito entre CTC-AGEMA-CODELCO, ha sido recientemente validado por la Direcci\u00f3n del Trabajo (DT). La resoluci\u00f3n de la DT&nbsp;<strong>ratifica el car\u00e1cter colectivo<\/strong>&nbsp;de este instrumento como un&nbsp;<strong>Contrato Colectivo At\u00edpico<\/strong>.<\/p>\n\n\n\n<p>Este&nbsp;<strong>Dictamen de valor hist\u00f3rico<\/strong>&nbsp;marca un&nbsp;<strong>triunfo significativo<\/strong>&nbsp;al garantizar que lo pactado debe ser cumplido de buena fe, otorgando un verdadero &#8220;blindaje&#8221; a esta conquista en beneficio de m\u00e1s de 65 mil trabajadoras y trabajadores.<\/p>\n\n\n\n<p><strong>El Llamado de la Presidenta de la CTC<\/strong><\/p>\n\n\n\n<p>En este contexto de&nbsp;<strong>unidad y renovaci\u00f3n hist\u00f3rica<\/strong>, la Presidenta de la CTC,&nbsp;<strong>Ana Lamas Aguirre<\/strong>, expres\u00f3 su m\u00e1s profundo agradecimiento. \u201cLa fuerza de este proceso reside en el compromiso de cada uno de ustedes. Su participaci\u00f3n masiva no es solo un mandato, sino un eco que resuena con la&nbsp;<strong>gloriosa historia de lucha obrera chilena<\/strong>, aquella que conquist\u00f3 derechos fundamentales con sacrificio y valent\u00eda en un contexto en donde la unidad es fundamental frente al complejo escenario pol\u00edtico que vivimos\u201d, afirm\u00f3 Lamas. Y agreg\u00f3 con convicci\u00f3n: \u201cNuestro deber con este nuevo Acuerdo no termina aqu\u00ed. La CTC se compromete a seguir siendo el&nbsp;<strong>escudo protector<\/strong>&nbsp;de todas y todos, pero especialmente de los&nbsp;<strong>trabajadores subcontratados<\/strong>, los m\u00e1s precarizados, para asegurar que la&nbsp;<strong>dignidad<\/strong>&nbsp;y los beneficios de esta conquista lleguen hasta el \u00faltimo rinc\u00f3n de la faena, garantizando&nbsp;<strong>esperanza<\/strong>&nbsp;para quienes m\u00e1s lo necesitan.\u201d<\/p>\n\n\n\n<p><strong>LO QUE VIENE: El Camino Hacia las Mejoras<\/strong><\/p>\n\n\n\n<p>El inicio de este proceso estar\u00e1 marcado por la realizaci\u00f3n de mesas tripartitas entre la&nbsp;<strong>CTC, AGEMA y CODELCO<\/strong>. La&nbsp;<strong>esperanza<\/strong>&nbsp;es que estas mesas culminen con la conquista efectiva de las mejoras planteadas por los trabajadores y trabajadoras en estas asambleas. Los avances y logros de este proceso ser\u00e1n informados oportunamente por la CTC a trav\u00e9s de sus Federaciones asociadas, manteniendo siempre la&nbsp;<strong>transparencia y la voz de las bases<\/strong>&nbsp;en el centro.<\/p>\n\n\n\n<figure class=\"wp-block-gallery has-nested-images columns-default is-cropped wp-block-gallery-1 is-layout-flex wp-block-gallery-is-layout-flex\">\n<figure class=\"wp-block-image size-large\"><img loading=\"lazy\" decoding=\"async\" width=\"1024\" height=\"732\" data-id=\"6476\" src=\"https:\/\/www.confederaciondelcobre.cl\/wp-content\/uploads\/2025\/12\/WhatsApp-Image-2025-11-24-at-21.13.14-1-1024x732.jpg\" alt=\"\" class=\"wp-image-6476\" srcset=\"https:\/\/www.confederaciondelcobre.cl\/wp-content\/uploads\/2025\/12\/WhatsApp-Image-2025-11-24-at-21.13.14-1-1024x732.jpg 1024w, https:\/\/www.confederaciondelcobre.cl\/wp-content\/uploads\/2025\/12\/WhatsApp-Image-2025-11-24-at-21.13.14-1-300x214.jpg 300w, https:\/\/www.confederaciondelcobre.cl\/wp-content\/uploads\/2025\/12\/WhatsApp-Image-2025-11-24-at-21.13.14-1-768x549.jpg 768w, https:\/\/www.confederaciondelcobre.cl\/wp-content\/uploads\/2025\/12\/WhatsApp-Image-2025-11-24-at-21.13.14-1-1536x1097.jpg 1536w, https:\/\/www.confederaciondelcobre.cl\/wp-content\/uploads\/2025\/12\/WhatsApp-Image-2025-11-24-at-21.13.14-1.jpg 2048w\" sizes=\"auto, (max-width: 1024px) 100vw, 1024px\" \/><\/figure>\n\n\n\n<figure class=\"wp-block-image size-large\"><img loading=\"lazy\" decoding=\"async\" width=\"1024\" height=\"732\" data-id=\"6480\" src=\"https:\/\/www.confederaciondelcobre.cl\/wp-content\/uploads\/2025\/12\/WhatsApp-Image-2025-11-27-at-20.51.21-1-1024x732.jpg\" alt=\"\" class=\"wp-image-6480\" srcset=\"https:\/\/www.confederaciondelcobre.cl\/wp-content\/uploads\/2025\/12\/WhatsApp-Image-2025-11-27-at-20.51.21-1-1024x732.jpg 1024w, https:\/\/www.confederaciondelcobre.cl\/wp-content\/uploads\/2025\/12\/WhatsApp-Image-2025-11-27-at-20.51.21-1-300x214.jpg 300w, https:\/\/www.confederaciondelcobre.cl\/wp-content\/uploads\/2025\/12\/WhatsApp-Image-2025-11-27-at-20.51.21-1-768x549.jpg 768w, https:\/\/www.confederaciondelcobre.cl\/wp-content\/uploads\/2025\/12\/WhatsApp-Image-2025-11-27-at-20.51.21-1-1536x1097.jpg 1536w, https:\/\/www.confederaciondelcobre.cl\/wp-content\/uploads\/2025\/12\/WhatsApp-Image-2025-11-27-at-20.51.21-1.jpg 2048w\" sizes=\"auto, (max-width: 1024px) 100vw, 1024px\" \/><\/figure>\n\n\n\n<figure class=\"wp-block-image size-large\"><img loading=\"lazy\" decoding=\"async\" width=\"1024\" height=\"576\" data-id=\"6478\" src=\"https:\/\/www.confederaciondelcobre.cl\/wp-content\/uploads\/2025\/12\/WhatsApp-Image-2025-11-27-at-20.52.02-1-1024x576.jpg\" alt=\"\" class=\"wp-image-6478\" srcset=\"https:\/\/www.confederaciondelcobre.cl\/wp-content\/uploads\/2025\/12\/WhatsApp-Image-2025-11-27-at-20.52.02-1-1024x576.jpg 1024w, https:\/\/www.confederaciondelcobre.cl\/wp-content\/uploads\/2025\/12\/WhatsApp-Image-2025-11-27-at-20.52.02-1-300x169.jpg 300w, https:\/\/www.confederaciondelcobre.cl\/wp-content\/uploads\/2025\/12\/WhatsApp-Image-2025-11-27-at-20.52.02-1-768x432.jpg 768w, https:\/\/www.confederaciondelcobre.cl\/wp-content\/uploads\/2025\/12\/WhatsApp-Image-2025-11-27-at-20.52.02-1-1536x863.jpg 1536w, https:\/\/www.confederaciondelcobre.cl\/wp-content\/uploads\/2025\/12\/WhatsApp-Image-2025-11-27-at-20.52.02-1.jpg 2048w\" sizes=\"auto, (max-width: 1024px) 100vw, 1024px\" \/><\/figure>\n\n\n\n<figure class=\"wp-block-image size-large\"><img loading=\"lazy\" decoding=\"async\" width=\"1024\" height=\"732\" data-id=\"6481\" src=\"https:\/\/www.confederaciondelcobre.cl\/wp-content\/uploads\/2025\/12\/WhatsApp-Image-2025-11-27-at-20.54.49-1-1024x732.jpg\" alt=\"\" class=\"wp-image-6481\" srcset=\"https:\/\/www.confederaciondelcobre.cl\/wp-content\/uploads\/2025\/12\/WhatsApp-Image-2025-11-27-at-20.54.49-1-1024x732.jpg 1024w, https:\/\/www.confederaciondelcobre.cl\/wp-content\/uploads\/2025\/12\/WhatsApp-Image-2025-11-27-at-20.54.49-1-300x214.jpg 300w, https:\/\/www.confederaciondelcobre.cl\/wp-content\/uploads\/2025\/12\/WhatsApp-Image-2025-11-27-at-20.54.49-1-768x549.jpg 768w, https:\/\/www.confederaciondelcobre.cl\/wp-content\/uploads\/2025\/12\/WhatsApp-Image-2025-11-27-at-20.54.49-1-1536x1097.jpg 1536w, https:\/\/www.confederaciondelcobre.cl\/wp-content\/uploads\/2025\/12\/WhatsApp-Image-2025-11-27-at-20.54.49-1.jpg 2048w\" sizes=\"auto, (max-width: 1024px) 100vw, 1024px\" \/><\/figure>\n\n\n\n<figure class=\"wp-block-image size-large\"><img loading=\"lazy\" decoding=\"async\" width=\"1024\" height=\"732\" data-id=\"6477\" src=\"https:\/\/www.confederaciondelcobre.cl\/wp-content\/uploads\/2025\/12\/WhatsApp-Image-2025-11-27-at-20.54.50-1-1024x732.jpg\" alt=\"\" class=\"wp-image-6477\" srcset=\"https:\/\/www.confederaciondelcobre.cl\/wp-content\/uploads\/2025\/12\/WhatsApp-Image-2025-11-27-at-20.54.50-1-1024x732.jpg 1024w, https:\/\/www.confederaciondelcobre.cl\/wp-content\/uploads\/2025\/12\/WhatsApp-Image-2025-11-27-at-20.54.50-1-300x214.jpg 300w, https:\/\/www.confederaciondelcobre.cl\/wp-content\/uploads\/2025\/12\/WhatsApp-Image-2025-11-27-at-20.54.50-1-768x549.jpg 768w, https:\/\/www.confederaciondelcobre.cl\/wp-content\/uploads\/2025\/12\/WhatsApp-Image-2025-11-27-at-20.54.50-1-1536x1097.jpg 1536w, https:\/\/www.confederaciondelcobre.cl\/wp-content\/uploads\/2025\/12\/WhatsApp-Image-2025-11-27-at-20.54.50-1.jpg 2048w\" sizes=\"auto, (max-width: 1024px) 100vw, 1024px\" \/><\/figure>\n\n\n\n<figure class=\"wp-block-image size-large\"><img loading=\"lazy\" decoding=\"async\" width=\"1024\" height=\"732\" data-id=\"6479\" src=\"https:\/\/www.confederaciondelcobre.cl\/wp-content\/uploads\/2025\/12\/WhatsApp-Image-2025-12-03-at-22.30.13-3-1-1024x732.jpg\" alt=\"\" class=\"wp-image-6479\" srcset=\"https:\/\/www.confederaciondelcobre.cl\/wp-content\/uploads\/2025\/12\/WhatsApp-Image-2025-12-03-at-22.30.13-3-1-1024x732.jpg 1024w, https:\/\/www.confederaciondelcobre.cl\/wp-content\/uploads\/2025\/12\/WhatsApp-Image-2025-12-03-at-22.30.13-3-1-300x214.jpg 300w, https:\/\/www.confederaciondelcobre.cl\/wp-content\/uploads\/2025\/12\/WhatsApp-Image-2025-12-03-at-22.30.13-3-1-768x549.jpg 768w, https:\/\/www.confederaciondelcobre.cl\/wp-content\/uploads\/2025\/12\/WhatsApp-Image-2025-12-03-at-22.30.13-3-1-1536x1097.jpg 1536w, https:\/\/www.confederaciondelcobre.cl\/wp-content\/uploads\/2025\/12\/WhatsApp-Image-2025-12-03-at-22.30.13-3-1.jpg 2048w\" sizes=\"auto, (max-width: 1024px) 100vw, 1024px\" \/><\/figure>\n\n\n\n<figure class=\"wp-block-image size-large\"><img loading=\"lazy\" decoding=\"async\" width=\"1024\" height=\"732\" data-id=\"6482\" src=\"https:\/\/www.confederaciondelcobre.cl\/wp-content\/uploads\/2025\/12\/WhatsApp-Image-2025-12-03-at-22.30.13-1-1024x732.jpg\" alt=\"\" class=\"wp-image-6482\" srcset=\"https:\/\/www.confederaciondelcobre.cl\/wp-content\/uploads\/2025\/12\/WhatsApp-Image-2025-12-03-at-22.30.13-1-1024x732.jpg 1024w, https:\/\/www.confederaciondelcobre.cl\/wp-content\/uploads\/2025\/12\/WhatsApp-Image-2025-12-03-at-22.30.13-1-300x214.jpg 300w, https:\/\/www.confederaciondelcobre.cl\/wp-content\/uploads\/2025\/12\/WhatsApp-Image-2025-12-03-at-22.30.13-1-768x549.jpg 768w, https:\/\/www.confederaciondelcobre.cl\/wp-content\/uploads\/2025\/12\/WhatsApp-Image-2025-12-03-at-22.30.13-1-1536x1097.jpg 1536w, https:\/\/www.confederaciondelcobre.cl\/wp-content\/uploads\/2025\/12\/WhatsApp-Image-2025-12-03-at-22.30.13-1.jpg 2048w\" sizes=\"auto, (max-width: 1024px) 100vw, 1024px\" \/><\/figure>\n\n\n\n<figure class=\"wp-block-image size-large\"><img loading=\"lazy\" decoding=\"async\" width=\"1024\" height=\"732\" data-id=\"6483\" src=\"https:\/\/www.confederaciondelcobre.cl\/wp-content\/uploads\/2025\/12\/WhatsApp-Image-2025-12-03-at-22.30.14-1-1024x732.jpg\" alt=\"\" class=\"wp-image-6483\" srcset=\"https:\/\/www.confederaciondelcobre.cl\/wp-content\/uploads\/2025\/12\/WhatsApp-Image-2025-12-03-at-22.30.14-1-1024x732.jpg 1024w, https:\/\/www.confederaciondelcobre.cl\/wp-content\/uploads\/2025\/12\/WhatsApp-Image-2025-12-03-at-22.30.14-1-300x214.jpg 300w, https:\/\/www.confederaciondelcobre.cl\/wp-content\/uploads\/2025\/12\/WhatsApp-Image-2025-12-03-at-22.30.14-1-768x549.jpg 768w, https:\/\/www.confederaciondelcobre.cl\/wp-content\/uploads\/2025\/12\/WhatsApp-Image-2025-12-03-at-22.30.14-1-1536x1097.jpg 1536w, https:\/\/www.confederaciondelcobre.cl\/wp-content\/uploads\/2025\/12\/WhatsApp-Image-2025-12-03-at-22.30.14-1.jpg 2048w\" sizes=\"auto, (max-width: 1024px) 100vw, 1024px\" \/><\/figure>\n\n\n\n<figure class=\"wp-block-image size-large\"><img loading=\"lazy\" decoding=\"async\" width=\"1024\" height=\"732\" data-id=\"6484\" src=\"https:\/\/www.confederaciondelcobre.cl\/wp-content\/uploads\/2025\/12\/WhatsApp-Image-2025-12-05-at-00.26.17-1-1024x732.jpg\" alt=\"\" class=\"wp-image-6484\" srcset=\"https:\/\/www.confederaciondelcobre.cl\/wp-content\/uploads\/2025\/12\/WhatsApp-Image-2025-12-05-at-00.26.17-1-1024x732.jpg 1024w, https:\/\/www.confederaciondelcobre.cl\/wp-content\/uploads\/2025\/12\/WhatsApp-Image-2025-12-05-at-00.26.17-1-300x214.jpg 300w, https:\/\/www.confederaciondelcobre.cl\/wp-content\/uploads\/2025\/12\/WhatsApp-Image-2025-12-05-at-00.26.17-1-768x549.jpg 768w, https:\/\/www.confederaciondelcobre.cl\/wp-content\/uploads\/2025\/12\/WhatsApp-Image-2025-12-05-at-00.26.17-1-1536x1097.jpg 1536w, https:\/\/www.confederaciondelcobre.cl\/wp-content\/uploads\/2025\/12\/WhatsApp-Image-2025-12-05-at-00.26.17-1.jpg 2048w\" sizes=\"auto, (max-width: 1024px) 100vw, 1024px\" \/><\/figure>\n\n\n\n<figure class=\"wp-block-image size-large\"><img loading=\"lazy\" decoding=\"async\" width=\"1024\" height=\"732\" data-id=\"6485\" src=\"https:\/\/www.confederaciondelcobre.cl\/wp-content\/uploads\/2025\/12\/WhatsApp-Image-2025-12-05-at-00.27.07-1-1024x732.jpg\" alt=\"\" class=\"wp-image-6485\" srcset=\"https:\/\/www.confederaciondelcobre.cl\/wp-content\/uploads\/2025\/12\/WhatsApp-Image-2025-12-05-at-00.27.07-1-1024x732.jpg 1024w, https:\/\/www.confederaciondelcobre.cl\/wp-content\/uploads\/2025\/12\/WhatsApp-Image-2025-12-05-at-00.27.07-1-300x214.jpg 300w, https:\/\/www.confederaciondelcobre.cl\/wp-content\/uploads\/2025\/12\/WhatsApp-Image-2025-12-05-at-00.27.07-1-768x549.jpg 768w, https:\/\/www.confederaciondelcobre.cl\/wp-content\/uploads\/2025\/12\/WhatsApp-Image-2025-12-05-at-00.27.07-1-1536x1097.jpg 1536w, https:\/\/www.confederaciondelcobre.cl\/wp-content\/uploads\/2025\/12\/WhatsApp-Image-2025-12-05-at-00.27.07-1.jpg 2048w\" sizes=\"auto, (max-width: 1024px) 100vw, 1024px\" \/><\/figure>\n<\/figure>\n","protected":false},"excerpt":{"rendered":"<p>Trabajadoras y Trabajadores&nbsp;Respaldan Masivamente&nbsp;el Inicio del Proceso de Renovaci\u00f3n del Acuerdo Marco La voz de los trabajadores se ha alzado con&nbsp;fuerza y unidad&nbsp;en todo el pa\u00eds. Tras las exitosas asambleas &hellip; <\/p>\n","protected":false},"author":2,"featured_media":6465,"comment_status":"closed","ping_status":"closed","sticky":false,"template":"","format":"standard","meta":{"jetpack_post_was_ever_published":false,"_jetpack_newsletter_access":"","_jetpack_dont_email_post_to_subs":false,"_jetpack_newsletter_tier_id":0,"_jetpack_memberships_contains_paywalled_content":false,"_jetpack_memberships_contains_paid_content":false,"footnotes":"","jetpack_publicize_message":"","jetpack_publicize_feature_enabled":true,"jetpack_social_post_already_shared":true,"jetpack_social_options":{"image_generator_settings":{"template":"highway","default_image_id":0,"enabled":false},"version":2}},"categories":[5,23,9,21,22,28,26,25,33,29,31,15,45,16],"tags":[],"class_list":["post-6464","post","type-post","status-publish","format-standard","has-post-thumbnail","hentry","category-acuerdo-marco","category-acuerdo-marco-codelco","category-confederacion","category-federaciones","category-feminort","category-fesal","category-fesamab","category-fesamav","category-fesitram","category-fetramac","category-fetratec","category-nacional","category-negociacion-ramal","category-noticias"],"jetpack_publicize_connections":[],"jetpack_featured_media_url":"https:\/\/www.confederaciondelcobre.cl\/wp-content\/uploads\/2025\/12\/1.png","jetpack_sharing_enabled":true,"post_mailing_queue_ids":[],"_links":{"self":[{"href":"https:\/\/www.confederaciondelcobre.cl\/index.php\/wp-json\/wp\/v2\/posts\/6464","targetHints":{"allow":["GET"]}}],"collection":[{"href":"https:\/\/www.confederaciondelcobre.cl\/index.php\/wp-json\/wp\/v2\/posts"}],"about":[{"href":"https:\/\/www.confederaciondelcobre.cl\/index.php\/wp-json\/wp\/v2\/types\/post"}],"author":[{"embeddable":true,"href":"https:\/\/www.confederaciondelcobre.cl\/index.php\/wp-json\/wp\/v2\/users\/2"}],"replies":[{"embeddable":true,"href":"https:\/\/www.confederaciondelcobre.cl\/index.php\/wp-json\/wp\/v2\/comments?post=6464"}],"version-history":[{"count":1,"href":"https:\/\/www.confederaciondelcobre.cl\/index.php\/wp-json\/wp\/v2\/posts\/6464\/revisions"}],"predecessor-version":[{"id":6486,"href":"https:\/\/www.confederaciondelcobre.cl\/index.php\/wp-json\/wp\/v2\/posts\/6464\/revisions\/6486"}],"wp:featuredmedia":[{"embeddable":true,"href":"https:\/\/www.confederaciondelcobre.cl\/index.php\/wp-json\/wp\/v2\/media\/6465"}],"wp:attachment":[{"href":"https:\/\/www.confederaciondelcobre.cl\/index.php\/wp-json\/wp\/v2\/media?parent=6464"}],"wp:term":[{"taxonomy":"category","embeddable":true,"href":"https:\/\/www.confederaciondelcobre.cl\/index.php\/wp-json\/wp\/v2\/categories?post=6464"},{"taxonomy":"post_tag","embeddable":true,"href":"https:\/\/www.confederaciondelcobre.cl\/index.php\/wp-json\/wp\/v2\/tags?post=6464"}],"curies":[{"name":"wp","href":"https:\/\/api.w.org\/{rel}","templated":true}]}}