{"id":6487,"date":"2025-12-10T13:31:38","date_gmt":"2025-12-10T17:31:38","guid":{"rendered":"https:\/\/www.confederaciondelcobre.cl\/?p=6487"},"modified":"2025-12-10T13:31:42","modified_gmt":"2025-12-10T17:31:42","slug":"10-de-diciembre-dia-internacional-de-los-derechos-humanos","status":"publish","type":"post","link":"https:\/\/www.confederaciondelcobre.cl\/index.php\/2025\/12\/10\/10-de-diciembre-dia-internacional-de-los-derechos-humanos\/","title":{"rendered":"10 De Diciembre: D\u00eda internacional de los Derechos Humanos"},"content":{"rendered":"\n<p><strong>\u00a1Los Derechos de los Trabajadores no se Negocian! \u00a1Defi\u00e9ndelos Cueste lo que Cueste!<\/strong><\/p>\n\n\n\n<p>En el marco de la conmemoraci\u00f3n del&nbsp;<strong>D\u00eda Internacional de los Derechos Humanos<\/strong>, la&nbsp;<strong>Confederaci\u00f3n de Trabajadores del Cobre (CTC)<\/strong>&nbsp;se alza con convicci\u00f3n para reafirmar su compromiso irrestricto con cada trabajador y trabajadora del pa\u00eds.<\/p>\n\n\n\n<p>En el coraz\u00f3n de toda sociedad justa y desarrollada se encuentran los&nbsp;<strong>Derechos Humanos de los Trabajadores<\/strong>. Estos no son privilegios, sino&nbsp;<strong>principios universales e inalienables<\/strong>&nbsp;que protegen la&nbsp;<strong>dignidad, equidad y bienestar<\/strong>&nbsp;de cada persona en el \u00e1mbito laboral. Son el cimiento de la justicia social y el motor del desarrollo humano.<\/p>\n\n\n\n<p><strong>Nuestro compromiso como CTC<\/strong>&nbsp;con los&nbsp;<strong>trabajadores y trabajadoras<\/strong>&nbsp;es inquebrantable. Defenderemos siempre el derecho a un trabajo digno, un salario justo, condiciones seguras, la no discriminaci\u00f3n, la libertad sindical, la negociaci\u00f3n colectiva, el descanso y la seguridad social.<\/p>\n\n\n\n<p>Estos derechos est\u00e1n consagrados en normativas internacionales y son el resultado de siglos de luchas, sacrificios y la incansable defensa de la clase trabajadora.<\/p>\n\n\n\n<p><strong>\u00a1No Retrocederemos!<\/strong><\/p>\n\n\n\n<p>Hoy, frente a amenazas de precarizaci\u00f3n, flexibilizaci\u00f3n desregulada y olvido de lo social, alzamos la voz:&nbsp;<strong>\u00a1Defender estos derechos es defender nuestra humanidad!<\/strong><\/p>\n\n\n\n<p>Cada retroceso en las condiciones laborales es un ataque directo a la dignidad humana. No podemos permitir que la b\u00fasqueda de una ganancia desmedida borre los avances de la justicia social.<\/p>\n\n\n\n<p>Hacemos un llamado a cada ciudadano, a cada trabajador, a cada l\u00edder social y pol\u00edtico:<\/p>\n\n\n\n<ul class=\"wp-block-list\">\n<li><strong>Vigila:<\/strong>\u00a0Permanece atento a cualquier iniciativa que pretenda menoscabar estos principios.<\/li>\n\n\n\n<li><strong>Organ\u00edzate:<\/strong>\u00a0Fortalece los sindicatos, las asociaciones y los espacios de di\u00e1logo colectivo.<\/li>\n\n\n\n<li><strong>Lucha:<\/strong>\u00a0Manifiesta, debate y defiende estos derechos en tu lugar de trabajo, en tu comunidad y ante las autoridades.<\/li>\n<\/ul>\n\n\n\n<p><strong>\u00a1El Momento de Definir Nuestro Futuro es Ahora!<\/strong><\/p>\n\n\n\n<p><strong>La defensa de nuestros derechos pasa por la acci\u00f3n c\u00edvica.<\/strong>&nbsp;Hacemos un llamado crucial a todos los trabajadores y trabajadoras a ejercer su poder democr\u00e1tico.&nbsp;<strong>El pr\u00f3ximo 14 de diciembre, el voto es la herramienta para proteger todo lo que hemos conquistado. Votar por Jeannette Jara es la \u00fanica opci\u00f3n que garantiza la protecci\u00f3n de estos derechos y que significa detener los retrocesos que representa la ultraderecha.<\/strong><\/p>\n\n\n\n<p><strong>\u00a1La defensa de los Derechos Humanos de los Trabajadores es la defensa de una vida digna para todos!<\/strong>&nbsp;Es nuestra responsabilidad hist\u00f3rica no ceder ni un mil\u00edmetro.<\/p>\n\n\n\n<p><strong>\u00a1Defend\u00e1moslos cueste lo que cueste!<\/strong><\/p>\n\n\n\n<figure class=\"wp-block-image size-large\"><img loading=\"lazy\" decoding=\"async\" width=\"819\" height=\"1024\" src=\"https:\/\/www.confederaciondelcobre.cl\/wp-content\/uploads\/2025\/12\/2-819x1024.png\" alt=\"\" class=\"wp-image-6489\" srcset=\"https:\/\/www.confederaciondelcobre.cl\/wp-content\/uploads\/2025\/12\/2-819x1024.png 819w, https:\/\/www.confederaciondelcobre.cl\/wp-content\/uploads\/2025\/12\/2-240x300.png 240w, https:\/\/www.confederaciondelcobre.cl\/wp-content\/uploads\/2025\/12\/2-768x960.png 768w, https:\/\/www.confederaciondelcobre.cl\/wp-content\/uploads\/2025\/12\/2.png 1080w\" sizes=\"auto, (max-width: 819px) 100vw, 819px\" \/><\/figure>\n","protected":false},"excerpt":{"rendered":"<p>\u00a1Los Derechos de los Trabajadores no se Negocian! \u00a1Defi\u00e9ndelos Cueste lo que Cueste! En el marco de la conmemoraci\u00f3n del&nbsp;D\u00eda Internacional de los Derechos Humanos, la&nbsp;Confederaci\u00f3n de Trabajadores del Cobre &hellip; <\/p>\n","protected":false},"author":2,"featured_media":6488,"comment_status":"closed","ping_status":"closed","sticky":false,"template":"","format":"standard","meta":{"jetpack_post_was_ever_published":false,"_jetpack_newsletter_access":"","_jetpack_dont_email_post_to_subs":false,"_jetpack_newsletter_tier_id":0,"_jetpack_memberships_contains_paywalled_content":false,"_jetpack_memberships_contains_paid_content":false,"footnotes":"","jetpack_publicize_message":"","jetpack_publicize_feature_enabled":true,"jetpack_social_post_already_shared":true,"jetpack_social_options":{"image_generator_settings":{"template":"highway","default_image_id":0,"enabled":false},"version":2}},"categories":[37,7,9],"tags":[],"class_list":["post-6487","post","type-post","status-publish","format-standard","has-post-thumbnail","hentry","category-memoriactc","category-columa-de-opinion","category-confederacion"],"jetpack_publicize_connections":[],"jetpack_featured_media_url":"https:\/\/www.confederaciondelcobre.cl\/wp-content\/uploads\/2025\/12\/10-de-Diciembre-Portada-de-Facebook.png","jetpack_sharing_enabled":true,"post_mailing_queue_ids":[],"_links":{"self":[{"href":"https:\/\/www.confederaciondelcobre.cl\/index.php\/wp-json\/wp\/v2\/posts\/6487","targetHints":{"allow":["GET"]}}],"collection":[{"href":"https:\/\/www.confederaciondelcobre.cl\/index.php\/wp-json\/wp\/v2\/posts"}],"about":[{"href":"https:\/\/www.confederaciondelcobre.cl\/index.php\/wp-json\/wp\/v2\/types\/post"}],"author":[{"embeddable":true,"href":"https:\/\/www.confederaciondelcobre.cl\/index.php\/wp-json\/wp\/v2\/users\/2"}],"replies":[{"embeddable":true,"href":"https:\/\/www.confederaciondelcobre.cl\/index.php\/wp-json\/wp\/v2\/comments?post=6487"}],"version-history":[{"count":1,"href":"https:\/\/www.confederaciondelcobre.cl\/index.php\/wp-json\/wp\/v2\/posts\/6487\/revisions"}],"predecessor-version":[{"id":6490,"href":"https:\/\/www.confederaciondelcobre.cl\/index.php\/wp-json\/wp\/v2\/posts\/6487\/revisions\/6490"}],"wp:featuredmedia":[{"embeddable":true,"href":"https:\/\/www.confederaciondelcobre.cl\/index.php\/wp-json\/wp\/v2\/media\/6488"}],"wp:attachment":[{"href":"https:\/\/www.confederaciondelcobre.cl\/index.php\/wp-json\/wp\/v2\/media?parent=6487"}],"wp:term":[{"taxonomy":"category","embeddable":true,"href":"https:\/\/www.confederaciondelcobre.cl\/index.php\/wp-json\/wp\/v2\/categories?post=6487"},{"taxonomy":"post_tag","embeddable":true,"href":"https:\/\/www.confederaciondelcobre.cl\/index.php\/wp-json\/wp\/v2\/tags?post=6487"}],"curies":[{"name":"wp","href":"https:\/\/api.w.org\/{rel}","templated":true}]}}