{"id":6534,"date":"2026-01-27T17:59:04","date_gmt":"2026-01-27T21:59:04","guid":{"rendered":"https:\/\/www.confederaciondelcobre.cl\/?p=6534"},"modified":"2026-01-27T18:12:49","modified_gmt":"2026-01-27T22:12:49","slug":"comunicado-por-la-defensa-y-ampliacion-del-acuerdo-marco-unidad-y-lucha","status":"publish","type":"post","link":"https:\/\/www.confederaciondelcobre.cl\/index.php\/2026\/01\/27\/comunicado-por-la-defensa-y-ampliacion-del-acuerdo-marco-unidad-y-lucha\/","title":{"rendered":"COMUNICADO: Por la defensa y\u00a0ampliaci\u00f3n del Acuerdo Marco:\u00a0\u00a1Unidad y lucha!"},"content":{"rendered":"\n<p class=\"has-text-align-center\"><strong>CONFEDERACI\u00d3N DE TRABAJADORES DEL COBRE<\/strong><strong><\/strong><\/p>\n\n\n\n<p class=\"has-text-align-center\"><strong>COMUNICADO<\/strong><strong><\/strong><\/p>\n\n\n\n<p class=\"has-text-align-center\"><strong>POR LA DEFENSA Y AMPLIACI\u00d3N DEL ACUERDO MARCO: \u00a1UNIDAD Y LUCHA!<\/strong><strong><\/strong><\/p>\n\n\n\n<p><strong>A las y los trabajadores contratistas y subcontratistas, a nuestras federaciones, sindicatos y a la opini\u00f3n p\u00fablica:<\/strong><\/p>\n\n\n\n<p>Como&nbsp;<strong>Confederaci\u00f3n de Trabajadores del Cobre (CTC)<\/strong>, y a m\u00e1s de tres a\u00f1os desde la \u00faltima actualizaci\u00f3n de nuestro Acuerdo Marco, exigimos a CODELCO proceder de inmediato a la&nbsp;instalaci\u00f3n de la&nbsp;Mesa de&nbsp;Negociaci\u00f3n para actualizar y mejorar esta&nbsp;conquista hist\u00f3rica de las trabajadoras y los trabajadores subcontratados del cobre. Dicha Negociaci\u00f3n adquiere particular urgencia cuando est\u00e1 pr\u00f3ximo a asumir un nuevo gobierno que por su naturaleza empresarial y ultraderechista es claramente antitrabajadores. En el proceso de negociaci\u00f3n 2026 no pueden quedar ausentes tem\u00e1ticas emergentes como las siguientes: &nbsp;<\/p>\n\n\n\n<p><strong>1. Negociaci\u00f3n Multinivel:&nbsp;<\/strong>El Acuerdo Marco, junto con ser un ejemplo vivo de dignidad de clase trabajadora, es una clara demostraci\u00f3n de que la negociaci\u00f3n por sector o industria es el camino para nivelar la cancha y asegurar condiciones dignas para todos y todas, sin importar que la empresa empleadora sea mandante o prestadora de servicios.&nbsp;<\/p>\n\n\n\n<p><strong>2. Defensa del Dictamen 44 y Denuncia de la Ofensiva Empresarial.<\/strong>&nbsp;No seremos c\u00f3mplices pasivos de los intentos de las empresas por erosionar nuestras conquistas. Nos declaramos en&nbsp;alerta y defensa del Decreto Supremo N\u00b0 44 en su expresi\u00f3n preventiva, participativa y con perspectiva de g\u00e9nero,<strong>&nbsp;<\/strong>herramienta jur\u00eddica clave para nuestra organizaci\u00f3n en el \u00e1mbito de la seguridad y salud en el trabjo.<\/p>\n\n\n\n<p><strong>3. Defensa y protecci\u00f3n del Dictamen N\u00b0 747\/39 de la Direcci\u00f3n del Trabajo<\/strong>, que reconoce y valida el Acuerdo Marco como un instrumento leg\u00edtimo de Negociaci\u00f3n Colectiva, de car\u00e1cter obligatorio para las partes y cuyo incumplimiento puede ser declarado como pr\u00e1ctica antisindical.&nbsp;<strong><\/strong><\/p>\n\n\n\n<p>Nuestra mirada es de futuro y de clase. Nuestro objetivo es no solo profundizar el Acuerdo Marco en Codelco, sino&nbsp;extenderlo hacia la miner\u00eda privada&nbsp;y otras faenas donde hoy no llegamos. Donde haya un trabajador del cobre, debe haber derechos protegidos por el Acuerdo Marco, y nuestro compromiso es defender esos derechos mediante las herramientas hist\u00f3ricas de lucha de la clase trabajadora.&nbsp;<\/p>\n\n\n\n<p>La unidad de acci\u00f3n sigue siendo nuestra mayor fortaleza, y&nbsp;hacemos un llamado a no caer en rumores malintencionados ni&nbsp;<em>fake news<\/em>&nbsp;que solo buscan dividir nuestras filas. Queremos sumar a todas las organizaciones sindicales&nbsp;del cobre&nbsp;a dar la pelea por el Acuerdo Marco. El trabajo de la CTC ser\u00e1&nbsp;sumar voluntades, articular fuerzas y trabajar por la unidad&nbsp;m\u00e1s amplia. Solo la unidad nos hace invencibles frente a la voracidad empresarial. &nbsp;<strong>&nbsp;&nbsp;&nbsp;&nbsp;&nbsp;&nbsp;&nbsp;&nbsp;&nbsp;&nbsp;&nbsp;&nbsp;&nbsp;&nbsp;&nbsp;&nbsp;&nbsp;&nbsp;&nbsp;&nbsp;&nbsp;&nbsp;&nbsp;&nbsp;&nbsp;&nbsp;&nbsp;&nbsp;&nbsp;&nbsp;&nbsp;&nbsp;&nbsp;&nbsp;&nbsp;&nbsp;&nbsp;&nbsp;&nbsp;&nbsp;&nbsp;&nbsp;&nbsp;<\/strong><strong><\/strong><\/p>\n\n\n\n<p class=\"has-text-align-center\"><strong>\u00a1A defender el Acuerdo Marco con la fuerza de la unidad!<\/strong><strong><\/strong><\/p>\n\n\n\n<p class=\"has-text-align-center\"><strong>\u00a1Arriba las y los que luchan y no se rinden jam\u00e1s!<\/strong><strong><\/strong><\/p>\n\n\n\n<p class=\"has-text-align-center\"><strong>CONFEDERACI\u00d3N DE TRABAJADORES DEL COBRE (CTC)<\/strong><\/p>\n\n\n\n<p class=\"has-text-align-center\"><strong>enero de 2026<\/strong><\/p>\n\n\n\n<p><\/p>\n\n\n\n<figure class=\"wp-block-image size-large\"><img loading=\"lazy\" decoding=\"async\" width=\"664\" height=\"1024\" src=\"https:\/\/www.confederaciondelcobre.cl\/wp-content\/uploads\/2026\/01\/WhatsApp-Image-2026-01-27-at-17.44.36-664x1024.jpeg\" alt=\"\" class=\"wp-image-6537\" srcset=\"https:\/\/www.confederaciondelcobre.cl\/wp-content\/uploads\/2026\/01\/WhatsApp-Image-2026-01-27-at-17.44.36-664x1024.jpeg 664w, https:\/\/www.confederaciondelcobre.cl\/wp-content\/uploads\/2026\/01\/WhatsApp-Image-2026-01-27-at-17.44.36-194x300.jpeg 194w, https:\/\/www.confederaciondelcobre.cl\/wp-content\/uploads\/2026\/01\/WhatsApp-Image-2026-01-27-at-17.44.36-768x1185.jpeg 768w, https:\/\/www.confederaciondelcobre.cl\/wp-content\/uploads\/2026\/01\/WhatsApp-Image-2026-01-27-at-17.44.36-996x1536.jpeg 996w, https:\/\/www.confederaciondelcobre.cl\/wp-content\/uploads\/2026\/01\/WhatsApp-Image-2026-01-27-at-17.44.36.jpeg 1037w\" sizes=\"auto, (max-width: 664px) 100vw, 664px\" \/><\/figure>\n","protected":false},"excerpt":{"rendered":"<p>CONFEDERACI\u00d3N DE TRABAJADORES DEL COBRE COMUNICADO POR LA DEFENSA Y AMPLIACI\u00d3N DEL ACUERDO MARCO: \u00a1UNIDAD Y LUCHA! A las y los trabajadores contratistas y subcontratistas, a nuestras federaciones, sindicatos y &hellip; <\/p>\n","protected":false},"author":2,"featured_media":6535,"comment_status":"closed","ping_status":"closed","sticky":false,"template":"","format":"standard","meta":{"jetpack_post_was_ever_published":false,"_jetpack_newsletter_access":"","_jetpack_dont_email_post_to_subs":false,"_jetpack_newsletter_tier_id":0,"_jetpack_memberships_contains_paywalled_content":false,"_jetpack_memberships_contains_paid_content":false,"footnotes":"","jetpack_publicize_message":"","jetpack_publicize_feature_enabled":true,"jetpack_social_post_already_shared":true,"jetpack_social_options":{"image_generator_settings":{"template":"highway","default_image_id":0,"enabled":false},"version":2}},"categories":[5,23,87,8],"tags":[],"class_list":["post-6534","post","type-post","status-publish","format-standard","has-post-thumbnail","hentry","category-acuerdo-marco","category-acuerdo-marco-codelco","category-asamblea-ampliada","category-comunicado"],"jetpack_publicize_connections":[],"jetpack_featured_media_url":"https:\/\/www.confederaciondelcobre.cl\/wp-content\/uploads\/2026\/01\/Plantillas-CTC-Portada-de-Facebook-15.png","jetpack_sharing_enabled":true,"post_mailing_queue_ids":[],"_links":{"self":[{"href":"https:\/\/www.confederaciondelcobre.cl\/index.php\/wp-json\/wp\/v2\/posts\/6534","targetHints":{"allow":["GET"]}}],"collection":[{"href":"https:\/\/www.confederaciondelcobre.cl\/index.php\/wp-json\/wp\/v2\/posts"}],"about":[{"href":"https:\/\/www.confederaciondelcobre.cl\/index.php\/wp-json\/wp\/v2\/types\/post"}],"author":[{"embeddable":true,"href":"https:\/\/www.confederaciondelcobre.cl\/index.php\/wp-json\/wp\/v2\/users\/2"}],"replies":[{"embeddable":true,"href":"https:\/\/www.confederaciondelcobre.cl\/index.php\/wp-json\/wp\/v2\/comments?post=6534"}],"version-history":[{"count":2,"href":"https:\/\/www.confederaciondelcobre.cl\/index.php\/wp-json\/wp\/v2\/posts\/6534\/revisions"}],"predecessor-version":[{"id":6538,"href":"https:\/\/www.confederaciondelcobre.cl\/index.php\/wp-json\/wp\/v2\/posts\/6534\/revisions\/6538"}],"wp:featuredmedia":[{"embeddable":true,"href":"https:\/\/www.confederaciondelcobre.cl\/index.php\/wp-json\/wp\/v2\/media\/6535"}],"wp:attachment":[{"href":"https:\/\/www.confederaciondelcobre.cl\/index.php\/wp-json\/wp\/v2\/media?parent=6534"}],"wp:term":[{"taxonomy":"category","embeddable":true,"href":"https:\/\/www.confederaciondelcobre.cl\/index.php\/wp-json\/wp\/v2\/categories?post=6534"},{"taxonomy":"post_tag","embeddable":true,"href":"https:\/\/www.confederaciondelcobre.cl\/index.php\/wp-json\/wp\/v2\/tags?post=6534"}],"curies":[{"name":"wp","href":"https:\/\/api.w.org\/{rel}","templated":true}]}}