{"id":6539,"date":"2026-01-28T12:46:48","date_gmt":"2026-01-28T16:46:48","guid":{"rendered":"https:\/\/www.confederaciondelcobre.cl\/?p=6539"},"modified":"2026-01-28T12:46:52","modified_gmt":"2026-01-28T16:46:52","slug":"ctc-se-moviliza-por-acuerdo-marco-nuestra-voz-debe-escucharse-fuerte-y-clara","status":"publish","type":"post","link":"https:\/\/www.confederaciondelcobre.cl\/index.php\/2026\/01\/28\/ctc-se-moviliza-por-acuerdo-marco-nuestra-voz-debe-escucharse-fuerte-y-clara\/","title":{"rendered":"CTC SE MOVILIZA POR ACUERDO MARCO: &#8220;Nuestra voz debe escucharse fuerte y clara&#8221;"},"content":{"rendered":"\n<p><strong>SANTIAGO \/ TERRITORIOS MINEROS<\/strong>&nbsp;\u2013 En una jornada hist\u00f3rica este&nbsp;<strong>27 de enero de 2026<\/strong>, la Confederaci\u00f3n de Trabajadores del Cobre (CTC) ha oficializado el paso a la acci\u00f3n directa. Tras la realizaci\u00f3n de cuatro asambleas masivas en los territorios de&nbsp;<strong>Calama, El Salvador, Los Andes y Rancagua<\/strong>, las bases han entregado un mandato soberano:&nbsp;<strong>aprobar la movilizaci\u00f3n de las y los trabajadores subcontratados<\/strong>&nbsp;ante la negativa de Codelco de instalar las mesas de negociaci\u00f3n como instancias de dialogo para el Acuerdo Marco.<\/p>\n\n\n\n<p>La decisi\u00f3n surge como respuesta a la postura de la estatal, que hasta la fecha ha evitado concretar el proceso de actualizaci\u00f3n de este instrumento jur\u00eddico y laboral, fundamental para la estabilidad de miles de familias.<\/p>\n\n\n<div class=\"wp-block-image\">\n<figure class=\"alignright size-large is-resized\"><img loading=\"lazy\" decoding=\"async\" width=\"1246\" height=\"830\" src=\"https:\/\/www.confederaciondelcobre.cl\/wp-content\/uploads\/2026\/01\/WhatsApp-Image-2026-01-12-at-14.09.32-edited.jpeg\" alt=\"\" class=\"wp-image-6541\" style=\"width:262px;height:auto\" srcset=\"https:\/\/www.confederaciondelcobre.cl\/wp-content\/uploads\/2026\/01\/WhatsApp-Image-2026-01-12-at-14.09.32-edited.jpeg 1246w, https:\/\/www.confederaciondelcobre.cl\/wp-content\/uploads\/2026\/01\/WhatsApp-Image-2026-01-12-at-14.09.32-edited-300x200.jpeg 300w, https:\/\/www.confederaciondelcobre.cl\/wp-content\/uploads\/2026\/01\/WhatsApp-Image-2026-01-12-at-14.09.32-edited-1024x682.jpeg 1024w, https:\/\/www.confederaciondelcobre.cl\/wp-content\/uploads\/2026\/01\/WhatsApp-Image-2026-01-12-at-14.09.32-edited-768x512.jpeg 768w\" sizes=\"auto, (max-width: 1246px) 100vw, 1246px\" \/><\/figure><\/div>\n\n\n<p>La presidenta de la CTC,&nbsp;<strong>Ana Lamas Aguirre<\/strong>, salud\u00f3 las asambleas y fue enf\u00e1tica vinculando la urgencia de la negociaci\u00f3n con el complejo panorama pol\u00edtico que enfrenta el pa\u00eds:&nbsp;<em>&#8220;Asumiendo nuestra responsabilidad sindical, hemos recibido de ustedes el mandato de instalar todas las instancias de dialogo que permitan revisar y actualizar el Acuerdo Marco\u201d<\/em>&nbsp;, lo que reafirma el esp\u00edritu de la Lucha Sindical, en donde la movilizaci\u00f3n no es una decisi\u00f3n cupular, sino un &#8220;mandato&#8221; recibido desde los territorios otorgando legitimidad desde las bases, con las que se defender\u00e1 el Dictamen que protege el Acuerdo.<\/p>\n\n\n\n<p>Lamas subray\u00f3 que la unidad territorial es el principal activo de la Confederaci\u00f3n en este momento cr\u00edtico:&nbsp;<em>&#8220;Nuestra voz debe escucharse fuerte y clara, desde todos y cada uno de los territorios las y los trabajadores subcontratados del Cobre demandamos a Codelco la inmediata instalaci\u00f3n de una mesa de trabajo que nos permita avanzar&#8221;.<\/em><\/p>\n\n\n\n<p>La&nbsp;<strong>presidenta de la CTC<\/strong>&nbsp;destac\u00f3 la importancia del di\u00e1logo y del aporte fundamental del Acuerdo Marco para las y los trabajadores \u2013&nbsp;<em>&#8220;Desde la CTC siempre hemos priorizado la generaci\u00f3n de instancias de di\u00e1logo y esperamos que se concrete lo manifestado en la carta de respuesta emanada desde la presidencia ejecutiva de CODELCO, pero hoy la realidad nos exige avanzar con firmeza en la renovaci\u00f3n, revisi\u00f3n y mejoramiento del Acuerdo Marco, cuya \u00faltima actualizaci\u00f3n de noviembre de 2022 ha quedado desfasada frente al sostenido aumento del costo de vida que golpea a nuestras familias. No se trata solo de una actualizaci\u00f3n econ\u00f3mica; para nosotros, la seguridad en las faenas es un tema intransable que debe fortalecerse ante los nuevos desaf\u00edos que impone el mundo del trabajo. En un escenario donde el cambio tecnol\u00f3gico y la explosiva demanda mundial de cobre posicionan a nuestra industria en el centro de la econom\u00eda, es imperativo que las y los trabajadores contemos con un instrumento robusto que nos proteja y nos permita enfrentar estas transformaciones con dignidad y garant\u00edas de futuro.&#8221;<\/em><\/p>\n\n\n\n<p><strong>Despliegue territorial: El clamor de las bases desborda las asambleas<\/strong><\/p>\n\n\n\n<p>El respaldo a la movilizaci\u00f3n no solo fue un\u00e1nime, sino masivo. En los principales enclaves mineros del pa\u00eds, las y los trabajadores subcontratados enviaron un mensaje inequ\u00edvoco de unidad y determinaci\u00f3n:<\/p>\n\n\n<div class=\"wp-block-image\">\n<figure class=\"alignright size-large is-resized\"><img loading=\"lazy\" decoding=\"async\" width=\"1024\" height=\"576\" src=\"https:\/\/www.confederaciondelcobre.cl\/wp-content\/uploads\/2026\/01\/WhatsApp-Image-2026-01-28-at-12.16.29-2-1024x576.jpg\" alt=\"\" class=\"wp-image-6542\" style=\"width:383px;height:auto\" srcset=\"https:\/\/www.confederaciondelcobre.cl\/wp-content\/uploads\/2026\/01\/WhatsApp-Image-2026-01-28-at-12.16.29-2-1024x576.jpg 1024w, https:\/\/www.confederaciondelcobre.cl\/wp-content\/uploads\/2026\/01\/WhatsApp-Image-2026-01-28-at-12.16.29-2-300x169.jpg 300w, https:\/\/www.confederaciondelcobre.cl\/wp-content\/uploads\/2026\/01\/WhatsApp-Image-2026-01-28-at-12.16.29-2-768x432.jpg 768w, https:\/\/www.confederaciondelcobre.cl\/wp-content\/uploads\/2026\/01\/WhatsApp-Image-2026-01-28-at-12.16.29-2-1536x864.jpg 1536w, https:\/\/www.confederaciondelcobre.cl\/wp-content\/uploads\/2026\/01\/WhatsApp-Image-2026-01-28-at-12.16.29-2.jpg 2048w\" sizes=\"auto, (max-width: 1024px) 100vw, 1024px\" \/><\/figure><\/div>\n\n\n<p>En&nbsp;<strong>Calama<\/strong>, la convocatoria fue tan contundente que super\u00f3 la capacidad de los recintos, obligando a trasladar la asamblea a plena calle. La instancia, liderada por&nbsp;<strong>Francisco Cabeza<\/strong>, presidente de FEMINORT y vicepresidente de la CTC, subray\u00f3 la urgencia del momento:&nbsp;<em>\u201cCodelco ha hecho o\u00eddos sordos, por lo que es nuestro deber movilizarnos para instalar la mesa\u201d<\/em>. En la misma l\u00ednea,&nbsp;<strong>Jos\u00e9 Mardones<\/strong>, director nacional de la CTC, llam\u00f3 a mantener la cohesi\u00f3n y la confianza en la dirigencia, enfatizando que&nbsp;<em>\u201cno tenemos miedo; si bien hoy contamos con el Acuerdo Marco, no es suficiente. Debemos ir por la mejora sustantiva de nuestras condiciones\u201d<\/em>.<\/p>\n\n\n<div class=\"wp-block-image\">\n<figure class=\"alignright size-large is-resized\"><img loading=\"lazy\" decoding=\"async\" width=\"1024\" height=\"657\" src=\"https:\/\/www.confederaciondelcobre.cl\/wp-content\/uploads\/2026\/01\/WhatsApp-Image-2026-01-27-at-22.23.27-1024x657.jpg\" alt=\"\" class=\"wp-image-6543\" style=\"width:385px;height:auto\" srcset=\"https:\/\/www.confederaciondelcobre.cl\/wp-content\/uploads\/2026\/01\/WhatsApp-Image-2026-01-27-at-22.23.27-1024x657.jpg 1024w, https:\/\/www.confederaciondelcobre.cl\/wp-content\/uploads\/2026\/01\/WhatsApp-Image-2026-01-27-at-22.23.27-300x192.jpg 300w, https:\/\/www.confederaciondelcobre.cl\/wp-content\/uploads\/2026\/01\/WhatsApp-Image-2026-01-27-at-22.23.27-768x493.jpg 768w, https:\/\/www.confederaciondelcobre.cl\/wp-content\/uploads\/2026\/01\/WhatsApp-Image-2026-01-27-at-22.23.27-1536x986.jpg 1536w, https:\/\/www.confederaciondelcobre.cl\/wp-content\/uploads\/2026\/01\/WhatsApp-Image-2026-01-27-at-22.23.27.jpg 2048w\" sizes=\"auto, (max-width: 1024px) 100vw, 1024px\" \/><\/figure><\/div>\n\n\n<p>En&nbsp;<strong>El Salvador<\/strong>, los asistentes colmaron la sede de la CTC para respaldar la movilizaci\u00f3n. Tras recibir el informe detallado de&nbsp;<strong>Daniel C\u00e1ceres<\/strong>, director nacional de la CTC y presidente de TRAMSALPO, junto a&nbsp;<strong>Stephanie Gonz\u00e1lez<\/strong>, secretaria nacional y presidenta de FESAMAV, la base otorg\u00f3 un apoyo irrefutable a las acciones de presi\u00f3n.&nbsp;<em>\u201cEsta convocatoria demuestra una total disposici\u00f3n de lucha y una cohesi\u00f3n absoluta con la organizaci\u00f3n, ratificada a trav\u00e9s de una decisi\u00f3n tomada en colectivo\u201d,<\/em>&nbsp;destacaron los dirigentes.<\/p>\n\n\n<div class=\"wp-block-image\">\n<figure class=\"alignright size-large is-resized\"><img loading=\"lazy\" decoding=\"async\" width=\"1024\" height=\"507\" src=\"https:\/\/www.confederaciondelcobre.cl\/wp-content\/uploads\/2026\/01\/WhatsApp-Image-2026-01-27-at-21.08.18-1024x507.jpg\" alt=\"\" class=\"wp-image-6544\" style=\"width:375px;height:auto\" srcset=\"https:\/\/www.confederaciondelcobre.cl\/wp-content\/uploads\/2026\/01\/WhatsApp-Image-2026-01-27-at-21.08.18-1024x507.jpg 1024w, https:\/\/www.confederaciondelcobre.cl\/wp-content\/uploads\/2026\/01\/WhatsApp-Image-2026-01-27-at-21.08.18-300x149.jpg 300w, https:\/\/www.confederaciondelcobre.cl\/wp-content\/uploads\/2026\/01\/WhatsApp-Image-2026-01-27-at-21.08.18-768x380.jpg 768w, https:\/\/www.confederaciondelcobre.cl\/wp-content\/uploads\/2026\/01\/WhatsApp-Image-2026-01-27-at-21.08.18-1536x761.jpg 1536w, https:\/\/www.confederaciondelcobre.cl\/wp-content\/uploads\/2026\/01\/WhatsApp-Image-2026-01-27-at-21.08.18.jpg 2048w\" sizes=\"auto, (max-width: 1024px) 100vw, 1024px\" \/><\/figure><\/div>\n\n\n<p>Por su parte, en&nbsp;<strong>Los Andes<\/strong>, se registr\u00f3 un aumento significativo en la participaci\u00f3n, logrando un lleno total. La asamblea, encabezada por&nbsp;<strong>Patricio Roco<\/strong>, encargado de organizaci\u00f3n de la CTC, y&nbsp;<strong>Francisco Ibaceta<\/strong>, presidente de FETRAMAC, valid\u00f3 con fuerza el llamado de alerta ante la nula respuesta de la estatal. Este respaldo ratifica el rol de la CTC en la Divisi\u00f3n Andina como la organizaci\u00f3n fundamental y leg\u00edtima de las y los trabajadores.<\/p>\n\n\n<div class=\"wp-block-image\">\n<figure class=\"alignright size-large is-resized\"><img loading=\"lazy\" decoding=\"async\" width=\"1024\" height=\"576\" src=\"https:\/\/www.confederaciondelcobre.cl\/wp-content\/uploads\/2026\/01\/WhatsApp-Image-2026-01-27-at-20.34.45-1024x576.jpg\" alt=\"\" class=\"wp-image-6545\" style=\"width:376px;height:auto\" srcset=\"https:\/\/www.confederaciondelcobre.cl\/wp-content\/uploads\/2026\/01\/WhatsApp-Image-2026-01-27-at-20.34.45-1024x576.jpg 1024w, https:\/\/www.confederaciondelcobre.cl\/wp-content\/uploads\/2026\/01\/WhatsApp-Image-2026-01-27-at-20.34.45-300x169.jpg 300w, https:\/\/www.confederaciondelcobre.cl\/wp-content\/uploads\/2026\/01\/WhatsApp-Image-2026-01-27-at-20.34.45-768x432.jpg 768w, https:\/\/www.confederaciondelcobre.cl\/wp-content\/uploads\/2026\/01\/WhatsApp-Image-2026-01-27-at-20.34.45-1536x864.jpg 1536w, https:\/\/www.confederaciondelcobre.cl\/wp-content\/uploads\/2026\/01\/WhatsApp-Image-2026-01-27-at-20.34.45.jpg 2048w\" sizes=\"auto, (max-width: 1024px) 100vw, 1024px\" \/><\/figure><\/div>\n\n\n<p>Finalmente, en&nbsp;<strong>Rancagua<\/strong>, la masividad volvi\u00f3 a ser la t\u00f3nica. La sede se vio desbordada, dejando incluso a trabajadores fuera del recinto debido al alto inter\u00e9s.&nbsp;<strong>Luis Marchant<\/strong>, presidente de FETRATEC y director nacional de la CTC, confirm\u00f3 que la base manifest\u00f3 la necesidad imperiosa de actualizar el Acuerdo Marco: \u201c<em>La asamblea entreg\u00f3 un apoyo total a todas las acciones necesarias para conquistar un renovado instrumento. Estamos satisfechos y motivados para seguir luchando\u201d.<\/em><\/p>\n\n\n\n<p>Por lo pronto, luego de estas asambleas, se demuestra una fuerza colectiva e innegable,<strong>&nbsp;<\/strong>este despliegue simult\u00e1neo de norte a sur no solo evidencia el descontento, sino la robustez democr\u00e1tica de la organizaci\u00f3n. La transparencia de estas asambleas, realizadas de cara a las bases y con una participaci\u00f3n que desbord\u00f3 todas las expectativas territoriales, otorga a la CTC una legitimidad incuestionable en este proceso de lucha. La fuerza manifestada hoy en las calles y sedes es el mandato soberano de las y los trabajadores: una unidad inquebrantable que Codelco ya no puede seguir ignorando. El Acuerdo Marco iniciado y liderado por la CTC lleg\u00f3 para quedarse, pero tambi\u00e9n para ser mejorado, ya que es el \u00fanico instrumento, at\u00edpico en su tipo, que establece un piso de condiciones que benefician a todas y todos los trabajadores del subcontrato del Cobre.<\/p>\n\n\n\n<figure class=\"wp-block-gallery has-nested-images columns-default is-cropped wp-block-gallery-1 is-layout-flex wp-block-gallery-is-layout-flex\">\n<figure class=\"wp-block-image size-large\"><img loading=\"lazy\" decoding=\"async\" width=\"1024\" height=\"576\" data-id=\"6548\" src=\"https:\/\/www.confederaciondelcobre.cl\/wp-content\/uploads\/2026\/01\/WhatsApp-Image-2026-01-27-at-20.34.45-1-1024x576.jpg\" alt=\"\" class=\"wp-image-6548\" srcset=\"https:\/\/www.confederaciondelcobre.cl\/wp-content\/uploads\/2026\/01\/WhatsApp-Image-2026-01-27-at-20.34.45-1-1024x576.jpg 1024w, https:\/\/www.confederaciondelcobre.cl\/wp-content\/uploads\/2026\/01\/WhatsApp-Image-2026-01-27-at-20.34.45-1-300x169.jpg 300w, https:\/\/www.confederaciondelcobre.cl\/wp-content\/uploads\/2026\/01\/WhatsApp-Image-2026-01-27-at-20.34.45-1-768x432.jpg 768w, https:\/\/www.confederaciondelcobre.cl\/wp-content\/uploads\/2026\/01\/WhatsApp-Image-2026-01-27-at-20.34.45-1-1536x864.jpg 1536w, https:\/\/www.confederaciondelcobre.cl\/wp-content\/uploads\/2026\/01\/WhatsApp-Image-2026-01-27-at-20.34.45-1.jpg 2048w\" sizes=\"auto, (max-width: 1024px) 100vw, 1024px\" \/><\/figure>\n\n\n\n<figure class=\"wp-block-image size-large\"><img loading=\"lazy\" decoding=\"async\" width=\"1024\" height=\"577\" data-id=\"6547\" src=\"https:\/\/www.confederaciondelcobre.cl\/wp-content\/uploads\/2026\/01\/WhatsApp-Image-2026-01-27-at-20.36.04-1024x577.jpg\" alt=\"\" class=\"wp-image-6547\" srcset=\"https:\/\/www.confederaciondelcobre.cl\/wp-content\/uploads\/2026\/01\/WhatsApp-Image-2026-01-27-at-20.36.04-1024x577.jpg 1024w, https:\/\/www.confederaciondelcobre.cl\/wp-content\/uploads\/2026\/01\/WhatsApp-Image-2026-01-27-at-20.36.04-300x169.jpg 300w, https:\/\/www.confederaciondelcobre.cl\/wp-content\/uploads\/2026\/01\/WhatsApp-Image-2026-01-27-at-20.36.04-768x432.jpg 768w, https:\/\/www.confederaciondelcobre.cl\/wp-content\/uploads\/2026\/01\/WhatsApp-Image-2026-01-27-at-20.36.04-1536x865.jpg 1536w, https:\/\/www.confederaciondelcobre.cl\/wp-content\/uploads\/2026\/01\/WhatsApp-Image-2026-01-27-at-20.36.04.jpg 2048w\" sizes=\"auto, (max-width: 1024px) 100vw, 1024px\" \/><\/figure>\n\n\n\n<figure class=\"wp-block-image size-large\"><img loading=\"lazy\" decoding=\"async\" width=\"1024\" height=\"602\" data-id=\"6550\" src=\"https:\/\/www.confederaciondelcobre.cl\/wp-content\/uploads\/2026\/01\/WhatsApp-Image-2026-01-27-at-21.07.46-1024x602.jpg\" alt=\"\" class=\"wp-image-6550\" srcset=\"https:\/\/www.confederaciondelcobre.cl\/wp-content\/uploads\/2026\/01\/WhatsApp-Image-2026-01-27-at-21.07.46-1024x602.jpg 1024w, https:\/\/www.confederaciondelcobre.cl\/wp-content\/uploads\/2026\/01\/WhatsApp-Image-2026-01-27-at-21.07.46-300x176.jpg 300w, https:\/\/www.confederaciondelcobre.cl\/wp-content\/uploads\/2026\/01\/WhatsApp-Image-2026-01-27-at-21.07.46-768x452.jpg 768w, https:\/\/www.confederaciondelcobre.cl\/wp-content\/uploads\/2026\/01\/WhatsApp-Image-2026-01-27-at-21.07.46-1536x903.jpg 1536w, https:\/\/www.confederaciondelcobre.cl\/wp-content\/uploads\/2026\/01\/WhatsApp-Image-2026-01-27-at-21.07.46.jpg 2048w\" sizes=\"auto, (max-width: 1024px) 100vw, 1024px\" \/><\/figure>\n\n\n\n<figure class=\"wp-block-image size-large\"><img loading=\"lazy\" decoding=\"async\" width=\"1024\" height=\"507\" data-id=\"6546\" src=\"https:\/\/www.confederaciondelcobre.cl\/wp-content\/uploads\/2026\/01\/WhatsApp-Image-2026-01-27-at-21.08.18-1-1024x507.jpg\" alt=\"\" class=\"wp-image-6546\" srcset=\"https:\/\/www.confederaciondelcobre.cl\/wp-content\/uploads\/2026\/01\/WhatsApp-Image-2026-01-27-at-21.08.18-1-1024x507.jpg 1024w, https:\/\/www.confederaciondelcobre.cl\/wp-content\/uploads\/2026\/01\/WhatsApp-Image-2026-01-27-at-21.08.18-1-300x149.jpg 300w, https:\/\/www.confederaciondelcobre.cl\/wp-content\/uploads\/2026\/01\/WhatsApp-Image-2026-01-27-at-21.08.18-1-768x380.jpg 768w, https:\/\/www.confederaciondelcobre.cl\/wp-content\/uploads\/2026\/01\/WhatsApp-Image-2026-01-27-at-21.08.18-1-1536x761.jpg 1536w, https:\/\/www.confederaciondelcobre.cl\/wp-content\/uploads\/2026\/01\/WhatsApp-Image-2026-01-27-at-21.08.18-1.jpg 2048w\" sizes=\"auto, (max-width: 1024px) 100vw, 1024px\" \/><\/figure>\n\n\n\n<figure class=\"wp-block-image size-large\"><img loading=\"lazy\" decoding=\"async\" width=\"1024\" height=\"657\" data-id=\"6549\" src=\"https:\/\/www.confederaciondelcobre.cl\/wp-content\/uploads\/2026\/01\/WhatsApp-Image-2026-01-27-at-22.23.27-1-1024x657.jpg\" alt=\"\" class=\"wp-image-6549\" srcset=\"https:\/\/www.confederaciondelcobre.cl\/wp-content\/uploads\/2026\/01\/WhatsApp-Image-2026-01-27-at-22.23.27-1-1024x657.jpg 1024w, https:\/\/www.confederaciondelcobre.cl\/wp-content\/uploads\/2026\/01\/WhatsApp-Image-2026-01-27-at-22.23.27-1-300x192.jpg 300w, https:\/\/www.confederaciondelcobre.cl\/wp-content\/uploads\/2026\/01\/WhatsApp-Image-2026-01-27-at-22.23.27-1-768x493.jpg 768w, https:\/\/www.confederaciondelcobre.cl\/wp-content\/uploads\/2026\/01\/WhatsApp-Image-2026-01-27-at-22.23.27-1-1536x986.jpg 1536w, https:\/\/www.confederaciondelcobre.cl\/wp-content\/uploads\/2026\/01\/WhatsApp-Image-2026-01-27-at-22.23.27-1.jpg 2048w\" sizes=\"auto, (max-width: 1024px) 100vw, 1024px\" \/><\/figure>\n\n\n\n<figure class=\"wp-block-image size-large\"><img loading=\"lazy\" decoding=\"async\" width=\"1024\" height=\"480\" data-id=\"6551\" src=\"https:\/\/www.confederaciondelcobre.cl\/wp-content\/uploads\/2026\/01\/WhatsApp-Image-2026-01-27-at-23.30.57-1024x480.jpg\" alt=\"\" class=\"wp-image-6551\" srcset=\"https:\/\/www.confederaciondelcobre.cl\/wp-content\/uploads\/2026\/01\/WhatsApp-Image-2026-01-27-at-23.30.57-1024x480.jpg 1024w, https:\/\/www.confederaciondelcobre.cl\/wp-content\/uploads\/2026\/01\/WhatsApp-Image-2026-01-27-at-23.30.57-300x141.jpg 300w, https:\/\/www.confederaciondelcobre.cl\/wp-content\/uploads\/2026\/01\/WhatsApp-Image-2026-01-27-at-23.30.57-768x360.jpg 768w, https:\/\/www.confederaciondelcobre.cl\/wp-content\/uploads\/2026\/01\/WhatsApp-Image-2026-01-27-at-23.30.57-1536x720.jpg 1536w, https:\/\/www.confederaciondelcobre.cl\/wp-content\/uploads\/2026\/01\/WhatsApp-Image-2026-01-27-at-23.30.57.jpg 2048w\" sizes=\"auto, (max-width: 1024px) 100vw, 1024px\" \/><\/figure>\n\n\n\n<figure class=\"wp-block-image size-large\"><img loading=\"lazy\" decoding=\"async\" width=\"1024\" height=\"576\" data-id=\"6552\" src=\"https:\/\/www.confederaciondelcobre.cl\/wp-content\/uploads\/2026\/01\/WhatsApp-Image-2026-01-28-at-12.16.29-2-1-1024x576.jpg\" alt=\"\" class=\"wp-image-6552\" srcset=\"https:\/\/www.confederaciondelcobre.cl\/wp-content\/uploads\/2026\/01\/WhatsApp-Image-2026-01-28-at-12.16.29-2-1-1024x576.jpg 1024w, https:\/\/www.confederaciondelcobre.cl\/wp-content\/uploads\/2026\/01\/WhatsApp-Image-2026-01-28-at-12.16.29-2-1-300x169.jpg 300w, https:\/\/www.confederaciondelcobre.cl\/wp-content\/uploads\/2026\/01\/WhatsApp-Image-2026-01-28-at-12.16.29-2-1-768x432.jpg 768w, https:\/\/www.confederaciondelcobre.cl\/wp-content\/uploads\/2026\/01\/WhatsApp-Image-2026-01-28-at-12.16.29-2-1-1536x864.jpg 1536w, https:\/\/www.confederaciondelcobre.cl\/wp-content\/uploads\/2026\/01\/WhatsApp-Image-2026-01-28-at-12.16.29-2-1.jpg 2048w\" sizes=\"auto, (max-width: 1024px) 100vw, 1024px\" \/><\/figure>\n\n\n\n<figure class=\"wp-block-image size-large\"><img loading=\"lazy\" decoding=\"async\" width=\"1024\" height=\"576\" data-id=\"6553\" src=\"https:\/\/www.confederaciondelcobre.cl\/wp-content\/uploads\/2026\/01\/WhatsApp-Image-2026-01-28-at-12.16.29-1024x576.jpg\" alt=\"\" class=\"wp-image-6553\" srcset=\"https:\/\/www.confederaciondelcobre.cl\/wp-content\/uploads\/2026\/01\/WhatsApp-Image-2026-01-28-at-12.16.29-1024x576.jpg 1024w, https:\/\/www.confederaciondelcobre.cl\/wp-content\/uploads\/2026\/01\/WhatsApp-Image-2026-01-28-at-12.16.29-300x169.jpg 300w, https:\/\/www.confederaciondelcobre.cl\/wp-content\/uploads\/2026\/01\/WhatsApp-Image-2026-01-28-at-12.16.29-768x432.jpg 768w, https:\/\/www.confederaciondelcobre.cl\/wp-content\/uploads\/2026\/01\/WhatsApp-Image-2026-01-28-at-12.16.29-1536x864.jpg 1536w, https:\/\/www.confederaciondelcobre.cl\/wp-content\/uploads\/2026\/01\/WhatsApp-Image-2026-01-28-at-12.16.29.jpg 2048w\" sizes=\"auto, (max-width: 1024px) 100vw, 1024px\" \/><\/figure>\n\n\n\n<figure class=\"wp-block-image size-large\"><img loading=\"lazy\" decoding=\"async\" width=\"1024\" height=\"576\" data-id=\"6554\" src=\"https:\/\/www.confederaciondelcobre.cl\/wp-content\/uploads\/2026\/01\/WhatsApp-Image-2026-01-28-at-12.16.30-1024x576.jpg\" alt=\"\" class=\"wp-image-6554\" srcset=\"https:\/\/www.confederaciondelcobre.cl\/wp-content\/uploads\/2026\/01\/WhatsApp-Image-2026-01-28-at-12.16.30-1024x576.jpg 1024w, https:\/\/www.confederaciondelcobre.cl\/wp-content\/uploads\/2026\/01\/WhatsApp-Image-2026-01-28-at-12.16.30-300x169.jpg 300w, https:\/\/www.confederaciondelcobre.cl\/wp-content\/uploads\/2026\/01\/WhatsApp-Image-2026-01-28-at-12.16.30-768x432.jpg 768w, https:\/\/www.confederaciondelcobre.cl\/wp-content\/uploads\/2026\/01\/WhatsApp-Image-2026-01-28-at-12.16.30-1536x864.jpg 1536w, https:\/\/www.confederaciondelcobre.cl\/wp-content\/uploads\/2026\/01\/WhatsApp-Image-2026-01-28-at-12.16.30.jpg 2048w\" sizes=\"auto, (max-width: 1024px) 100vw, 1024px\" \/><\/figure>\n<\/figure>\n\n\n\n<div class=\"wp-block-jetpack-slideshow aligncenter\" data-effect=\"slide\" style=\"--aspect-ratio:calc(819 \/ 1024)\"><div class=\"wp-block-jetpack-slideshow_container swiper-container\"><ul class=\"wp-block-jetpack-slideshow_swiper-wrapper swiper-wrapper\"><li class=\"wp-block-jetpack-slideshow_slide swiper-slide\"><figure><img loading=\"lazy\" decoding=\"async\" width=\"819\" height=\"1024\" alt=\"\" class=\"wp-block-jetpack-slideshow_image wp-image-6557\" data-id=\"6557\" data-aspect-ratio=\"819 \/ 1024\" src=\"https:\/\/www.confederaciondelcobre.cl\/wp-content\/uploads\/2026\/01\/fila-1-columna-1-819x1024.png\" srcset=\"https:\/\/www.confederaciondelcobre.cl\/wp-content\/uploads\/2026\/01\/fila-1-columna-1-819x1024.png 819w, https:\/\/www.confederaciondelcobre.cl\/wp-content\/uploads\/2026\/01\/fila-1-columna-1-240x300.png 240w, https:\/\/www.confederaciondelcobre.cl\/wp-content\/uploads\/2026\/01\/fila-1-columna-1-768x960.png 768w, https:\/\/www.confederaciondelcobre.cl\/wp-content\/uploads\/2026\/01\/fila-1-columna-1.png 1080w\" sizes=\"auto, (max-width: 819px) 100vw, 819px\" \/><\/figure><\/li><li class=\"wp-block-jetpack-slideshow_slide swiper-slide\"><figure><img loading=\"lazy\" decoding=\"async\" width=\"819\" height=\"1024\" alt=\"\" class=\"wp-block-jetpack-slideshow_image wp-image-6559\" data-id=\"6559\" data-aspect-ratio=\"819 \/ 1024\" src=\"https:\/\/www.confederaciondelcobre.cl\/wp-content\/uploads\/2026\/01\/fila-1-columna-2-819x1024.png\" srcset=\"https:\/\/www.confederaciondelcobre.cl\/wp-content\/uploads\/2026\/01\/fila-1-columna-2-819x1024.png 819w, https:\/\/www.confederaciondelcobre.cl\/wp-content\/uploads\/2026\/01\/fila-1-columna-2-240x300.png 240w, https:\/\/www.confederaciondelcobre.cl\/wp-content\/uploads\/2026\/01\/fila-1-columna-2-768x960.png 768w, https:\/\/www.confederaciondelcobre.cl\/wp-content\/uploads\/2026\/01\/fila-1-columna-2.png 1080w\" sizes=\"auto, (max-width: 819px) 100vw, 819px\" \/><\/figure><\/li><li class=\"wp-block-jetpack-slideshow_slide swiper-slide\"><figure><img loading=\"lazy\" decoding=\"async\" width=\"819\" height=\"1024\" alt=\"\" class=\"wp-block-jetpack-slideshow_image wp-image-6558\" data-id=\"6558\" data-aspect-ratio=\"819 \/ 1024\" src=\"https:\/\/www.confederaciondelcobre.cl\/wp-content\/uploads\/2026\/01\/fila-1-columna-3-819x1024.png\" srcset=\"https:\/\/www.confederaciondelcobre.cl\/wp-content\/uploads\/2026\/01\/fila-1-columna-3-819x1024.png 819w, https:\/\/www.confederaciondelcobre.cl\/wp-content\/uploads\/2026\/01\/fila-1-columna-3-240x300.png 240w, https:\/\/www.confederaciondelcobre.cl\/wp-content\/uploads\/2026\/01\/fila-1-columna-3-768x960.png 768w, https:\/\/www.confederaciondelcobre.cl\/wp-content\/uploads\/2026\/01\/fila-1-columna-3.png 1080w\" sizes=\"auto, (max-width: 819px) 100vw, 819px\" \/><\/figure><\/li><li class=\"wp-block-jetpack-slideshow_slide swiper-slide\"><figure><img loading=\"lazy\" decoding=\"async\" width=\"819\" height=\"1024\" alt=\"\" class=\"wp-block-jetpack-slideshow_image wp-image-6555\" data-id=\"6555\" data-aspect-ratio=\"819 \/ 1024\" src=\"https:\/\/www.confederaciondelcobre.cl\/wp-content\/uploads\/2026\/01\/fila-1-columna-4-819x1024.png\" srcset=\"https:\/\/www.confederaciondelcobre.cl\/wp-content\/uploads\/2026\/01\/fila-1-columna-4-819x1024.png 819w, https:\/\/www.confederaciondelcobre.cl\/wp-content\/uploads\/2026\/01\/fila-1-columna-4-240x300.png 240w, https:\/\/www.confederaciondelcobre.cl\/wp-content\/uploads\/2026\/01\/fila-1-columna-4-768x960.png 768w, https:\/\/www.confederaciondelcobre.cl\/wp-content\/uploads\/2026\/01\/fila-1-columna-4.png 1080w\" sizes=\"auto, (max-width: 819px) 100vw, 819px\" \/><\/figure><\/li><li class=\"wp-block-jetpack-slideshow_slide swiper-slide\"><figure><img loading=\"lazy\" decoding=\"async\" width=\"819\" height=\"1024\" alt=\"\" class=\"wp-block-jetpack-slideshow_image wp-image-6556\" data-id=\"6556\" data-aspect-ratio=\"819 \/ 1024\" src=\"https:\/\/www.confederaciondelcobre.cl\/wp-content\/uploads\/2026\/01\/fila-1-columna-5-819x1024.png\" srcset=\"https:\/\/www.confederaciondelcobre.cl\/wp-content\/uploads\/2026\/01\/fila-1-columna-5-819x1024.png 819w, https:\/\/www.confederaciondelcobre.cl\/wp-content\/uploads\/2026\/01\/fila-1-columna-5-240x300.png 240w, https:\/\/www.confederaciondelcobre.cl\/wp-content\/uploads\/2026\/01\/fila-1-columna-5-768x960.png 768w, https:\/\/www.confederaciondelcobre.cl\/wp-content\/uploads\/2026\/01\/fila-1-columna-5.png 1080w\" sizes=\"auto, (max-width: 819px) 100vw, 819px\" \/><\/figure><\/li><\/ul><a class=\"wp-block-jetpack-slideshow_button-prev swiper-button-prev swiper-button-white\" role=\"button\"><\/a><a class=\"wp-block-jetpack-slideshow_button-next swiper-button-next swiper-button-white\" role=\"button\"><\/a><a aria-label=\"Pause Slideshow\" class=\"wp-block-jetpack-slideshow_button-pause\" role=\"button\"><\/a><div class=\"wp-block-jetpack-slideshow_pagination swiper-pagination swiper-pagination-white\"><\/div><\/div><\/div>\n","protected":false},"excerpt":{"rendered":"<p>SANTIAGO \/ TERRITORIOS MINEROS&nbsp;\u2013 En una jornada hist\u00f3rica este&nbsp;27 de enero de 2026, la Confederaci\u00f3n de Trabajadores del Cobre (CTC) ha oficializado el paso a la acci\u00f3n directa. Tras la &hellip; <\/p>\n","protected":false},"author":2,"featured_media":6540,"comment_status":"closed","ping_status":"closed","sticky":false,"template":"","format":"standard","meta":{"jetpack_post_was_ever_published":false,"_jetpack_newsletter_access":"","_jetpack_dont_email_post_to_subs":false,"_jetpack_newsletter_tier_id":0,"_jetpack_memberships_contains_paywalled_content":false,"_jetpack_memberships_contains_paid_content":false,"footnotes":"","jetpack_publicize_message":"","jetpack_publicize_feature_enabled":true,"jetpack_social_post_already_shared":true,"jetpack_social_options":{"image_generator_settings":{"template":"highway","default_image_id":0,"enabled":false},"version":2}},"categories":[5,23,9,15,39,19],"tags":[],"class_list":["post-6539","post","type-post","status-publish","format-standard","has-post-thumbnail","hentry","category-acuerdo-marco","category-acuerdo-marco-codelco","category-confederacion","category-nacional","category-sindicatos","category-trabajadores"],"jetpack_publicize_connections":[],"jetpack_featured_media_url":"https:\/\/www.confederaciondelcobre.cl\/wp-content\/uploads\/2026\/01\/Plantillas-CTC-Portada-de-Facebook-17.png","jetpack_sharing_enabled":true,"post_mailing_queue_ids":[],"_links":{"self":[{"href":"https:\/\/www.confederaciondelcobre.cl\/index.php\/wp-json\/wp\/v2\/posts\/6539","targetHints":{"allow":["GET"]}}],"collection":[{"href":"https:\/\/www.confederaciondelcobre.cl\/index.php\/wp-json\/wp\/v2\/posts"}],"about":[{"href":"https:\/\/www.confederaciondelcobre.cl\/index.php\/wp-json\/wp\/v2\/types\/post"}],"author":[{"embeddable":true,"href":"https:\/\/www.confederaciondelcobre.cl\/index.php\/wp-json\/wp\/v2\/users\/2"}],"replies":[{"embeddable":true,"href":"https:\/\/www.confederaciondelcobre.cl\/index.php\/wp-json\/wp\/v2\/comments?post=6539"}],"version-history":[{"count":1,"href":"https:\/\/www.confederaciondelcobre.cl\/index.php\/wp-json\/wp\/v2\/posts\/6539\/revisions"}],"predecessor-version":[{"id":6560,"href":"https:\/\/www.confederaciondelcobre.cl\/index.php\/wp-json\/wp\/v2\/posts\/6539\/revisions\/6560"}],"wp:featuredmedia":[{"embeddable":true,"href":"https:\/\/www.confederaciondelcobre.cl\/index.php\/wp-json\/wp\/v2\/media\/6540"}],"wp:attachment":[{"href":"https:\/\/www.confederaciondelcobre.cl\/index.php\/wp-json\/wp\/v2\/media?parent=6539"}],"wp:term":[{"taxonomy":"category","embeddable":true,"href":"https:\/\/www.confederaciondelcobre.cl\/index.php\/wp-json\/wp\/v2\/categories?post=6539"},{"taxonomy":"post_tag","embeddable":true,"href":"https:\/\/www.confederaciondelcobre.cl\/index.php\/wp-json\/wp\/v2\/tags?post=6539"}],"curies":[{"name":"wp","href":"https:\/\/api.w.org\/{rel}","templated":true}]}}