{"id":6648,"date":"2026-03-07T17:41:55","date_gmt":"2026-03-07T21:41:55","guid":{"rendered":"https:\/\/www.confederaciondelcobre.cl\/?p=6648"},"modified":"2026-03-07T17:41:57","modified_gmt":"2026-03-07T21:41:57","slug":"ana-lamas-posiciona-el-acuerdo-marco-de-la-ctc-como-referente-de-negociacion-ramal-en-congreso-internacional-de-la-cut","status":"publish","type":"post","link":"https:\/\/www.confederaciondelcobre.cl\/index.php\/2026\/03\/07\/ana-lamas-posiciona-el-acuerdo-marco-de-la-ctc-como-referente-de-negociacion-ramal-en-congreso-internacional-de-la-cut\/","title":{"rendered":"Ana Lamas posiciona el Acuerdo Marco de la CTC como referente de negociaci\u00f3n ramal en Congreso Internacional de la CUT"},"content":{"rendered":"\n<p><strong>En el marco del taller \u201cCasos Pr\u00e1cticos de Negociaci\u00f3n Colectiva\u201d, la presidenta de la Confederaci\u00f3n de Trabajadores del Cobre (CTC) expuso la experiencia de los trabajadores contratistas como un modelo \u00fanico de justicia social y derechos laborales en Chile.<\/strong><\/p>\n\n\n\n<p><strong>SANTIAGO<\/strong>&nbsp;\u2013 En un momento clave para la agenda laboral del pa\u00eds, la Central Unitaria de Trabajadores (CUT) llev\u00f3 a cabo el&nbsp;<strong>\u201cCongreso Internacional: Negociaci\u00f3n Ramal\u201d<\/strong>. El encuentro, realizado en la sede de la multisindical, convoc\u00f3 a dirigentes, trabajadores y especialistas con el objetivo de analizar los alcances y desaf\u00edos de este modelo de negociaci\u00f3n.<\/p>\n\n\n\n<p>El evento cobr\u00f3 especial relevancia al realizarse apenas 24 horas despu\u00e9s de que la&nbsp;<strong>idea de legislar sobre la Ley de Negociaci\u00f3n Ramal fuera aprobada en el Congreso Nacional<\/strong>. La instancia cont\u00f3 con la participaci\u00f3n de delegaciones de Espa\u00f1a, Colombia, Per\u00fa y Argentina, quienes coincidieron en que este mecanismo es una v\u00eda fundamental para alcanzar la justicia social.<\/p>\n\n\n\n<h3 class=\"wp-block-heading\"><strong>El Acuerdo Marco: Un modelo pionero<\/strong><strong><\/strong><\/h3>\n\n\n\n<p>Durante la jornada, la presidenta de la CTC,&nbsp;<strong>Ana Lamas Aguirre<\/strong>, destac\u00f3 en el panel \u201cCasos Pr\u00e1cticos de Negociaci\u00f3n Colectiva\u201d. En su intervenci\u00f3n, Lamas detall\u00f3 la trayectoria del&nbsp;<strong>Acuerdo Marco<\/strong>, instrumento que rige a los trabajadores contratistas del cobre desde 2007 y que se alza como el referente m\u00e1s cercano a la negociaci\u00f3n por rama en el pa\u00eds.<\/p>\n\n\n<div class=\"wp-block-image\">\n<figure class=\"alignleft size-large is-resized\"><img loading=\"lazy\" decoding=\"async\" width=\"683\" height=\"1024\" src=\"https:\/\/www.confederaciondelcobre.cl\/wp-content\/uploads\/2026\/03\/DSC_0461-683x1024.jpg\" alt=\"\" class=\"wp-image-6650\" style=\"width:230px;height:auto\" srcset=\"https:\/\/www.confederaciondelcobre.cl\/wp-content\/uploads\/2026\/03\/DSC_0461-683x1024.jpg 683w, https:\/\/www.confederaciondelcobre.cl\/wp-content\/uploads\/2026\/03\/DSC_0461-200x300.jpg 200w, https:\/\/www.confederaciondelcobre.cl\/wp-content\/uploads\/2026\/03\/DSC_0461-768x1152.jpg 768w, https:\/\/www.confederaciondelcobre.cl\/wp-content\/uploads\/2026\/03\/DSC_0461-1024x1536.jpg 1024w, https:\/\/www.confederaciondelcobre.cl\/wp-content\/uploads\/2026\/03\/DSC_0461-1365x2048.jpg 1365w, https:\/\/www.confederaciondelcobre.cl\/wp-content\/uploads\/2026\/03\/DSC_0461-scaled.jpg 1707w\" sizes=\"auto, (max-width: 683px) 100vw, 683px\" \/><\/figure><\/div>\n\n\n<p class=\"has-text-align-left\"><\/p>\n\n\n\n<blockquote class=\"wp-block-quote is-layout-flow wp-block-quote-is-layout-flow\">\n<p>&#8220;El Acuerdo Marco es un instrumento colectivo at\u00edpico que establece est\u00e1ndares m\u00ednimos comunes para las y los trabajadores contratistas y subcontratistas de la miner\u00eda del cobre&#8221;, se\u00f1al\u00f3 la dirigenta.<\/p>\n<\/blockquote>\n\n\n\n<h3 class=\"wp-block-heading\"><strong>Reconocimiento de la Direcci\u00f3n del Trabajo<\/strong><strong><\/strong><\/h3>\n\n\n\n<p>Un punto central de la exposici\u00f3n fue el respaldo institucional que ha recibido este modelo. La&nbsp;<strong>Direcci\u00f3n del Trabajo (DT)<\/strong>&nbsp;ha calificado este acuerdo como una referencia de negociaci\u00f3n ramal, determinando incluso que su&nbsp;<strong>incumplimiento constituye una pr\u00e1ctica antisindical<\/strong>.<\/p>\n\n\n\n<p>Este reconocimiento por parte del m\u00e1ximo organismo fiscalizador del Estado valida una lucha de casi dos d\u00e9cadas. Para la CTC, el Acuerdo Marco no solo ha mejorado las condiciones laborales, econ\u00f3micas y sociales de miles de mineros y mineras, sino que hoy sirve de hoja de ruta para la discusi\u00f3n legislativa que busca extender estos derechos a otros sectores de la econom\u00eda nacional.<\/p>\n\n\n\n<figure class=\"wp-block-gallery has-nested-images columns-default is-cropped wp-block-gallery-1 is-layout-flex wp-block-gallery-is-layout-flex\">\n<figure class=\"wp-block-image size-large\"><img loading=\"lazy\" decoding=\"async\" width=\"1024\" height=\"683\" data-id=\"6651\" src=\"https:\/\/www.confederaciondelcobre.cl\/wp-content\/uploads\/2026\/03\/DSC_0429-1024x683.jpg\" alt=\"\" class=\"wp-image-6651\" srcset=\"https:\/\/www.confederaciondelcobre.cl\/wp-content\/uploads\/2026\/03\/DSC_0429-1024x683.jpg 1024w, https:\/\/www.confederaciondelcobre.cl\/wp-content\/uploads\/2026\/03\/DSC_0429-300x200.jpg 300w, https:\/\/www.confederaciondelcobre.cl\/wp-content\/uploads\/2026\/03\/DSC_0429-768x512.jpg 768w, https:\/\/www.confederaciondelcobre.cl\/wp-content\/uploads\/2026\/03\/DSC_0429-1536x1024.jpg 1536w, https:\/\/www.confederaciondelcobre.cl\/wp-content\/uploads\/2026\/03\/DSC_0429.jpg 2048w\" sizes=\"auto, (max-width: 1024px) 100vw, 1024px\" \/><\/figure>\n\n\n\n<figure class=\"wp-block-image size-large\"><img loading=\"lazy\" decoding=\"async\" width=\"1024\" height=\"683\" data-id=\"6654\" src=\"https:\/\/www.confederaciondelcobre.cl\/wp-content\/uploads\/2026\/03\/DSC_0432-1024x683.jpg\" alt=\"\" class=\"wp-image-6654\" srcset=\"https:\/\/www.confederaciondelcobre.cl\/wp-content\/uploads\/2026\/03\/DSC_0432-1024x683.jpg 1024w, https:\/\/www.confederaciondelcobre.cl\/wp-content\/uploads\/2026\/03\/DSC_0432-300x200.jpg 300w, https:\/\/www.confederaciondelcobre.cl\/wp-content\/uploads\/2026\/03\/DSC_0432-768x512.jpg 768w, https:\/\/www.confederaciondelcobre.cl\/wp-content\/uploads\/2026\/03\/DSC_0432-1536x1024.jpg 1536w, https:\/\/www.confederaciondelcobre.cl\/wp-content\/uploads\/2026\/03\/DSC_0432.jpg 2048w\" sizes=\"auto, (max-width: 1024px) 100vw, 1024px\" \/><\/figure>\n\n\n\n<figure class=\"wp-block-image size-large\"><img loading=\"lazy\" decoding=\"async\" width=\"683\" height=\"1024\" data-id=\"6652\" src=\"https:\/\/www.confederaciondelcobre.cl\/wp-content\/uploads\/2026\/03\/DSC_0435-683x1024.jpg\" alt=\"\" class=\"wp-image-6652\" srcset=\"https:\/\/www.confederaciondelcobre.cl\/wp-content\/uploads\/2026\/03\/DSC_0435-683x1024.jpg 683w, https:\/\/www.confederaciondelcobre.cl\/wp-content\/uploads\/2026\/03\/DSC_0435-200x300.jpg 200w, https:\/\/www.confederaciondelcobre.cl\/wp-content\/uploads\/2026\/03\/DSC_0435-768x1152.jpg 768w, https:\/\/www.confederaciondelcobre.cl\/wp-content\/uploads\/2026\/03\/DSC_0435-1024x1536.jpg 1024w, https:\/\/www.confederaciondelcobre.cl\/wp-content\/uploads\/2026\/03\/DSC_0435.jpg 1365w\" sizes=\"auto, (max-width: 683px) 100vw, 683px\" \/><\/figure>\n\n\n\n<figure class=\"wp-block-image size-large\"><img loading=\"lazy\" decoding=\"async\" width=\"1024\" height=\"683\" data-id=\"6653\" src=\"https:\/\/www.confederaciondelcobre.cl\/wp-content\/uploads\/2026\/03\/DSC_0439-1024x683.jpg\" alt=\"\" class=\"wp-image-6653\" srcset=\"https:\/\/www.confederaciondelcobre.cl\/wp-content\/uploads\/2026\/03\/DSC_0439-1024x683.jpg 1024w, https:\/\/www.confederaciondelcobre.cl\/wp-content\/uploads\/2026\/03\/DSC_0439-300x200.jpg 300w, https:\/\/www.confederaciondelcobre.cl\/wp-content\/uploads\/2026\/03\/DSC_0439-768x512.jpg 768w, https:\/\/www.confederaciondelcobre.cl\/wp-content\/uploads\/2026\/03\/DSC_0439-1536x1024.jpg 1536w, https:\/\/www.confederaciondelcobre.cl\/wp-content\/uploads\/2026\/03\/DSC_0439.jpg 2048w\" sizes=\"auto, (max-width: 1024px) 100vw, 1024px\" \/><\/figure>\n\n\n\n<figure class=\"wp-block-image size-large\"><img loading=\"lazy\" decoding=\"async\" width=\"1024\" height=\"683\" data-id=\"6655\" src=\"https:\/\/www.confederaciondelcobre.cl\/wp-content\/uploads\/2026\/03\/DSC_0455-1024x683.jpg\" alt=\"\" class=\"wp-image-6655\" srcset=\"https:\/\/www.confederaciondelcobre.cl\/wp-content\/uploads\/2026\/03\/DSC_0455-1024x683.jpg 1024w, https:\/\/www.confederaciondelcobre.cl\/wp-content\/uploads\/2026\/03\/DSC_0455-300x200.jpg 300w, https:\/\/www.confederaciondelcobre.cl\/wp-content\/uploads\/2026\/03\/DSC_0455-768x512.jpg 768w, https:\/\/www.confederaciondelcobre.cl\/wp-content\/uploads\/2026\/03\/DSC_0455-1536x1024.jpg 1536w, https:\/\/www.confederaciondelcobre.cl\/wp-content\/uploads\/2026\/03\/DSC_0455.jpg 2048w\" sizes=\"auto, (max-width: 1024px) 100vw, 1024px\" \/><\/figure>\n\n\n\n<figure class=\"wp-block-image size-large\"><img loading=\"lazy\" decoding=\"async\" width=\"1024\" height=\"683\" data-id=\"6659\" src=\"https:\/\/www.confederaciondelcobre.cl\/wp-content\/uploads\/2026\/03\/DSC_0491-1024x683.jpg\" alt=\"\" class=\"wp-image-6659\" srcset=\"https:\/\/www.confederaciondelcobre.cl\/wp-content\/uploads\/2026\/03\/DSC_0491-1024x683.jpg 1024w, https:\/\/www.confederaciondelcobre.cl\/wp-content\/uploads\/2026\/03\/DSC_0491-300x200.jpg 300w, https:\/\/www.confederaciondelcobre.cl\/wp-content\/uploads\/2026\/03\/DSC_0491-768x512.jpg 768w, https:\/\/www.confederaciondelcobre.cl\/wp-content\/uploads\/2026\/03\/DSC_0491-1536x1024.jpg 1536w, https:\/\/www.confederaciondelcobre.cl\/wp-content\/uploads\/2026\/03\/DSC_0491.jpg 2048w\" sizes=\"auto, (max-width: 1024px) 100vw, 1024px\" \/><\/figure>\n\n\n\n<figure class=\"wp-block-image size-large\"><img loading=\"lazy\" decoding=\"async\" width=\"683\" height=\"1024\" data-id=\"6660\" src=\"https:\/\/www.confederaciondelcobre.cl\/wp-content\/uploads\/2026\/03\/DSC_0504-683x1024.jpg\" alt=\"\" class=\"wp-image-6660\" srcset=\"https:\/\/www.confederaciondelcobre.cl\/wp-content\/uploads\/2026\/03\/DSC_0504-683x1024.jpg 683w, https:\/\/www.confederaciondelcobre.cl\/wp-content\/uploads\/2026\/03\/DSC_0504-200x300.jpg 200w, https:\/\/www.confederaciondelcobre.cl\/wp-content\/uploads\/2026\/03\/DSC_0504-768x1152.jpg 768w, https:\/\/www.confederaciondelcobre.cl\/wp-content\/uploads\/2026\/03\/DSC_0504-1024x1536.jpg 1024w, https:\/\/www.confederaciondelcobre.cl\/wp-content\/uploads\/2026\/03\/DSC_0504.jpg 1365w\" sizes=\"auto, (max-width: 683px) 100vw, 683px\" \/><\/figure>\n\n\n\n<figure class=\"wp-block-image size-large\"><img loading=\"lazy\" decoding=\"async\" width=\"683\" height=\"1024\" data-id=\"6658\" src=\"https:\/\/www.confederaciondelcobre.cl\/wp-content\/uploads\/2026\/03\/DSC_0512-683x1024.jpg\" alt=\"\" class=\"wp-image-6658\" srcset=\"https:\/\/www.confederaciondelcobre.cl\/wp-content\/uploads\/2026\/03\/DSC_0512-683x1024.jpg 683w, https:\/\/www.confederaciondelcobre.cl\/wp-content\/uploads\/2026\/03\/DSC_0512-200x300.jpg 200w, https:\/\/www.confederaciondelcobre.cl\/wp-content\/uploads\/2026\/03\/DSC_0512-768x1152.jpg 768w, https:\/\/www.confederaciondelcobre.cl\/wp-content\/uploads\/2026\/03\/DSC_0512-1024x1536.jpg 1024w, https:\/\/www.confederaciondelcobre.cl\/wp-content\/uploads\/2026\/03\/DSC_0512.jpg 1365w\" sizes=\"auto, (max-width: 683px) 100vw, 683px\" \/><\/figure>\n\n\n\n<figure class=\"wp-block-image size-large\"><img loading=\"lazy\" decoding=\"async\" width=\"683\" height=\"1024\" data-id=\"6663\" src=\"https:\/\/www.confederaciondelcobre.cl\/wp-content\/uploads\/2026\/03\/DSC_0523-683x1024.jpg\" alt=\"\" class=\"wp-image-6663\" srcset=\"https:\/\/www.confederaciondelcobre.cl\/wp-content\/uploads\/2026\/03\/DSC_0523-683x1024.jpg 683w, https:\/\/www.confederaciondelcobre.cl\/wp-content\/uploads\/2026\/03\/DSC_0523-200x300.jpg 200w, https:\/\/www.confederaciondelcobre.cl\/wp-content\/uploads\/2026\/03\/DSC_0523-768x1152.jpg 768w, https:\/\/www.confederaciondelcobre.cl\/wp-content\/uploads\/2026\/03\/DSC_0523-1024x1536.jpg 1024w, https:\/\/www.confederaciondelcobre.cl\/wp-content\/uploads\/2026\/03\/DSC_0523.jpg 1365w\" sizes=\"auto, (max-width: 683px) 100vw, 683px\" \/><\/figure>\n\n\n\n<figure class=\"wp-block-image size-large\"><img loading=\"lazy\" decoding=\"async\" width=\"1024\" height=\"683\" data-id=\"6666\" src=\"https:\/\/www.confederaciondelcobre.cl\/wp-content\/uploads\/2026\/03\/DSC_0543-1024x683.jpg\" alt=\"\" class=\"wp-image-6666\" srcset=\"https:\/\/www.confederaciondelcobre.cl\/wp-content\/uploads\/2026\/03\/DSC_0543-1024x683.jpg 1024w, https:\/\/www.confederaciondelcobre.cl\/wp-content\/uploads\/2026\/03\/DSC_0543-300x200.jpg 300w, https:\/\/www.confederaciondelcobre.cl\/wp-content\/uploads\/2026\/03\/DSC_0543-768x512.jpg 768w, https:\/\/www.confederaciondelcobre.cl\/wp-content\/uploads\/2026\/03\/DSC_0543-1536x1024.jpg 1536w, https:\/\/www.confederaciondelcobre.cl\/wp-content\/uploads\/2026\/03\/DSC_0543.jpg 2048w\" sizes=\"auto, (max-width: 1024px) 100vw, 1024px\" \/><\/figure>\n\n\n\n<figure class=\"wp-block-image size-large\"><img loading=\"lazy\" decoding=\"async\" width=\"1024\" height=\"683\" data-id=\"6668\" src=\"https:\/\/www.confederaciondelcobre.cl\/wp-content\/uploads\/2026\/03\/DSC_0578-1024x683.jpg\" alt=\"\" class=\"wp-image-6668\" srcset=\"https:\/\/www.confederaciondelcobre.cl\/wp-content\/uploads\/2026\/03\/DSC_0578-1024x683.jpg 1024w, https:\/\/www.confederaciondelcobre.cl\/wp-content\/uploads\/2026\/03\/DSC_0578-300x200.jpg 300w, https:\/\/www.confederaciondelcobre.cl\/wp-content\/uploads\/2026\/03\/DSC_0578-768x512.jpg 768w, https:\/\/www.confederaciondelcobre.cl\/wp-content\/uploads\/2026\/03\/DSC_0578-1536x1024.jpg 1536w, https:\/\/www.confederaciondelcobre.cl\/wp-content\/uploads\/2026\/03\/DSC_0578.jpg 2048w\" sizes=\"auto, (max-width: 1024px) 100vw, 1024px\" \/><\/figure>\n\n\n\n<figure class=\"wp-block-image size-large\"><img loading=\"lazy\" decoding=\"async\" width=\"1024\" height=\"683\" data-id=\"6669\" src=\"https:\/\/www.confederaciondelcobre.cl\/wp-content\/uploads\/2026\/03\/DSC_0588-1024x683.jpg\" alt=\"\" class=\"wp-image-6669\" srcset=\"https:\/\/www.confederaciondelcobre.cl\/wp-content\/uploads\/2026\/03\/DSC_0588-1024x683.jpg 1024w, https:\/\/www.confederaciondelcobre.cl\/wp-content\/uploads\/2026\/03\/DSC_0588-300x200.jpg 300w, https:\/\/www.confederaciondelcobre.cl\/wp-content\/uploads\/2026\/03\/DSC_0588-768x512.jpg 768w, https:\/\/www.confederaciondelcobre.cl\/wp-content\/uploads\/2026\/03\/DSC_0588-1536x1024.jpg 1536w, https:\/\/www.confederaciondelcobre.cl\/wp-content\/uploads\/2026\/03\/DSC_0588.jpg 2048w\" sizes=\"auto, (max-width: 1024px) 100vw, 1024px\" \/><\/figure>\n\n\n\n<figure class=\"wp-block-image size-large\"><img loading=\"lazy\" decoding=\"async\" width=\"683\" height=\"1024\" data-id=\"6670\" src=\"https:\/\/www.confederaciondelcobre.cl\/wp-content\/uploads\/2026\/03\/DSC_0589-683x1024.jpg\" alt=\"\" class=\"wp-image-6670\" srcset=\"https:\/\/www.confederaciondelcobre.cl\/wp-content\/uploads\/2026\/03\/DSC_0589-683x1024.jpg 683w, https:\/\/www.confederaciondelcobre.cl\/wp-content\/uploads\/2026\/03\/DSC_0589-200x300.jpg 200w, https:\/\/www.confederaciondelcobre.cl\/wp-content\/uploads\/2026\/03\/DSC_0589-768x1152.jpg 768w, https:\/\/www.confederaciondelcobre.cl\/wp-content\/uploads\/2026\/03\/DSC_0589-1024x1536.jpg 1024w, https:\/\/www.confederaciondelcobre.cl\/wp-content\/uploads\/2026\/03\/DSC_0589.jpg 1365w\" sizes=\"auto, (max-width: 683px) 100vw, 683px\" \/><\/figure>\n\n\n\n<figure class=\"wp-block-image size-large\"><img loading=\"lazy\" decoding=\"async\" width=\"1024\" height=\"683\" data-id=\"6671\" src=\"https:\/\/www.confederaciondelcobre.cl\/wp-content\/uploads\/2026\/03\/DSC_0595-1024x683.jpg\" alt=\"\" class=\"wp-image-6671\" srcset=\"https:\/\/www.confederaciondelcobre.cl\/wp-content\/uploads\/2026\/03\/DSC_0595-1024x683.jpg 1024w, https:\/\/www.confederaciondelcobre.cl\/wp-content\/uploads\/2026\/03\/DSC_0595-300x200.jpg 300w, https:\/\/www.confederaciondelcobre.cl\/wp-content\/uploads\/2026\/03\/DSC_0595-768x512.jpg 768w, https:\/\/www.confederaciondelcobre.cl\/wp-content\/uploads\/2026\/03\/DSC_0595-1536x1024.jpg 1536w, https:\/\/www.confederaciondelcobre.cl\/wp-content\/uploads\/2026\/03\/DSC_0595.jpg 2048w\" sizes=\"auto, (max-width: 1024px) 100vw, 1024px\" \/><\/figure>\n\n\n\n<figure class=\"wp-block-image size-large\"><img loading=\"lazy\" decoding=\"async\" width=\"1024\" height=\"683\" data-id=\"6672\" src=\"https:\/\/www.confederaciondelcobre.cl\/wp-content\/uploads\/2026\/03\/DSC_0598-1024x683.jpg\" alt=\"\" class=\"wp-image-6672\" srcset=\"https:\/\/www.confederaciondelcobre.cl\/wp-content\/uploads\/2026\/03\/DSC_0598-1024x683.jpg 1024w, https:\/\/www.confederaciondelcobre.cl\/wp-content\/uploads\/2026\/03\/DSC_0598-300x200.jpg 300w, https:\/\/www.confederaciondelcobre.cl\/wp-content\/uploads\/2026\/03\/DSC_0598-768x512.jpg 768w, https:\/\/www.confederaciondelcobre.cl\/wp-content\/uploads\/2026\/03\/DSC_0598-1536x1024.jpg 1536w, https:\/\/www.confederaciondelcobre.cl\/wp-content\/uploads\/2026\/03\/DSC_0598.jpg 2048w\" sizes=\"auto, (max-width: 1024px) 100vw, 1024px\" \/><\/figure>\n\n\n\n<figure class=\"wp-block-image size-large\"><img loading=\"lazy\" decoding=\"async\" width=\"1024\" height=\"683\" data-id=\"6673\" src=\"https:\/\/www.confederaciondelcobre.cl\/wp-content\/uploads\/2026\/03\/DSC_0600-1024x683.jpg\" alt=\"\" class=\"wp-image-6673\" srcset=\"https:\/\/www.confederaciondelcobre.cl\/wp-content\/uploads\/2026\/03\/DSC_0600-1024x683.jpg 1024w, https:\/\/www.confederaciondelcobre.cl\/wp-content\/uploads\/2026\/03\/DSC_0600-300x200.jpg 300w, https:\/\/www.confederaciondelcobre.cl\/wp-content\/uploads\/2026\/03\/DSC_0600-768x512.jpg 768w, https:\/\/www.confederaciondelcobre.cl\/wp-content\/uploads\/2026\/03\/DSC_0600-1536x1024.jpg 1536w, https:\/\/www.confederaciondelcobre.cl\/wp-content\/uploads\/2026\/03\/DSC_0600.jpg 2048w\" sizes=\"auto, (max-width: 1024px) 100vw, 1024px\" \/><\/figure>\n<\/figure>\n","protected":false},"excerpt":{"rendered":"<p>En el marco del taller \u201cCasos Pr\u00e1cticos de Negociaci\u00f3n Colectiva\u201d, la presidenta de la Confederaci\u00f3n de Trabajadores del Cobre (CTC) expuso la experiencia de los trabajadores contratistas como un modelo &hellip; <\/p>\n","protected":false},"author":2,"featured_media":6649,"comment_status":"closed","ping_status":"closed","sticky":false,"template":"","format":"standard","meta":{"jetpack_post_was_ever_published":false,"_jetpack_newsletter_access":"","_jetpack_dont_email_post_to_subs":false,"_jetpack_newsletter_tier_id":0,"_jetpack_memberships_contains_paywalled_content":false,"_jetpack_memberships_contains_paid_content":false,"footnotes":"","jetpack_publicize_message":"","jetpack_publicize_feature_enabled":true,"jetpack_social_post_already_shared":true,"jetpack_social_options":{"image_generator_settings":{"template":"highway","default_image_id":0,"enabled":false},"version":2}},"categories":[5],"tags":[],"class_list":["post-6648","post","type-post","status-publish","format-standard","has-post-thumbnail","hentry","category-acuerdo-marco"],"jetpack_publicize_connections":[],"jetpack_featured_media_url":"https:\/\/www.confederaciondelcobre.cl\/wp-content\/uploads\/2026\/03\/Plantillas-CTC-Portada-de-Facebook-22.png","jetpack_sharing_enabled":true,"post_mailing_queue_ids":[],"_links":{"self":[{"href":"https:\/\/www.confederaciondelcobre.cl\/index.php\/wp-json\/wp\/v2\/posts\/6648","targetHints":{"allow":["GET"]}}],"collection":[{"href":"https:\/\/www.confederaciondelcobre.cl\/index.php\/wp-json\/wp\/v2\/posts"}],"about":[{"href":"https:\/\/www.confederaciondelcobre.cl\/index.php\/wp-json\/wp\/v2\/types\/post"}],"author":[{"embeddable":true,"href":"https:\/\/www.confederaciondelcobre.cl\/index.php\/wp-json\/wp\/v2\/users\/2"}],"replies":[{"embeddable":true,"href":"https:\/\/www.confederaciondelcobre.cl\/index.php\/wp-json\/wp\/v2\/comments?post=6648"}],"version-history":[{"count":1,"href":"https:\/\/www.confederaciondelcobre.cl\/index.php\/wp-json\/wp\/v2\/posts\/6648\/revisions"}],"predecessor-version":[{"id":6674,"href":"https:\/\/www.confederaciondelcobre.cl\/index.php\/wp-json\/wp\/v2\/posts\/6648\/revisions\/6674"}],"wp:featuredmedia":[{"embeddable":true,"href":"https:\/\/www.confederaciondelcobre.cl\/index.php\/wp-json\/wp\/v2\/media\/6649"}],"wp:attachment":[{"href":"https:\/\/www.confederaciondelcobre.cl\/index.php\/wp-json\/wp\/v2\/media?parent=6648"}],"wp:term":[{"taxonomy":"category","embeddable":true,"href":"https:\/\/www.confederaciondelcobre.cl\/index.php\/wp-json\/wp\/v2\/categories?post=6648"},{"taxonomy":"post_tag","embeddable":true,"href":"https:\/\/www.confederaciondelcobre.cl\/index.php\/wp-json\/wp\/v2\/tags?post=6648"}],"curies":[{"name":"wp","href":"https:\/\/api.w.org\/{rel}","templated":true}]}}