{"id":6676,"date":"2026-03-08T09:25:26","date_gmt":"2026-03-08T13:25:26","guid":{"rendered":"https:\/\/www.confederaciondelcobre.cl\/?p=6676"},"modified":"2026-03-08T09:49:30","modified_gmt":"2026-03-08T13:49:30","slug":"el-despertar-del-feminismo-sindical-las-mujeres-que-transforman-la-mineria-y-el-cobre","status":"publish","type":"post","link":"https:\/\/www.confederaciondelcobre.cl\/index.php\/2026\/03\/08\/el-despertar-del-feminismo-sindical-las-mujeres-que-transforman-la-mineria-y-el-cobre\/","title":{"rendered":"El Despertar del Feminismo Sindical: Las Mujeres que Transforman la Miner\u00eda y el Cobre"},"content":{"rendered":"\n<p><strong>Desde las ra\u00edces de la Revoluci\u00f3n Industrial hasta las profundas faenas del norte chileno, el sindicalismo femenino ha pasado de ser una lucha por la supervivencia a una &#8220;avalancha poderosa&#8221; que exige equidad, dignidad y un cambio estructural en el modelo laboral.<\/strong><strong><\/strong><\/p>\n\n\n\n<p><strong>Cada 8 de marzo, el mundo recuerda el sacrificio de las obreras textiles que dieron su vida por la dignidad laboral. En Chile, esta fecha ha cobrado un nuevo vigor, transform\u00e1ndose en una movilizaci\u00f3n social sin precedentes. Para las mujeres de la&nbsp;Confederaci\u00f3n de Trabajadores del Cobre (CTC), el 8M no es una celebraci\u00f3n, sino la reafirmaci\u00f3n de que su presencia en las faenas es un acto de soberan\u00eda y justicia hist\u00f3rica, rompiendo los sesgos de una industria que, por d\u00e9cadas, les cerr\u00f3 las puertas.<\/strong><strong><\/strong><\/p>\n\n\n\n<h3 class=\"wp-block-heading\"><strong><u><strong>Un legado de resistencia<\/strong><\/u><\/strong><strong><u><strong><\/strong><\/u><\/strong><\/h3>\n\n\n\n<p>El sindicalismo femenino no es un fen\u00f3meno reciente. Sus ra\u00edces se hunden en el siglo XIX, cuando las mujeres comenzaron a organizarse contra salarios de miseria y jornadas extenuantes. En Chile, este camino fue pavimentado por pioneras como la costurera&nbsp;<strong>Micaela C\u00e1ceres<\/strong>, quien en 1887 fund\u00f3 el primer sindicato de mujeres, o figuras continentales como&nbsp;<strong>Betsab\u00e9 Espinal<\/strong>&nbsp;en la Colombia de 1920.<\/p>\n\n\n\n<p>Hoy, esa herencia se traduce en lo que se denomina&nbsp;<strong>&#8220;feminismo sindical&#8221;<\/strong>. Ya no se trata solo de mejoras salariales, sino de una conciencia cr\u00edtica que busca representaci\u00f3n real en cargos directivos, la conciliaci\u00f3n efectiva entre la vida laboral y familiar, y el fin definitivo de la violencia de g\u00e9nero en el trabajo.<\/p>\n\n\n\n<h3 class=\"wp-block-heading\"><strong>La irrupci\u00f3n en la miner\u00eda chilena<\/strong><strong><\/strong><\/h3>\n\n\n\n<p>En la miner\u00eda chilena, el contexto del 8M es especialmente simb\u00f3lico. Hist\u00f3ricamente, exist\u00edan supersticiones,&nbsp;como que &#8220;la mujer en la mina tra\u00eda mala suerte&#8221; y restricciones legales que prohib\u00edan su ingreso a faenas subterr\u00e1neas.&nbsp;<strong>Hoy, el 8M en la CTC representa la ca\u00edda de esos mitos y la conquista de un espacio que por siglos fue negado.<\/strong><\/p>\n\n\n\n<p>En la \u00faltima d\u00e9cada, Chile se ha convertido en un referente global del feminismo. Desde el&nbsp;<strong>&#8220;Mayo Feminista&#8221; de 2018<\/strong>, las marchas en la Alameda han convocado a millones de personas.&nbsp;El movimiento ha pasado de ser una marcha de &#8220;protesta&#8221; a una propuesta de &#8220;Huelga General&#8221;, donde se visibiliza que si las mujeres paran, se detiene la producci\u00f3n y la vida.<\/p>\n\n\n\n<p>As\u00ed mismo, en Chile, esta lucha ha cobrado una fuerza inusitada en el sector minero, hist\u00f3ricamente masculinizado. La\u00a0<strong>Confederaci\u00f3n de Trabajadores del Cobre (CTC)<\/strong>\u00a0ha sido testigo y protagonista de esta transformaci\u00f3n. Ser dirigenta sindical en un entorno de hombres es un acto de valent\u00eda que busca desterrar d\u00e9cadas de menoscabo machista. Tales son los ejemplos de Ana Lamas Aguirre, la presidenta de la CTC, que ha dirigido por m\u00e1s de una d\u00e9cada desde El Salvador; tambi\u00e9n Stephanie Gonzalez, la Secretaria Nacional de la CTC, dirigente de Cha\u00f1aral; y de Corina Alfaro, directora nacional de la CTC y encargada de g\u00e9nero, quienes junto a cientos de compa\u00f1eras han llevado en alto la lucha sindical de las mujeres en la CTC y la miner\u00eda, lidiando con la discriminaci\u00f3n y tambi\u00e9n con sus vidas familiares.<\/p>\n\n\n\n<p><strong>Las cifras respaldan este avance:<\/strong><\/p>\n\n\n\n<p><strong>Participaci\u00f3n hist\u00f3rica:<\/strong>&nbsp;En 2024, la presencia femenina en la gran miner\u00eda alcanz\u00f3 un&nbsp;<strong>21,8%<\/strong>, posicionando a Chile como l\u00edder mundial en este indicador.<\/p>\n\n\n\n<p><strong>Metas ambiciosas:<\/strong>&nbsp;Se proyecta superar esta cifra para 2030, con especial \u00e9nfasis en roles t\u00e9cnicos y operativos.<\/p>\n\n\n\n<p><strong>Marco Normativo:<\/strong>&nbsp;La implementaci\u00f3n de la norma&nbsp;<strong>NCh3262<\/strong>&nbsp;(Igualdad de G\u00e9nero y Conciliaci\u00f3n) ha sido clave para que las mujeres hoy ocupen el&nbsp;<strong>12%<\/strong>&nbsp;de los cargos de alta direcci\u00f3n.<\/p>\n\n\n\n<h3 class=\"wp-block-heading\"><strong><u><strong>Liderazgo y Agenda Sindical<\/strong><\/u><\/strong><strong><u><strong><\/strong><\/u><\/strong><\/h3>\n\n\n\n<p>La&nbsp;<strong>Mesa Nacional Mujer y Miner\u00eda<\/strong>&nbsp;se ha consolidado como un espacio estrat\u00e9gico donde la presidenta de la CTC,&nbsp;<strong>Ana Lamas Aguirre<\/strong>, junto a otras l\u00edderes, impulsa una agenda robusta. Entre sus prioridades destacan la creaci\u00f3n de &#8220;Salas Alma&#8221;, la seguridad laboral con perspectiva de g\u00e9nero y la erradicaci\u00f3n de sesgos que dificultan el ascenso de las trabajadoras.<\/p>\n\n\n\n<p>Sin embargo, los desaf\u00edos persisten. Las dirigentas enfrentan a menudo una &#8220;invisibilizaci\u00f3n interna&#8221; y la pesada carga de las labores de cuidado, lo que las obliga a ejercer una agencia individual heroica para superar las barreras colectivas de las estructuras sindicales tradicionales.<\/p>\n\n\n\n<h3 class=\"wp-block-heading\"><strong>Una fuerza sin fronteras: La Red Latinoamericana y Espa\u00f1ola<\/strong><strong><\/strong><\/h3>\n\n\n\n<p>La lucha de la CTC trasciende la cordillera. A trav\u00e9s de una alianza estrat\u00e9gica con&nbsp;<strong>CCOO Mujeres (Espa\u00f1a)<\/strong>&nbsp;y otras organizaciones, se ha levantado la&nbsp;<strong>Red de Mujeres Sindicalistas Latinoamericanas<\/strong>. Esta red internacionalista pone el foco en el&nbsp;<strong>Convenio 190 de la OIT<\/strong>, buscando entornos laborales libres de acoso sexual y comportamientos machistas.<\/p>\n\n\n\n<p>En el marco del pasado 25 de noviembre y el reciente 8 de marzo, la Red reafirm\u00f3 que el feminismo sindical es el motor que sostiene la vida. Como bien se\u00f1ala la consigna de la organizaci\u00f3n:&nbsp;<em>&#8220;Somos las que producimos, las que cuidamos, las que transformamos&#8221;<\/em>.<\/p>\n\n\n\n<p>Vamos todas por nuestros Derechos!<\/p>\n\n\n\n<figure class=\"wp-block-image size-large\"><img loading=\"lazy\" decoding=\"async\" width=\"1024\" height=\"577\" src=\"https:\/\/www.confederaciondelcobre.cl\/wp-content\/uploads\/2026\/03\/8m2026-ctc-Portada-de-Facebook-3-1024x577.png\" alt=\"\" class=\"wp-image-6678\" srcset=\"https:\/\/www.confederaciondelcobre.cl\/wp-content\/uploads\/2026\/03\/8m2026-ctc-Portada-de-Facebook-3-1024x577.png 1024w, https:\/\/www.confederaciondelcobre.cl\/wp-content\/uploads\/2026\/03\/8m2026-ctc-Portada-de-Facebook-3-300x169.png 300w, https:\/\/www.confederaciondelcobre.cl\/wp-content\/uploads\/2026\/03\/8m2026-ctc-Portada-de-Facebook-3-768x433.png 768w, https:\/\/www.confederaciondelcobre.cl\/wp-content\/uploads\/2026\/03\/8m2026-ctc-Portada-de-Facebook-3-1536x865.png 1536w, https:\/\/www.confederaciondelcobre.cl\/wp-content\/uploads\/2026\/03\/8m2026-ctc-Portada-de-Facebook-3.png 1640w\" sizes=\"auto, (max-width: 1024px) 100vw, 1024px\" \/><\/figure>\n","protected":false},"excerpt":{"rendered":"<p>Desde las ra\u00edces de la Revoluci\u00f3n Industrial hasta las profundas faenas del norte chileno, el sindicalismo femenino ha pasado de ser una lucha por la supervivencia a una &#8220;avalancha poderosa&#8221; &hellip; <\/p>\n","protected":false},"author":2,"featured_media":6677,"comment_status":"closed","ping_status":"closed","sticky":false,"template":"","format":"standard","meta":{"jetpack_post_was_ever_published":false,"_jetpack_newsletter_access":"","_jetpack_dont_email_post_to_subs":false,"_jetpack_newsletter_tier_id":0,"_jetpack_memberships_contains_paywalled_content":false,"_jetpack_memberships_contains_paid_content":false,"footnotes":"","jetpack_publicize_message":"","jetpack_publicize_feature_enabled":true,"jetpack_social_post_already_shared":true,"jetpack_social_options":{"image_generator_settings":{"template":"highway","default_image_id":0,"enabled":false},"version":2}},"categories":[9],"tags":[],"class_list":["post-6676","post","type-post","status-publish","format-standard","has-post-thumbnail","hentry","category-confederacion"],"jetpack_publicize_connections":[],"jetpack_featured_media_url":"https:\/\/www.confederaciondelcobre.cl\/wp-content\/uploads\/2026\/03\/8m2026-ctc-Portada-de-Facebook-2.png","jetpack_sharing_enabled":true,"post_mailing_queue_ids":[],"_links":{"self":[{"href":"https:\/\/www.confederaciondelcobre.cl\/index.php\/wp-json\/wp\/v2\/posts\/6676","targetHints":{"allow":["GET"]}}],"collection":[{"href":"https:\/\/www.confederaciondelcobre.cl\/index.php\/wp-json\/wp\/v2\/posts"}],"about":[{"href":"https:\/\/www.confederaciondelcobre.cl\/index.php\/wp-json\/wp\/v2\/types\/post"}],"author":[{"embeddable":true,"href":"https:\/\/www.confederaciondelcobre.cl\/index.php\/wp-json\/wp\/v2\/users\/2"}],"replies":[{"embeddable":true,"href":"https:\/\/www.confederaciondelcobre.cl\/index.php\/wp-json\/wp\/v2\/comments?post=6676"}],"version-history":[{"count":2,"href":"https:\/\/www.confederaciondelcobre.cl\/index.php\/wp-json\/wp\/v2\/posts\/6676\/revisions"}],"predecessor-version":[{"id":6681,"href":"https:\/\/www.confederaciondelcobre.cl\/index.php\/wp-json\/wp\/v2\/posts\/6676\/revisions\/6681"}],"wp:featuredmedia":[{"embeddable":true,"href":"https:\/\/www.confederaciondelcobre.cl\/index.php\/wp-json\/wp\/v2\/media\/6677"}],"wp:attachment":[{"href":"https:\/\/www.confederaciondelcobre.cl\/index.php\/wp-json\/wp\/v2\/media?parent=6676"}],"wp:term":[{"taxonomy":"category","embeddable":true,"href":"https:\/\/www.confederaciondelcobre.cl\/index.php\/wp-json\/wp\/v2\/categories?post=6676"},{"taxonomy":"post_tag","embeddable":true,"href":"https:\/\/www.confederaciondelcobre.cl\/index.php\/wp-json\/wp\/v2\/tags?post=6676"}],"curies":[{"name":"wp","href":"https:\/\/api.w.org\/{rel}","templated":true}]}}