{"id":6686,"date":"2026-03-10T09:40:00","date_gmt":"2026-03-10T13:40:00","guid":{"rendered":"https:\/\/www.confederaciondelcobre.cl\/?p=6686"},"modified":"2026-03-10T14:39:30","modified_gmt":"2026-03-10T18:39:30","slug":"en-todos-los-territorios-trabajadores-y-trabajadoras-de-la-ctc-inician-movilizacion-por-estancamiento-en-acuerdo-marco","status":"publish","type":"post","link":"https:\/\/www.confederaciondelcobre.cl\/index.php\/2026\/03\/10\/en-todos-los-territorios-trabajadores-y-trabajadoras-de-la-ctc-inician-movilizacion-por-estancamiento-en-acuerdo-marco\/","title":{"rendered":"En todos los territorios: Trabajadores y Trabajadoras de la CTC inician movilizaci\u00f3n por estancamiento en Acuerdo Marco"},"content":{"rendered":"\n<p>SANTIAGO \u2013 Durante la madrugada de este martes, la Confederaci\u00f3n de Trabajadores del Cobre (CTC) dio inicio a una movilizaci\u00f3n de car\u00e1cter nacional en diversos territorios y faenas mineras. La medida responde a lo que la organizaci\u00f3n califica como una falta de voluntad por parte de la gremial AGEMA para alcanzar acuerdos significativos.<\/p>\n\n\n\n<p><strong>El origen del conflicto<\/strong><\/p>\n\n\n\n<p>Tras varias instancias de di\u00e1logo que los dirigentes han tildado de &#8220;infructuosas&#8221;, la paciencia de las bases lleg\u00f3 a su l\u00edmite. El punto central del conflicto es la revisi\u00f3n y actualizaci\u00f3n del Acuerdo Marco, instrumento que regula las condiciones laborales y beneficios de los trabajadores contratistas y subcontratistas del sector.<\/p>\n\n\n\n<p>&#8220;Ante los nulos avances en las mesas de negociaci\u00f3n por parte de AGEMA, las y los trabajadores han decidido activar la movilizaci\u00f3n en sus respectivos puestos de trabajo&#8221;, se\u00f1alaron fuentes vinculadas a la movilizaci\u00f3n.<\/p>\n\n\n\n<p><strong>Puntos clave de la jornada<\/strong><\/p>\n\n\n\n<p>Inicio de las acciones: Las manifestaciones comenzaron en el primer turno de esta madrugada, afectando el ingreso a diversas faenas.<\/p>\n\n\n\n<p>Territorios involucrados: La movilizaci\u00f3n se reporta activa en todos los territorios donde la CTC tiene presencia, desde la zona norte hasta el centro del pa\u00eds, El Salvador, Calama, Andina y El Teniente.<\/p>\n\n\n\n<p>Demanda principal: Exigencia inmediata de avances concretos en la revisi\u00f3n del Acuerdo Marco, el cual consideran desactualizado frente a las condiciones econ\u00f3micas actuales.<\/p>\n\n\n\n<p><strong>Situaci\u00f3n actual<\/strong><\/p>\n\n\n\n<p>Hasta el momento, se reportan paros y asambleas informativas en los accesos a los principales yacimientos. La CTC ha manifestado que la continuidad de estas medidas depender\u00e1 exclusivamente de la disposici\u00f3n de la contraparte para retomar el di\u00e1logo con propuestas serias y tangibles.<\/p>\n\n\n\n<figure class=\"wp-block-gallery has-nested-images columns-default is-cropped wp-block-gallery-1 is-layout-flex wp-block-gallery-is-layout-flex\">\n<figure class=\"wp-block-image size-large\"><img loading=\"lazy\" decoding=\"async\" width=\"1024\" height=\"545\" data-id=\"6689\" src=\"https:\/\/www.confederaciondelcobre.cl\/wp-content\/uploads\/2026\/03\/WhatsApp-Image-2026-03-10-at-06.19.30-1024x545.jpg\" alt=\"\" class=\"wp-image-6689\" srcset=\"https:\/\/www.confederaciondelcobre.cl\/wp-content\/uploads\/2026\/03\/WhatsApp-Image-2026-03-10-at-06.19.30-1024x545.jpg 1024w, https:\/\/www.confederaciondelcobre.cl\/wp-content\/uploads\/2026\/03\/WhatsApp-Image-2026-03-10-at-06.19.30-300x160.jpg 300w, https:\/\/www.confederaciondelcobre.cl\/wp-content\/uploads\/2026\/03\/WhatsApp-Image-2026-03-10-at-06.19.30-768x408.jpg 768w, https:\/\/www.confederaciondelcobre.cl\/wp-content\/uploads\/2026\/03\/WhatsApp-Image-2026-03-10-at-06.19.30-1536x817.jpg 1536w, https:\/\/www.confederaciondelcobre.cl\/wp-content\/uploads\/2026\/03\/WhatsApp-Image-2026-03-10-at-06.19.30.jpg 2048w\" sizes=\"auto, (max-width: 1024px) 100vw, 1024px\" \/><\/figure>\n\n\n\n<figure class=\"wp-block-image size-large\"><img loading=\"lazy\" decoding=\"async\" width=\"1024\" height=\"576\" data-id=\"6690\" src=\"https:\/\/www.confederaciondelcobre.cl\/wp-content\/uploads\/2026\/03\/WhatsApp-Image-2026-03-10-at-06.21.59-1024x576.jpg\" alt=\"\" class=\"wp-image-6690\" srcset=\"https:\/\/www.confederaciondelcobre.cl\/wp-content\/uploads\/2026\/03\/WhatsApp-Image-2026-03-10-at-06.21.59-1024x576.jpg 1024w, https:\/\/www.confederaciondelcobre.cl\/wp-content\/uploads\/2026\/03\/WhatsApp-Image-2026-03-10-at-06.21.59-300x169.jpg 300w, https:\/\/www.confederaciondelcobre.cl\/wp-content\/uploads\/2026\/03\/WhatsApp-Image-2026-03-10-at-06.21.59-768x432.jpg 768w, https:\/\/www.confederaciondelcobre.cl\/wp-content\/uploads\/2026\/03\/WhatsApp-Image-2026-03-10-at-06.21.59-1536x863.jpg 1536w, https:\/\/www.confederaciondelcobre.cl\/wp-content\/uploads\/2026\/03\/WhatsApp-Image-2026-03-10-at-06.21.59.jpg 2048w\" sizes=\"auto, (max-width: 1024px) 100vw, 1024px\" \/><\/figure>\n\n\n\n<figure class=\"wp-block-image size-large\"><img loading=\"lazy\" decoding=\"async\" width=\"1024\" height=\"642\" data-id=\"6691\" src=\"https:\/\/www.confederaciondelcobre.cl\/wp-content\/uploads\/2026\/03\/WhatsApp-Image-2026-03-10-at-06.22.52-1024x642.jpg\" alt=\"\" class=\"wp-image-6691\" srcset=\"https:\/\/www.confederaciondelcobre.cl\/wp-content\/uploads\/2026\/03\/WhatsApp-Image-2026-03-10-at-06.22.52-1024x642.jpg 1024w, https:\/\/www.confederaciondelcobre.cl\/wp-content\/uploads\/2026\/03\/WhatsApp-Image-2026-03-10-at-06.22.52-300x188.jpg 300w, https:\/\/www.confederaciondelcobre.cl\/wp-content\/uploads\/2026\/03\/WhatsApp-Image-2026-03-10-at-06.22.52-768x481.jpg 768w, https:\/\/www.confederaciondelcobre.cl\/wp-content\/uploads\/2026\/03\/WhatsApp-Image-2026-03-10-at-06.22.52-1536x962.jpg 1536w, https:\/\/www.confederaciondelcobre.cl\/wp-content\/uploads\/2026\/03\/WhatsApp-Image-2026-03-10-at-06.22.52.jpg 2048w\" sizes=\"auto, (max-width: 1024px) 100vw, 1024px\" \/><\/figure>\n\n\n\n<figure class=\"wp-block-image size-large\"><img loading=\"lazy\" decoding=\"async\" width=\"1024\" height=\"576\" data-id=\"6692\" src=\"https:\/\/www.confederaciondelcobre.cl\/wp-content\/uploads\/2026\/03\/WhatsApp-Image-2026-03-10-at-06.25.30-1024x576.jpg\" alt=\"\" class=\"wp-image-6692\" srcset=\"https:\/\/www.confederaciondelcobre.cl\/wp-content\/uploads\/2026\/03\/WhatsApp-Image-2026-03-10-at-06.25.30-1024x576.jpg 1024w, https:\/\/www.confederaciondelcobre.cl\/wp-content\/uploads\/2026\/03\/WhatsApp-Image-2026-03-10-at-06.25.30-300x169.jpg 300w, https:\/\/www.confederaciondelcobre.cl\/wp-content\/uploads\/2026\/03\/WhatsApp-Image-2026-03-10-at-06.25.30-768x432.jpg 768w, https:\/\/www.confederaciondelcobre.cl\/wp-content\/uploads\/2026\/03\/WhatsApp-Image-2026-03-10-at-06.25.30-1536x863.jpg 1536w, https:\/\/www.confederaciondelcobre.cl\/wp-content\/uploads\/2026\/03\/WhatsApp-Image-2026-03-10-at-06.25.30.jpg 2048w\" sizes=\"auto, (max-width: 1024px) 100vw, 1024px\" \/><\/figure>\n\n\n\n<figure class=\"wp-block-image size-large\"><img loading=\"lazy\" decoding=\"async\" width=\"1024\" height=\"576\" data-id=\"6693\" src=\"https:\/\/www.confederaciondelcobre.cl\/wp-content\/uploads\/2026\/03\/WhatsApp-Image-2026-03-10-at-06.46.48-2-1024x576.jpg\" alt=\"\" class=\"wp-image-6693\" srcset=\"https:\/\/www.confederaciondelcobre.cl\/wp-content\/uploads\/2026\/03\/WhatsApp-Image-2026-03-10-at-06.46.48-2-1024x576.jpg 1024w, https:\/\/www.confederaciondelcobre.cl\/wp-content\/uploads\/2026\/03\/WhatsApp-Image-2026-03-10-at-06.46.48-2-300x169.jpg 300w, https:\/\/www.confederaciondelcobre.cl\/wp-content\/uploads\/2026\/03\/WhatsApp-Image-2026-03-10-at-06.46.48-2-768x432.jpg 768w, https:\/\/www.confederaciondelcobre.cl\/wp-content\/uploads\/2026\/03\/WhatsApp-Image-2026-03-10-at-06.46.48-2-1536x863.jpg 1536w, https:\/\/www.confederaciondelcobre.cl\/wp-content\/uploads\/2026\/03\/WhatsApp-Image-2026-03-10-at-06.46.48-2.jpg 2048w\" sizes=\"auto, (max-width: 1024px) 100vw, 1024px\" \/><\/figure>\n\n\n\n<figure class=\"wp-block-image size-large\"><img loading=\"lazy\" decoding=\"async\" width=\"1024\" height=\"576\" data-id=\"6694\" src=\"https:\/\/www.confederaciondelcobre.cl\/wp-content\/uploads\/2026\/03\/WhatsApp-Image-2026-03-10-at-06.46.48-3-1024x576.jpg\" alt=\"\" class=\"wp-image-6694\" srcset=\"https:\/\/www.confederaciondelcobre.cl\/wp-content\/uploads\/2026\/03\/WhatsApp-Image-2026-03-10-at-06.46.48-3-1024x576.jpg 1024w, https:\/\/www.confederaciondelcobre.cl\/wp-content\/uploads\/2026\/03\/WhatsApp-Image-2026-03-10-at-06.46.48-3-300x169.jpg 300w, https:\/\/www.confederaciondelcobre.cl\/wp-content\/uploads\/2026\/03\/WhatsApp-Image-2026-03-10-at-06.46.48-3-768x432.jpg 768w, https:\/\/www.confederaciondelcobre.cl\/wp-content\/uploads\/2026\/03\/WhatsApp-Image-2026-03-10-at-06.46.48-3-1536x863.jpg 1536w, https:\/\/www.confederaciondelcobre.cl\/wp-content\/uploads\/2026\/03\/WhatsApp-Image-2026-03-10-at-06.46.48-3.jpg 2048w\" sizes=\"auto, (max-width: 1024px) 100vw, 1024px\" \/><\/figure>\n\n\n\n<figure class=\"wp-block-image size-large\"><img loading=\"lazy\" decoding=\"async\" width=\"1024\" height=\"576\" data-id=\"6695\" src=\"https:\/\/www.confederaciondelcobre.cl\/wp-content\/uploads\/2026\/03\/WhatsApp-Image-2026-03-10-at-06.46.48-4-1024x576.jpg\" alt=\"\" class=\"wp-image-6695\" srcset=\"https:\/\/www.confederaciondelcobre.cl\/wp-content\/uploads\/2026\/03\/WhatsApp-Image-2026-03-10-at-06.46.48-4-1024x576.jpg 1024w, https:\/\/www.confederaciondelcobre.cl\/wp-content\/uploads\/2026\/03\/WhatsApp-Image-2026-03-10-at-06.46.48-4-300x169.jpg 300w, https:\/\/www.confederaciondelcobre.cl\/wp-content\/uploads\/2026\/03\/WhatsApp-Image-2026-03-10-at-06.46.48-4-768x432.jpg 768w, https:\/\/www.confederaciondelcobre.cl\/wp-content\/uploads\/2026\/03\/WhatsApp-Image-2026-03-10-at-06.46.48-4-1536x863.jpg 1536w, https:\/\/www.confederaciondelcobre.cl\/wp-content\/uploads\/2026\/03\/WhatsApp-Image-2026-03-10-at-06.46.48-4.jpg 2048w\" sizes=\"auto, (max-width: 1024px) 100vw, 1024px\" \/><\/figure>\n\n\n\n<figure class=\"wp-block-image size-large\"><img loading=\"lazy\" decoding=\"async\" width=\"1024\" height=\"576\" data-id=\"6696\" src=\"https:\/\/www.confederaciondelcobre.cl\/wp-content\/uploads\/2026\/03\/WhatsApp-Image-2026-03-10-at-06.46.48-1024x576.jpg\" alt=\"\" class=\"wp-image-6696\" srcset=\"https:\/\/www.confederaciondelcobre.cl\/wp-content\/uploads\/2026\/03\/WhatsApp-Image-2026-03-10-at-06.46.48-1024x576.jpg 1024w, https:\/\/www.confederaciondelcobre.cl\/wp-content\/uploads\/2026\/03\/WhatsApp-Image-2026-03-10-at-06.46.48-300x169.jpg 300w, https:\/\/www.confederaciondelcobre.cl\/wp-content\/uploads\/2026\/03\/WhatsApp-Image-2026-03-10-at-06.46.48-768x432.jpg 768w, https:\/\/www.confederaciondelcobre.cl\/wp-content\/uploads\/2026\/03\/WhatsApp-Image-2026-03-10-at-06.46.48-1536x863.jpg 1536w, https:\/\/www.confederaciondelcobre.cl\/wp-content\/uploads\/2026\/03\/WhatsApp-Image-2026-03-10-at-06.46.48.jpg 2048w\" sizes=\"auto, (max-width: 1024px) 100vw, 1024px\" \/><\/figure>\n\n\n\n<figure class=\"wp-block-image size-large\"><img loading=\"lazy\" decoding=\"async\" width=\"1024\" height=\"576\" data-id=\"6697\" src=\"https:\/\/www.confederaciondelcobre.cl\/wp-content\/uploads\/2026\/03\/WhatsApp-Image-2026-03-10-at-06.46.49-2-1024x576.jpg\" alt=\"\" class=\"wp-image-6697\" srcset=\"https:\/\/www.confederaciondelcobre.cl\/wp-content\/uploads\/2026\/03\/WhatsApp-Image-2026-03-10-at-06.46.49-2-1024x576.jpg 1024w, https:\/\/www.confederaciondelcobre.cl\/wp-content\/uploads\/2026\/03\/WhatsApp-Image-2026-03-10-at-06.46.49-2-300x169.jpg 300w, https:\/\/www.confederaciondelcobre.cl\/wp-content\/uploads\/2026\/03\/WhatsApp-Image-2026-03-10-at-06.46.49-2-768x432.jpg 768w, https:\/\/www.confederaciondelcobre.cl\/wp-content\/uploads\/2026\/03\/WhatsApp-Image-2026-03-10-at-06.46.49-2-1536x863.jpg 1536w, https:\/\/www.confederaciondelcobre.cl\/wp-content\/uploads\/2026\/03\/WhatsApp-Image-2026-03-10-at-06.46.49-2.jpg 2048w\" sizes=\"auto, (max-width: 1024px) 100vw, 1024px\" \/><\/figure>\n\n\n\n<figure class=\"wp-block-image size-large\"><img loading=\"lazy\" decoding=\"async\" width=\"1024\" height=\"576\" data-id=\"6698\" src=\"https:\/\/www.confederaciondelcobre.cl\/wp-content\/uploads\/2026\/03\/WhatsApp-Image-2026-03-10-at-06.46.49-1024x576.jpg\" alt=\"\" class=\"wp-image-6698\" srcset=\"https:\/\/www.confederaciondelcobre.cl\/wp-content\/uploads\/2026\/03\/WhatsApp-Image-2026-03-10-at-06.46.49-1024x576.jpg 1024w, https:\/\/www.confederaciondelcobre.cl\/wp-content\/uploads\/2026\/03\/WhatsApp-Image-2026-03-10-at-06.46.49-300x169.jpg 300w, https:\/\/www.confederaciondelcobre.cl\/wp-content\/uploads\/2026\/03\/WhatsApp-Image-2026-03-10-at-06.46.49-768x432.jpg 768w, https:\/\/www.confederaciondelcobre.cl\/wp-content\/uploads\/2026\/03\/WhatsApp-Image-2026-03-10-at-06.46.49-1536x863.jpg 1536w, https:\/\/www.confederaciondelcobre.cl\/wp-content\/uploads\/2026\/03\/WhatsApp-Image-2026-03-10-at-06.46.49.jpg 2048w\" sizes=\"auto, (max-width: 1024px) 100vw, 1024px\" \/><\/figure>\n\n\n\n<figure class=\"wp-block-image size-large\"><img loading=\"lazy\" decoding=\"async\" width=\"1024\" height=\"576\" data-id=\"6699\" src=\"https:\/\/www.confederaciondelcobre.cl\/wp-content\/uploads\/2026\/03\/WhatsApp-Image-2026-03-10-at-08.42.33-1024x576.jpg\" alt=\"\" class=\"wp-image-6699\" srcset=\"https:\/\/www.confederaciondelcobre.cl\/wp-content\/uploads\/2026\/03\/WhatsApp-Image-2026-03-10-at-08.42.33-1024x576.jpg 1024w, https:\/\/www.confederaciondelcobre.cl\/wp-content\/uploads\/2026\/03\/WhatsApp-Image-2026-03-10-at-08.42.33-300x169.jpg 300w, https:\/\/www.confederaciondelcobre.cl\/wp-content\/uploads\/2026\/03\/WhatsApp-Image-2026-03-10-at-08.42.33-768x432.jpg 768w, https:\/\/www.confederaciondelcobre.cl\/wp-content\/uploads\/2026\/03\/WhatsApp-Image-2026-03-10-at-08.42.33-1536x864.jpg 1536w, https:\/\/www.confederaciondelcobre.cl\/wp-content\/uploads\/2026\/03\/WhatsApp-Image-2026-03-10-at-08.42.33.jpg 2048w\" sizes=\"auto, (max-width: 1024px) 100vw, 1024px\" \/><\/figure>\n\n\n\n<figure class=\"wp-block-image size-large\"><img loading=\"lazy\" decoding=\"async\" width=\"768\" height=\"1024\" data-id=\"6701\" src=\"https:\/\/www.confederaciondelcobre.cl\/wp-content\/uploads\/2026\/03\/WhatsApp-Image-2026-03-10-at-13.37.19-2-768x1024.jpeg\" alt=\"\" class=\"wp-image-6701\" srcset=\"https:\/\/www.confederaciondelcobre.cl\/wp-content\/uploads\/2026\/03\/WhatsApp-Image-2026-03-10-at-13.37.19-2-768x1024.jpeg 768w, https:\/\/www.confederaciondelcobre.cl\/wp-content\/uploads\/2026\/03\/WhatsApp-Image-2026-03-10-at-13.37.19-2-225x300.jpeg 225w, https:\/\/www.confederaciondelcobre.cl\/wp-content\/uploads\/2026\/03\/WhatsApp-Image-2026-03-10-at-13.37.19-2-1152x1536.jpeg 1152w, https:\/\/www.confederaciondelcobre.cl\/wp-content\/uploads\/2026\/03\/WhatsApp-Image-2026-03-10-at-13.37.19-2.jpeg 1200w\" sizes=\"auto, (max-width: 768px) 100vw, 768px\" \/><\/figure>\n\n\n\n<figure class=\"wp-block-image size-large\"><img loading=\"lazy\" decoding=\"async\" width=\"1024\" height=\"576\" data-id=\"6704\" src=\"https:\/\/www.confederaciondelcobre.cl\/wp-content\/uploads\/2026\/03\/WhatsApp-Image-2026-03-10-at-14.14.28-1024x576.jpeg\" alt=\"\" class=\"wp-image-6704\" srcset=\"https:\/\/www.confederaciondelcobre.cl\/wp-content\/uploads\/2026\/03\/WhatsApp-Image-2026-03-10-at-14.14.28-1024x576.jpeg 1024w, https:\/\/www.confederaciondelcobre.cl\/wp-content\/uploads\/2026\/03\/WhatsApp-Image-2026-03-10-at-14.14.28-300x169.jpeg 300w, https:\/\/www.confederaciondelcobre.cl\/wp-content\/uploads\/2026\/03\/WhatsApp-Image-2026-03-10-at-14.14.28-768x432.jpeg 768w, https:\/\/www.confederaciondelcobre.cl\/wp-content\/uploads\/2026\/03\/WhatsApp-Image-2026-03-10-at-14.14.28.jpeg 1280w\" sizes=\"auto, (max-width: 1024px) 100vw, 1024px\" \/><\/figure>\n\n\n\n<figure class=\"wp-block-image size-large\"><img loading=\"lazy\" decoding=\"async\" width=\"768\" height=\"1024\" data-id=\"6705\" src=\"https:\/\/www.confederaciondelcobre.cl\/wp-content\/uploads\/2026\/03\/WhatsApp-Image-2026-03-10-at-13.37.19-1-768x1024.jpeg\" alt=\"\" class=\"wp-image-6705\" srcset=\"https:\/\/www.confederaciondelcobre.cl\/wp-content\/uploads\/2026\/03\/WhatsApp-Image-2026-03-10-at-13.37.19-1-768x1024.jpeg 768w, https:\/\/www.confederaciondelcobre.cl\/wp-content\/uploads\/2026\/03\/WhatsApp-Image-2026-03-10-at-13.37.19-1-225x300.jpeg 225w, https:\/\/www.confederaciondelcobre.cl\/wp-content\/uploads\/2026\/03\/WhatsApp-Image-2026-03-10-at-13.37.19-1-1152x1536.jpeg 1152w, https:\/\/www.confederaciondelcobre.cl\/wp-content\/uploads\/2026\/03\/WhatsApp-Image-2026-03-10-at-13.37.19-1.jpeg 1200w\" sizes=\"auto, (max-width: 768px) 100vw, 768px\" \/><\/figure>\n\n\n\n<figure class=\"wp-block-image size-large\"><img loading=\"lazy\" decoding=\"async\" width=\"1024\" height=\"768\" data-id=\"6706\" src=\"https:\/\/www.confederaciondelcobre.cl\/wp-content\/uploads\/2026\/03\/WhatsApp-Image-2026-03-10-at-14.17.51-1024x768.jpeg\" alt=\"\" class=\"wp-image-6706\" srcset=\"https:\/\/www.confederaciondelcobre.cl\/wp-content\/uploads\/2026\/03\/WhatsApp-Image-2026-03-10-at-14.17.51-1024x768.jpeg 1024w, https:\/\/www.confederaciondelcobre.cl\/wp-content\/uploads\/2026\/03\/WhatsApp-Image-2026-03-10-at-14.17.51-300x225.jpeg 300w, https:\/\/www.confederaciondelcobre.cl\/wp-content\/uploads\/2026\/03\/WhatsApp-Image-2026-03-10-at-14.17.51-768x576.jpeg 768w, https:\/\/www.confederaciondelcobre.cl\/wp-content\/uploads\/2026\/03\/WhatsApp-Image-2026-03-10-at-14.17.51-1536x1152.jpeg 1536w, https:\/\/www.confederaciondelcobre.cl\/wp-content\/uploads\/2026\/03\/WhatsApp-Image-2026-03-10-at-14.17.51.jpeg 1600w\" sizes=\"auto, (max-width: 1024px) 100vw, 1024px\" \/><\/figure>\n<\/figure>\n","protected":false},"excerpt":{"rendered":"<p>SANTIAGO \u2013 Durante la madrugada de este martes, la Confederaci\u00f3n de Trabajadores del Cobre (CTC) dio inicio a una movilizaci\u00f3n de car\u00e1cter nacional en diversos territorios y faenas mineras. La &hellip; <\/p>\n","protected":false},"author":2,"featured_media":6688,"comment_status":"closed","ping_status":"closed","sticky":false,"template":"","format":"standard","meta":{"jetpack_post_was_ever_published":false,"_jetpack_newsletter_access":"","_jetpack_dont_email_post_to_subs":false,"_jetpack_newsletter_tier_id":0,"_jetpack_memberships_contains_paywalled_content":false,"_jetpack_memberships_contains_paid_content":false,"footnotes":"","jetpack_publicize_message":"","jetpack_publicize_feature_enabled":true,"jetpack_social_post_already_shared":true,"jetpack_social_options":{"image_generator_settings":{"template":"highway","default_image_id":0,"enabled":false},"version":2}},"categories":[5,14,15,16],"tags":[49,101,103],"class_list":["post-6686","post","type-post","status-publish","format-standard","has-post-thumbnail","hentry","category-acuerdo-marco","category-movimientos-sociales","category-nacional","category-noticias","tag-acuerdo-marco","tag-acuerdo-marco-2026","tag-nacional"],"jetpack_publicize_connections":[],"jetpack_featured_media_url":"https:\/\/www.confederaciondelcobre.cl\/wp-content\/uploads\/2026\/03\/Plantillas-CTC-Portada-de-Facebook-23.png","jetpack_sharing_enabled":true,"post_mailing_queue_ids":[],"_links":{"self":[{"href":"https:\/\/www.confederaciondelcobre.cl\/index.php\/wp-json\/wp\/v2\/posts\/6686","targetHints":{"allow":["GET"]}}],"collection":[{"href":"https:\/\/www.confederaciondelcobre.cl\/index.php\/wp-json\/wp\/v2\/posts"}],"about":[{"href":"https:\/\/www.confederaciondelcobre.cl\/index.php\/wp-json\/wp\/v2\/types\/post"}],"author":[{"embeddable":true,"href":"https:\/\/www.confederaciondelcobre.cl\/index.php\/wp-json\/wp\/v2\/users\/2"}],"replies":[{"embeddable":true,"href":"https:\/\/www.confederaciondelcobre.cl\/index.php\/wp-json\/wp\/v2\/comments?post=6686"}],"version-history":[{"count":2,"href":"https:\/\/www.confederaciondelcobre.cl\/index.php\/wp-json\/wp\/v2\/posts\/6686\/revisions"}],"predecessor-version":[{"id":6707,"href":"https:\/\/www.confederaciondelcobre.cl\/index.php\/wp-json\/wp\/v2\/posts\/6686\/revisions\/6707"}],"wp:featuredmedia":[{"embeddable":true,"href":"https:\/\/www.confederaciondelcobre.cl\/index.php\/wp-json\/wp\/v2\/media\/6688"}],"wp:attachment":[{"href":"https:\/\/www.confederaciondelcobre.cl\/index.php\/wp-json\/wp\/v2\/media?parent=6686"}],"wp:term":[{"taxonomy":"category","embeddable":true,"href":"https:\/\/www.confederaciondelcobre.cl\/index.php\/wp-json\/wp\/v2\/categories?post=6686"},{"taxonomy":"post_tag","embeddable":true,"href":"https:\/\/www.confederaciondelcobre.cl\/index.php\/wp-json\/wp\/v2\/tags?post=6686"}],"curies":[{"name":"wp","href":"https:\/\/api.w.org\/{rel}","templated":true}]}}