{"id":6708,"date":"2026-03-11T11:02:19","date_gmt":"2026-03-11T15:02:19","guid":{"rendered":"https:\/\/www.confederaciondelcobre.cl\/?p=6708"},"modified":"2026-03-12T11:14:23","modified_gmt":"2026-03-12T15:14:23","slug":"sindicato-suplant-entrega-su-apoyo-a-movilizacion-de-la-ctc","status":"publish","type":"post","link":"https:\/\/www.confederaciondelcobre.cl\/index.php\/2026\/03\/11\/sindicato-suplant-entrega-su-apoyo-a-movilizacion-de-la-ctc\/","title":{"rendered":"Sindicato SUPLANT entrega su apoyo a movilizaci\u00f3n de la CTC"},"content":{"rendered":"\n<p>A trav\u00e9s de un comunicado el Sindicato de Trabajadores SUPLANT desde la Divisi\u00f3n Andina entreg\u00f3 su total apoyo a las movilizaciones que la CTC ha llevado a cabo para constatar las demandas del Acuerdo Marco:&nbsp;<\/p>\n\n\n\n<p><strong><em>&#8220;El sindicato Suplant reconoce la dignidad y pertinencia de estas movilizaciones y demandas de las trabajadoras y trabajadores agrupados en la CTC, y respalda plenamente su cometido, porque entendemos que compartimos con ellos una misma meta, esto es, respeto a los derechos laborales y remuneraciones dignas de la condici\u00f3n humana.&#8221;<\/em><\/strong><\/p>\n\n\n\n<p>Te invitamos a leer su comunicado completo a continuacion:<\/p>\n\n\n\n<div data-wp-interactive=\"core\/file\" class=\"wp-block-file\"><object data-wp-bind--hidden=\"!state.hasPdfPreview\" hidden class=\"wp-block-file__embed\" data=\"https:\/\/www.confederaciondelcobre.cl\/wp-content\/uploads\/2026\/03\/Comunicado-Suplant-10-Marzo-2026.pdf\" type=\"application\/pdf\" style=\"width:100%;height:600px\" aria-label=\"Incrustado de Comunicado Suplant   10 Marzo 2026.\"><\/object><a id=\"wp-block-file--media-525ff24b-7771-4c33-a8ac-2a6dddfa9166\" href=\"https:\/\/www.confederaciondelcobre.cl\/wp-content\/uploads\/2026\/03\/Comunicado-Suplant-10-Marzo-2026.pdf\">Comunicado Suplant   10 Marzo 2026<\/a><a href=\"https:\/\/www.confederaciondelcobre.cl\/wp-content\/uploads\/2026\/03\/Comunicado-Suplant-10-Marzo-2026.pdf\" class=\"wp-block-file__button wp-element-button\" download aria-describedby=\"wp-block-file--media-525ff24b-7771-4c33-a8ac-2a6dddfa9166\">Descargar<\/a><\/div>\n\n\n<div class=\"wp-block-site-logo\"><a href=\"https:\/\/www.confederaciondelcobre.cl\/\" class=\"custom-logo-link\" rel=\"home\"><img loading=\"lazy\" decoding=\"async\" width=\"464\" height=\"56\" src=\"https:\/\/www.confederaciondelcobre.cl\/wp-content\/uploads\/2023\/01\/TituloWebCTC.png\" class=\"custom-logo\" alt=\"Confederaci\u00f3n de Trabajadores del Cobre &#8211; CTC\" srcset=\"https:\/\/www.confederaciondelcobre.cl\/wp-content\/uploads\/2023\/01\/TituloWebCTC.png 606w, https:\/\/www.confederaciondelcobre.cl\/wp-content\/uploads\/2023\/01\/TituloWebCTC-300x37.png 300w\" sizes=\"auto, (max-width: 464px) 100vw, 464px\" \/><\/a><\/div>\n\n\n<p><\/p>\n","protected":false},"excerpt":{"rendered":"<p>A trav\u00e9s de un comunicado el Sindicato de Trabajadores SUPLANT desde la Divisi\u00f3n Andina entreg\u00f3 su total apoyo a las movilizaciones que la CTC ha llevado a cabo para constatar &hellip; <\/p>\n","protected":false},"author":2,"featured_media":6709,"comment_status":"closed","ping_status":"closed","sticky":false,"template":"","format":"standard","meta":{"jetpack_post_was_ever_published":false,"_jetpack_newsletter_access":"","_jetpack_dont_email_post_to_subs":false,"_jetpack_newsletter_tier_id":0,"_jetpack_memberships_contains_paywalled_content":false,"_jetpack_memberships_contains_paid_content":false,"footnotes":"","jetpack_publicize_message":"","jetpack_publicize_feature_enabled":true,"jetpack_social_post_already_shared":true,"jetpack_social_options":{"image_generator_settings":{"template":"highway","default_image_id":0,"enabled":false},"version":2}},"categories":[9],"tags":[],"class_list":["post-6708","post","type-post","status-publish","format-standard","has-post-thumbnail","hentry","category-confederacion"],"jetpack_publicize_connections":[],"jetpack_featured_media_url":"https:\/\/www.confederaciondelcobre.cl\/wp-content\/uploads\/2026\/03\/Plantillas-CTC-Portada-de-Facebook-24.png","jetpack_sharing_enabled":true,"post_mailing_queue_ids":[],"_links":{"self":[{"href":"https:\/\/www.confederaciondelcobre.cl\/index.php\/wp-json\/wp\/v2\/posts\/6708","targetHints":{"allow":["GET"]}}],"collection":[{"href":"https:\/\/www.confederaciondelcobre.cl\/index.php\/wp-json\/wp\/v2\/posts"}],"about":[{"href":"https:\/\/www.confederaciondelcobre.cl\/index.php\/wp-json\/wp\/v2\/types\/post"}],"author":[{"embeddable":true,"href":"https:\/\/www.confederaciondelcobre.cl\/index.php\/wp-json\/wp\/v2\/users\/2"}],"replies":[{"embeddable":true,"href":"https:\/\/www.confederaciondelcobre.cl\/index.php\/wp-json\/wp\/v2\/comments?post=6708"}],"version-history":[{"count":1,"href":"https:\/\/www.confederaciondelcobre.cl\/index.php\/wp-json\/wp\/v2\/posts\/6708\/revisions"}],"predecessor-version":[{"id":6711,"href":"https:\/\/www.confederaciondelcobre.cl\/index.php\/wp-json\/wp\/v2\/posts\/6708\/revisions\/6711"}],"wp:featuredmedia":[{"embeddable":true,"href":"https:\/\/www.confederaciondelcobre.cl\/index.php\/wp-json\/wp\/v2\/media\/6709"}],"wp:attachment":[{"href":"https:\/\/www.confederaciondelcobre.cl\/index.php\/wp-json\/wp\/v2\/media?parent=6708"}],"wp:term":[{"taxonomy":"category","embeddable":true,"href":"https:\/\/www.confederaciondelcobre.cl\/index.php\/wp-json\/wp\/v2\/categories?post=6708"},{"taxonomy":"post_tag","embeddable":true,"href":"https:\/\/www.confederaciondelcobre.cl\/index.php\/wp-json\/wp\/v2\/tags?post=6708"}],"curies":[{"name":"wp","href":"https:\/\/api.w.org\/{rel}","templated":true}]}}