{"id":6722,"date":"2026-03-18T18:36:05","date_gmt":"2026-03-18T22:36:05","guid":{"rendered":"https:\/\/www.confederaciondelcobre.cl\/?p=6722"},"modified":"2026-03-18T21:44:20","modified_gmt":"2026-03-19T01:44:20","slug":"codelco-suspende-de-forma-unilateral-la-mesa-de-revision-del-acuerdo-marco-y-genera-tension-con-trabajadores","status":"publish","type":"post","link":"https:\/\/www.confederaciondelcobre.cl\/index.php\/2026\/03\/18\/codelco-suspende-de-forma-unilateral-la-mesa-de-revision-del-acuerdo-marco-y-genera-tension-con-trabajadores\/","title":{"rendered":"Codelco suspende de forma unilateral la mesa de revisi\u00f3n del Acuerdo Marco y genera tensi\u00f3n con trabajadores"},"content":{"rendered":"\n<p><strong>SANTIAGO<\/strong>&nbsp;\u2013 A trav\u00e9s de un correo electr\u00f3nico enviado a \u00faltima hora, la Corporaci\u00f3n Nacional del Cobre (Codelco) notific\u00f3 la suspensi\u00f3n de la reuni\u00f3n programada para este mi\u00e9rcoles 18 de marzo. La instancia pretend\u00eda dar inicio a las conversaciones para la actualizaci\u00f3n del Acuerdo Marco, proceso clave que involucra a la estatal en su rol de garante, a la asociaci\u00f3n de empresas contratistas (AGEMA) y a la Confederaci\u00f3n de Trabajadores del Cobre (CTC).<\/p>\n\n\n\n<p>Este nuevo rev\u00e9s se suma al complejo historial de negociaciones de este a\u00f1o. Cabe recordar que la Direcci\u00f3n del Trabajo ya hab\u00eda declarado frustradas dos mesas de mediaci\u00f3n previas, debido a la inasistencia recurrente de los representantes de AGEMA.<\/p>\n\n\n\n<p>Ante esta situaci\u00f3n, la dirigencia de la CTC y sus bases sindicales han iniciado un despliegue territorial. Durante las \u00faltimas jornadas se han realizado asambleas informativas en diversas faenas, donde los trabajadores ya discuten posibles movilizaciones pac\u00edficas ante lo que consideran una falta de voluntad real para avanzar en los compromisos laborales.<\/p>\n\n\n\n<figure class=\"wp-block-image size-large\"><img loading=\"lazy\" decoding=\"async\" width=\"819\" height=\"1024\" src=\"https:\/\/www.confederaciondelcobre.cl\/wp-content\/uploads\/2026\/03\/Diseno-sin-titulo-7-819x1024.png\" alt=\"\" class=\"wp-image-6727\" srcset=\"https:\/\/www.confederaciondelcobre.cl\/wp-content\/uploads\/2026\/03\/Diseno-sin-titulo-7-819x1024.png 819w, https:\/\/www.confederaciondelcobre.cl\/wp-content\/uploads\/2026\/03\/Diseno-sin-titulo-7-240x300.png 240w, https:\/\/www.confederaciondelcobre.cl\/wp-content\/uploads\/2026\/03\/Diseno-sin-titulo-7-768x960.png 768w, https:\/\/www.confederaciondelcobre.cl\/wp-content\/uploads\/2026\/03\/Diseno-sin-titulo-7.png 1080w\" sizes=\"auto, (max-width: 819px) 100vw, 819px\" \/><\/figure>\n","protected":false},"excerpt":{"rendered":"<p>SANTIAGO&nbsp;\u2013 A trav\u00e9s de un correo electr\u00f3nico enviado a \u00faltima hora, la Corporaci\u00f3n Nacional del Cobre (Codelco) notific\u00f3 la suspensi\u00f3n de la reuni\u00f3n programada para este mi\u00e9rcoles 18 de marzo. &hellip; <\/p>\n","protected":false},"author":2,"featured_media":6723,"comment_status":"closed","ping_status":"closed","sticky":false,"template":"","format":"standard","meta":{"jetpack_post_was_ever_published":false,"_jetpack_newsletter_access":"","_jetpack_dont_email_post_to_subs":false,"_jetpack_newsletter_tier_id":0,"_jetpack_memberships_contains_paywalled_content":false,"_jetpack_memberships_contains_paid_content":false,"footnotes":"","jetpack_publicize_message":"","jetpack_publicize_feature_enabled":true,"jetpack_social_post_already_shared":true,"jetpack_social_options":{"image_generator_settings":{"template":"highway","default_image_id":0,"enabled":false},"version":2}},"categories":[9],"tags":[],"class_list":["post-6722","post","type-post","status-publish","format-standard","has-post-thumbnail","hentry","category-confederacion"],"jetpack_publicize_connections":[],"jetpack_featured_media_url":"https:\/\/www.confederaciondelcobre.cl\/wp-content\/uploads\/2026\/03\/Plantillas-CTC-Portada-de-Facebook-25.png","jetpack_sharing_enabled":true,"post_mailing_queue_ids":[],"_links":{"self":[{"href":"https:\/\/www.confederaciondelcobre.cl\/index.php\/wp-json\/wp\/v2\/posts\/6722","targetHints":{"allow":["GET"]}}],"collection":[{"href":"https:\/\/www.confederaciondelcobre.cl\/index.php\/wp-json\/wp\/v2\/posts"}],"about":[{"href":"https:\/\/www.confederaciondelcobre.cl\/index.php\/wp-json\/wp\/v2\/types\/post"}],"author":[{"embeddable":true,"href":"https:\/\/www.confederaciondelcobre.cl\/index.php\/wp-json\/wp\/v2\/users\/2"}],"replies":[{"embeddable":true,"href":"https:\/\/www.confederaciondelcobre.cl\/index.php\/wp-json\/wp\/v2\/comments?post=6722"}],"version-history":[{"count":2,"href":"https:\/\/www.confederaciondelcobre.cl\/index.php\/wp-json\/wp\/v2\/posts\/6722\/revisions"}],"predecessor-version":[{"id":6728,"href":"https:\/\/www.confederaciondelcobre.cl\/index.php\/wp-json\/wp\/v2\/posts\/6722\/revisions\/6728"}],"wp:featuredmedia":[{"embeddable":true,"href":"https:\/\/www.confederaciondelcobre.cl\/index.php\/wp-json\/wp\/v2\/media\/6723"}],"wp:attachment":[{"href":"https:\/\/www.confederaciondelcobre.cl\/index.php\/wp-json\/wp\/v2\/media?parent=6722"}],"wp:term":[{"taxonomy":"category","embeddable":true,"href":"https:\/\/www.confederaciondelcobre.cl\/index.php\/wp-json\/wp\/v2\/categories?post=6722"},{"taxonomy":"post_tag","embeddable":true,"href":"https:\/\/www.confederaciondelcobre.cl\/index.php\/wp-json\/wp\/v2\/tags?post=6722"}],"curies":[{"name":"wp","href":"https:\/\/api.w.org\/{rel}","templated":true}]}}