{"id":6729,"date":"2026-03-18T21:51:02","date_gmt":"2026-03-19T01:51:02","guid":{"rendered":"https:\/\/www.confederaciondelcobre.cl\/?p=6729"},"modified":"2026-03-18T22:09:08","modified_gmt":"2026-03-19T02:09:08","slug":"comunicado-ctc-denuncia-incumplimiento-de-codelco-y-se-declara-en-estado-de-alerta","status":"publish","type":"post","link":"https:\/\/www.confederaciondelcobre.cl\/index.php\/2026\/03\/18\/comunicado-ctc-denuncia-incumplimiento-de-codelco-y-se-declara-en-estado-de-alerta\/","title":{"rendered":"COMUNICADO: CTC DENUNCIA INCUMPLIMIENTO DE CODELCO Y SE DECLARA EN ESTADO DE ALERTA"},"content":{"rendered":"\n<p><strong>SANTIAGO, 18\u00a0de marzo de 2026<\/strong>\u00a0\u2013 El Directorio de la\u00a0<strong>Confederaci\u00f3n de Trabajadores del Cobre (CTC)<\/strong>, ante la reciente comunicaci\u00f3n emitida por la administraci\u00f3n de CODELCO, informa a sus bases, a los trabajadores y\u00a0trabajadoras del subcontrato y\u00a0a la opini\u00f3n p\u00fablica lo siguiente:<\/p>\n\n\n\n<h3 class=\"wp-block-heading\"><strong>1. RECHAZO A LA SUSPENSI\u00d3N DE DI\u00c1LOGO<\/strong><\/h3>\n\n\n\n<p><strong><em><strong><em>D<\/em><\/strong><\/em><\/strong><strong><em><strong><em>enunciamo<\/em><\/strong><\/em><\/strong><strong><em><strong><em>s<\/em><\/strong><\/em><\/strong><strong><em><strong><em>&nbsp;<\/em><\/strong><\/em><\/strong>categ\u00f3ricamente la decisi\u00f3n unilateral de CODELCO de suspender la reuni\u00f3n&nbsp;programada&nbsp;para este&nbsp;<strong>18 de marzo<\/strong>. Esta acci\u00f3n no solo desnaturaliza el proceso de convocatoria, sino que busca evadir la responsabilidad de la<strong><em><strong><em>&nbsp;<\/em><\/strong><\/em><\/strong>empresa&nbsp;estatal frente a la&nbsp;<strong><em><strong><em>revisi\u00f3n, actualizaci\u00f3n y cumplimiento<\/em><\/strong><\/em><\/strong><strong><em><strong><em>&nbsp;<\/em><\/strong><\/em><\/strong>del&nbsp;<strong>Acuerdo Marco vigente<\/strong>.<\/p>\n\n\n\n<p>En consecuencia, exigimos que la reuni\u00f3n sea reprogramada a la brevedad, con confirmaci\u00f3n formal de fecha, hora, lugar y&nbsp;agenda de temas, de manera de asegurar un di\u00e1logo serio y verificable orientado al cumplimiento efectivo del Acuerdo Marco.<\/p>\n\n\n\n<h3 class=\"wp-block-heading\"><strong>2. CODELCO COMO GARANTE, NO COMO ESPECTADOR<\/strong><\/h3>\n\n\n\n<p>Resulta inaceptable que la Corporaci\u00f3n&nbsp;Nacional del Cobre&nbsp;pretenda reducir su participaci\u00f3n a la de un &#8220;facilitador pasivo&#8221;. Recordamos a la plana&nbsp;directiva que CODELCO posee una&nbsp;<strong>responsabilidad ejecutiva y un rol de Facilitador y Garante<\/strong>&nbsp;otorgado por el Acuerdo Marco del a\u00f1o 2022, y&nbsp;<strong>ratificado<\/strong>&nbsp;por la Direcci\u00f3n del Trabajo&nbsp;<strong>que reconoce a nuestro instrumento como un&nbsp;<\/strong><strong>acuerdo colectivo at\u00edpico<\/strong><strong>&nbsp;amparado en la libertad sindical<\/strong>.&nbsp;<\/p>\n\n\n\n<p>Evadir este compromiso es vulnerar el Acta de Mediaci\u00f3n suscrita el pasado 24 de febrero.<\/p>\n\n\n\n<h3 class=\"wp-block-heading\"><strong>3. DESMENTIDO ANTE ACUSACIONES DE VIOLENCIA<\/strong><\/h3>\n\n\n\n<p>Rechazamos todo&nbsp;intento de criminalizar la labor sindical. Negamos tajantemente las acusaciones de &#8220;hechos de violencia&#8221;, lo que se ha realizado son&nbsp;<strong>asambleas informativas territoriales y pac\u00edficas<\/strong>, en pleno ejercicio de la libertad sindical. No permitiremos que se utilicen estos argumentos para dilatar soluciones o precarizar las condiciones laborales.<strong>&nbsp;<\/strong>Les recordamos que&nbsp;la estabilidad y la paz laboral no se construyen con precarizaci\u00f3n, sino con el cumplimiento de est\u00e1ndares m\u00ednimos.<\/p>\n\n\n\n<h3 class=\"wp-block-heading\"><strong>4. ESTADO DE ALERTA Y ACCIONES SINDICALES<\/strong><\/h3>\n\n\n\n<p>Ante la falta de avances sustantivos y la nula fiscalizaci\u00f3n de CODELCO hacia las empresas contratistas (AGEMA), informamos que la\u00a0<strong>CTC,\u00a0en su calidad de\u00a0\u00fanica organizaci\u00f3n signataria e interlocutora hist\u00f3rica\u00a0del Acuerdo Marco<\/strong>,\u00a0\u00a0nos mantenemos en estado de alerta y\u00a0estamos evaluando y coordinando acciones sindicales y de\u00a0movilizaci\u00f3n ascendente\u00a0a nivel nacional, para resguardar nuestros derechos y exigir resultados.<\/p>\n\n\n\n<p>Reiteramos nuestra disposici\u00f3n hist\u00f3rica al di\u00e1logo de buena fe, pero este solo ser\u00e1 posible bajo condiciones de&nbsp;<strong>respeto mutuo y reconocimiento de nuestra titularidad<\/strong><strong><s><strong><s>.<\/s><\/strong><\/s><\/strong><strong>&nbsp;Para lo cual exigimos compromisos cumplibles y plazos claros.<\/strong>&nbsp;No aceptaremos m\u00e1s dilaciones en el cumplimiento de los est\u00e1ndares m\u00ednimos comprometidos.<\/p>\n\n\n\n<p><strong>\u00a1A LA UNIDAD Y LUCHA DE LOS TRABAJADORES DEL COBRE!<\/strong><\/p>\n\n\n\n<p><strong>CONFEDERACI\u00d3N DE TRABAJADORES DEL COBRE (CTC)<\/strong><\/p>\n\n\n\n<div data-wp-interactive=\"core\/file\" class=\"wp-block-file\"><object data-wp-bind--hidden=\"!state.hasPdfPreview\" hidden class=\"wp-block-file__embed\" data=\"https:\/\/www.confederaciondelcobre.cl\/wp-content\/uploads\/2026\/03\/COMUNICADO-CTC-18-03-2026.pdf\" type=\"application\/pdf\" style=\"width:100%;height:600px\" aria-label=\"Incrustado de COMUNICADO CTC 18 03 2026.\"><\/object><a id=\"wp-block-file--media-8495225c-8f2e-4807-9a94-5e1291c385b8\" href=\"https:\/\/www.confederaciondelcobre.cl\/wp-content\/uploads\/2026\/03\/COMUNICADO-CTC-18-03-2026.pdf\">COMUNICADO CTC 18 03 2026<\/a><a href=\"https:\/\/www.confederaciondelcobre.cl\/wp-content\/uploads\/2026\/03\/COMUNICADO-CTC-18-03-2026.pdf\" class=\"wp-block-file__button wp-element-button\" download aria-describedby=\"wp-block-file--media-8495225c-8f2e-4807-9a94-5e1291c385b8\">Descargar<\/a><\/div>\n","protected":false},"excerpt":{"rendered":"<p>SANTIAGO, 18\u00a0de marzo de 2026\u00a0\u2013 El Directorio de la\u00a0Confederaci\u00f3n de Trabajadores del Cobre (CTC), ante la reciente comunicaci\u00f3n emitida por la administraci\u00f3n de CODELCO, informa a sus bases, a los &hellip; <\/p>\n","protected":false},"author":2,"featured_media":6730,"comment_status":"closed","ping_status":"closed","sticky":false,"template":"","format":"standard","meta":{"jetpack_post_was_ever_published":false,"_jetpack_newsletter_access":"","_jetpack_dont_email_post_to_subs":false,"_jetpack_newsletter_tier_id":0,"_jetpack_memberships_contains_paywalled_content":false,"_jetpack_memberships_contains_paid_content":false,"footnotes":"","jetpack_publicize_message":"","jetpack_publicize_feature_enabled":true,"jetpack_social_post_already_shared":true,"jetpack_social_options":{"image_generator_settings":{"template":"highway","default_image_id":0,"enabled":false},"version":2}},"categories":[5,23,8,9],"tags":[],"class_list":["post-6729","post","type-post","status-publish","format-standard","has-post-thumbnail","hentry","category-acuerdo-marco","category-acuerdo-marco-codelco","category-comunicado","category-confederacion"],"jetpack_publicize_connections":[],"jetpack_featured_media_url":"https:\/\/www.confederaciondelcobre.cl\/wp-content\/uploads\/2026\/03\/Plantillas-CTC-Portada-de-Facebook-26.png","jetpack_sharing_enabled":true,"post_mailing_queue_ids":[],"_links":{"self":[{"href":"https:\/\/www.confederaciondelcobre.cl\/index.php\/wp-json\/wp\/v2\/posts\/6729","targetHints":{"allow":["GET"]}}],"collection":[{"href":"https:\/\/www.confederaciondelcobre.cl\/index.php\/wp-json\/wp\/v2\/posts"}],"about":[{"href":"https:\/\/www.confederaciondelcobre.cl\/index.php\/wp-json\/wp\/v2\/types\/post"}],"author":[{"embeddable":true,"href":"https:\/\/www.confederaciondelcobre.cl\/index.php\/wp-json\/wp\/v2\/users\/2"}],"replies":[{"embeddable":true,"href":"https:\/\/www.confederaciondelcobre.cl\/index.php\/wp-json\/wp\/v2\/comments?post=6729"}],"version-history":[{"count":2,"href":"https:\/\/www.confederaciondelcobre.cl\/index.php\/wp-json\/wp\/v2\/posts\/6729\/revisions"}],"predecessor-version":[{"id":6733,"href":"https:\/\/www.confederaciondelcobre.cl\/index.php\/wp-json\/wp\/v2\/posts\/6729\/revisions\/6733"}],"wp:featuredmedia":[{"embeddable":true,"href":"https:\/\/www.confederaciondelcobre.cl\/index.php\/wp-json\/wp\/v2\/media\/6730"}],"wp:attachment":[{"href":"https:\/\/www.confederaciondelcobre.cl\/index.php\/wp-json\/wp\/v2\/media?parent=6729"}],"wp:term":[{"taxonomy":"category","embeddable":true,"href":"https:\/\/www.confederaciondelcobre.cl\/index.php\/wp-json\/wp\/v2\/categories?post=6729"},{"taxonomy":"post_tag","embeddable":true,"href":"https:\/\/www.confederaciondelcobre.cl\/index.php\/wp-json\/wp\/v2\/tags?post=6729"}],"curies":[{"name":"wp","href":"https:\/\/api.w.org\/{rel}","templated":true}]}}