{"id":688,"date":"2019-12-23T21:16:18","date_gmt":"2019-12-23T21:16:18","guid":{"rendered":"http:\/\/www.confederaciondelcobre.cl\/?p=688"},"modified":"2020-04-26T23:24:05","modified_gmt":"2020-04-26T23:24:05","slug":"sindicato-vms-chile-se-incorpora-a-la-fesamav-y-la-ctc","status":"publish","type":"post","link":"https:\/\/www.confederaciondelcobre.cl\/index.php\/2019\/12\/23\/sindicato-vms-chile-se-incorpora-a-la-fesamav-y-la-ctc\/","title":{"rendered":"Sindicato VMS Chile se incorpora a la FESAMAV y la CTC"},"content":{"rendered":"\n<p>En una votaci\u00f3n realizada el d\u00eda jueves 19, los trabajadores agrupados en el Sindicato VMS Chile, que se dedican a labores de aseo industrial y retiro de residuos, resolvieron afiliarse a la Federaci\u00f3n de Sindicatos Contratistas MantoVerde (FESAMAV) y a la Confederaci\u00f3n de Trabajadores del Cobre (CTC). <\/p>\n\n\n\n<p>La decisi\u00f3n, que se da en un contexto social hist\u00f3rico, donde la inmensa mayor\u00eda del pa\u00eds se encuentra de una u otra manera movilizada, viene a ratificar la necesidad y voluntad de los trabajadores de agruparse y a su vez fortalecerse. Al respecto, Stephanie Gonz\u00e1lez Ch\u00e1vez, Presidenta de la FESAMAV y Directora Nacional Encargada de G\u00e9nero e Inclusi\u00f3n de la CTC, se\u00f1al\u00f3 que &#8220;estos \u00faltimos meses de protesta social han sido la constataci\u00f3n de que la herramienta hist\u00f3rica de avance de los trabajadores y el pueblo es la movilizaci\u00f3n, por lo que ante el escenario actual debemos estar m\u00e1s organizados que nunca. Sabemos que el camino no es f\u00e1cil, porque los que tienen intereses particulares por sobre los derechos de los trabajadores y la justicia social siempre van a poner trabas, pero si nos mantenemos unidos, organizados y en disposici\u00f3n de lucha las cosas se van a ir dando&#8221;.<\/p>\n\n\n\n<p>Sobre la violencia y represi\u00f3n desatada, la vulneraci\u00f3n a los Derechos Humanos de la que el Mundo ha sido testigo estos meses, record\u00f3 que &#8220;este mes, por ejemplo, conmemoramos los <a href=\"http:\/\/www.confederaciondelcobre.cl\/index.php\/2019\/12\/21\/iquique-a-112-anos-de-la-matanza-en-la-escuela-santa-maria\/\">112 a\u00f1os de la matanza de la Escuela Santa Mar\u00eda<\/a>. Un hecho terrible donde el Estado asesin\u00f3 a trabajadores y sus familias, trabajadores que luchaban demandando justicia y dignidad. Y es triste porque hoy, a m\u00e1s de un siglo, habiendo tantos otros hechos igualmente terribles, el Estado de Chile sigue igual y no ha cambiado en nada su trato con el pueblo, con los trabajadores que se manifiestan y luchan por lo mismo, por justicia y dignidad. Esa indiferencia, ese desprecio debe terminar&#8221;.<\/p>\n\n\n\n<p>La Presidenta de la FESAMAV, para finalizar, envi\u00f3 un saludo al Sindicato VMS Chile, &#8220;un sindicato consciente y con \u00e1nimo de reivindicar la movilizaci\u00f3n, donde hacen profundo eco los pilares de la CTC, que son la renacionalizaci\u00f3n del cobre y el fin al subcontrato&#8221;, se\u00f1alando que &#8220;es hoy, estando unidos, cuando podemos exigir nuestras demandas como clase obrera. Es hoy, m\u00e1s que nunca, cuando debemos seguir luchando&#8221;.<\/p>\n\n\n\n<p><\/p>\n","protected":false},"excerpt":{"rendered":"<p>En una votaci\u00f3n realizada el d\u00eda jueves 19, los trabajadores agrupados en el Sindicato VMS Chile, que se dedican a labores de aseo industrial y retiro de residuos, resolvieron afiliarse &hellip; <\/p>\n","protected":false},"author":2,"featured_media":689,"comment_status":"closed","ping_status":"closed","sticky":false,"template":"","format":"standard","meta":{"jetpack_post_was_ever_published":false,"_jetpack_newsletter_access":"","_jetpack_dont_email_post_to_subs":false,"_jetpack_newsletter_tier_id":0,"_jetpack_memberships_contains_paywalled_content":false,"_jetpack_memberships_contains_paid_content":false,"footnotes":"","jetpack_publicize_message":"","jetpack_publicize_feature_enabled":true,"jetpack_social_post_already_shared":false,"jetpack_social_options":{"image_generator_settings":{"template":"highway","default_image_id":0,"enabled":false},"version":2}},"categories":[9,21,25],"tags":[],"class_list":["post-688","post","type-post","status-publish","format-standard","has-post-thumbnail","hentry","category-confederacion","category-federaciones","category-fesamav"],"jetpack_publicize_connections":[],"jetpack_featured_media_url":"https:\/\/www.confederaciondelcobre.cl\/wp-content\/uploads\/2019\/12\/VMSCh.jpg","jetpack_sharing_enabled":true,"post_mailing_queue_ids":[],"_links":{"self":[{"href":"https:\/\/www.confederaciondelcobre.cl\/index.php\/wp-json\/wp\/v2\/posts\/688","targetHints":{"allow":["GET"]}}],"collection":[{"href":"https:\/\/www.confederaciondelcobre.cl\/index.php\/wp-json\/wp\/v2\/posts"}],"about":[{"href":"https:\/\/www.confederaciondelcobre.cl\/index.php\/wp-json\/wp\/v2\/types\/post"}],"author":[{"embeddable":true,"href":"https:\/\/www.confederaciondelcobre.cl\/index.php\/wp-json\/wp\/v2\/users\/2"}],"replies":[{"embeddable":true,"href":"https:\/\/www.confederaciondelcobre.cl\/index.php\/wp-json\/wp\/v2\/comments?post=688"}],"version-history":[{"count":3,"href":"https:\/\/www.confederaciondelcobre.cl\/index.php\/wp-json\/wp\/v2\/posts\/688\/revisions"}],"predecessor-version":[{"id":692,"href":"https:\/\/www.confederaciondelcobre.cl\/index.php\/wp-json\/wp\/v2\/posts\/688\/revisions\/692"}],"wp:featuredmedia":[{"embeddable":true,"href":"https:\/\/www.confederaciondelcobre.cl\/index.php\/wp-json\/wp\/v2\/media\/689"}],"wp:attachment":[{"href":"https:\/\/www.confederaciondelcobre.cl\/index.php\/wp-json\/wp\/v2\/media?parent=688"}],"wp:term":[{"taxonomy":"category","embeddable":true,"href":"https:\/\/www.confederaciondelcobre.cl\/index.php\/wp-json\/wp\/v2\/categories?post=688"},{"taxonomy":"post_tag","embeddable":true,"href":"https:\/\/www.confederaciondelcobre.cl\/index.php\/wp-json\/wp\/v2\/tags?post=688"}],"curies":[{"name":"wp","href":"https:\/\/api.w.org\/{rel}","templated":true}]}}