{"id":694,"date":"2019-12-31T16:46:49","date_gmt":"2019-12-31T16:46:49","guid":{"rendered":"http:\/\/www.confederaciondelcobre.cl\/?p=694"},"modified":"2019-12-31T16:46:49","modified_gmt":"2019-12-31T16:46:49","slug":"feliz2020-vamos-este-nuevo-ano-construyamos-todas-y-todos-un-nuevo-chile","status":"publish","type":"post","link":"https:\/\/www.confederaciondelcobre.cl\/index.php\/2019\/12\/31\/feliz2020-vamos-este-nuevo-ano-construyamos-todas-y-todos-un-nuevo-chile\/","title":{"rendered":"#Feliz2020 \u00a1Vamos&#8230;  este nuevo a\u00f1o construyamos todas y todos un nuevo Chile!"},"content":{"rendered":"\n<p>Hoy, en la v\u00edspera de un nuevo a\u00f1o, la Confederaci\u00f3n de Trabajadores del Cobre desea que las y los trabajadores del cobre y de todo Chile se encuentren junto a los suyos, renovando fuerza y energ\u00edas en la certeza de que otro pa\u00eds y otro mundo son posibles, donde el anhelo de justicia social y el reconocimiento al aporte de la Clase Trabajadora se hagan realidad.<\/p>\n\n\n\n<p>Junto con exigir juicio y castigo ante las sistem\u00e1ticas y generalizadas violaciones a los Derechos Humanos cometidas por el Estado en estos meses de protesta social, este nuevo a\u00f1o \u00a1Vamos por una Nueva Constituci\u00f3n, vamos por el fin a la subcontrataci\u00f3n en la miner\u00eda y en todos los frentes productivos del pa\u00eds, vamos por la renacionalizaci\u00f3n del cobre y de todos los recursos naturales estrat\u00e9gicos, vamos por un nuevo y justo sistema de pensiones, vamos por el reconocimiento a los Pueblos Originarios, vamos por el fin a la discriminaci\u00f3n de g\u00e9nero, vamos por una educaci\u00f3n p\u00fablica, universal, gratuita, laica y de calidad!<\/p>\n\n\n\n<p><strong>\u00a1Vamos\u2026  este nuevo a\u00f1o construyamos todas y todos un nuevo Chile!    <\/strong><\/p>\n\n\n\n<figure class=\"wp-block-image\"><img loading=\"lazy\" decoding=\"async\" width=\"640\" height=\"640\" src=\"http:\/\/www.confederaciondelcobre.cl\/wp-content\/uploads\/2019\/12\/F2020.png\" alt=\"\" class=\"wp-image-705\" srcset=\"https:\/\/www.confederaciondelcobre.cl\/wp-content\/uploads\/2019\/12\/F2020.png 640w, https:\/\/www.confederaciondelcobre.cl\/wp-content\/uploads\/2019\/12\/F2020-150x150.png 150w, https:\/\/www.confederaciondelcobre.cl\/wp-content\/uploads\/2019\/12\/F2020-300x300.png 300w\" sizes=\"auto, (max-width: 640px) 100vw, 640px\" \/><\/figure>\n","protected":false},"excerpt":{"rendered":"<p>Hoy, en la v\u00edspera de un nuevo a\u00f1o, la Confederaci\u00f3n de Trabajadores del Cobre desea que las y los trabajadores del cobre y de todo Chile se encuentren junto a &hellip; <\/p>\n","protected":false},"author":2,"featured_media":702,"comment_status":"closed","ping_status":"closed","sticky":false,"template":"","format":"standard","meta":{"jetpack_post_was_ever_published":false,"_jetpack_newsletter_access":"","_jetpack_dont_email_post_to_subs":false,"_jetpack_newsletter_tier_id":0,"_jetpack_memberships_contains_paywalled_content":false,"_jetpack_memberships_contains_paid_content":false,"footnotes":"","jetpack_publicize_message":"","jetpack_publicize_feature_enabled":true,"jetpack_social_post_already_shared":false,"jetpack_social_options":{"image_generator_settings":{"template":"highway","default_image_id":0,"enabled":false},"version":2}},"categories":[9,15],"tags":[],"class_list":["post-694","post","type-post","status-publish","format-standard","has-post-thumbnail","hentry","category-confederacion","category-nacional"],"jetpack_publicize_connections":[],"jetpack_featured_media_url":"https:\/\/www.confederaciondelcobre.cl\/wp-content\/uploads\/2019\/12\/N2020.jpg","jetpack_sharing_enabled":true,"post_mailing_queue_ids":[],"_links":{"self":[{"href":"https:\/\/www.confederaciondelcobre.cl\/index.php\/wp-json\/wp\/v2\/posts\/694","targetHints":{"allow":["GET"]}}],"collection":[{"href":"https:\/\/www.confederaciondelcobre.cl\/index.php\/wp-json\/wp\/v2\/posts"}],"about":[{"href":"https:\/\/www.confederaciondelcobre.cl\/index.php\/wp-json\/wp\/v2\/types\/post"}],"author":[{"embeddable":true,"href":"https:\/\/www.confederaciondelcobre.cl\/index.php\/wp-json\/wp\/v2\/users\/2"}],"replies":[{"embeddable":true,"href":"https:\/\/www.confederaciondelcobre.cl\/index.php\/wp-json\/wp\/v2\/comments?post=694"}],"version-history":[{"count":6,"href":"https:\/\/www.confederaciondelcobre.cl\/index.php\/wp-json\/wp\/v2\/posts\/694\/revisions"}],"predecessor-version":[{"id":707,"href":"https:\/\/www.confederaciondelcobre.cl\/index.php\/wp-json\/wp\/v2\/posts\/694\/revisions\/707"}],"wp:featuredmedia":[{"embeddable":true,"href":"https:\/\/www.confederaciondelcobre.cl\/index.php\/wp-json\/wp\/v2\/media\/702"}],"wp:attachment":[{"href":"https:\/\/www.confederaciondelcobre.cl\/index.php\/wp-json\/wp\/v2\/media?parent=694"}],"wp:term":[{"taxonomy":"category","embeddable":true,"href":"https:\/\/www.confederaciondelcobre.cl\/index.php\/wp-json\/wp\/v2\/categories?post=694"},{"taxonomy":"post_tag","embeddable":true,"href":"https:\/\/www.confederaciondelcobre.cl\/index.php\/wp-json\/wp\/v2\/tags?post=694"}],"curies":[{"name":"wp","href":"https:\/\/api.w.org\/{rel}","templated":true}]}}