{"id":7117,"date":"2026-09-02T19:17:54","date_gmt":"2026-09-02T23:17:54","guid":{"rendered":"https:\/\/www.confederaciondelcobre.cl\/?p=7117"},"modified":"2026-09-02T19:18:33","modified_gmt":"2026-09-02T23:18:33","slug":"sindicato-de-trabajadores-de-aramark-aprueba-la-huelga-con-amplio-respaldo","status":"publish","type":"post","link":"https:\/\/www.confederaciondelcobre.cl\/index.php\/2026\/09\/02\/sindicato-de-trabajadores-de-aramark-aprueba-la-huelga-con-amplio-respaldo\/","title":{"rendered":"Sindicato de Trabajadores de Aramark aprueba la huelga con amplio respaldo\u00a0\u00a0"},"content":{"rendered":"\n<p><strong>El Sindicato de Trabajadores y Trabajadoras de Empresa Aramark rechaz\u00f3 la \u00faltima oferta presentada por la empresa.<\/strong><\/p>\n\n\n\n<!--more-->\n\n\n\n<p><em>Calama.<\/em>&#8211; El Sindicato de Trabajadores y Trabajadoras de Empresa Aramark, correspondiente al contrato de servicio de Aseo Industrial en la faena Chuquicamata de Codelco, realiz\u00f3 este martes la votaci\u00f3n de la \u00faltima oferta presentada por el empresa en el marco del proceso de negociaci\u00f3n colectiva reglada, la cual fue rechazada.<\/p>\n\n\n\n<p>En ese contexto el 95% de los trabajadores y trabajadoras aprobaron el inicio de la huelga.<\/p>\n\n\n\n<p>La votaci\u00f3n constituye un nuevo hito dentro del proceso que desarrolla el sindicato, que busca avanzar en sus demandas y alcanzar un acuerdo colectivo que responda a las expectativas de sus trabajadores.<\/p>\n","protected":false},"excerpt":{"rendered":"<p>El Sindicato de Trabajadores y Trabajadoras de Empresa Aramark rechaz\u00f3 la \u00faltima oferta presentada por la empresa.<\/p>\n","protected":false},"author":2,"featured_media":7118,"comment_status":"closed","ping_status":"closed","sticky":false,"template":"","format":"standard","meta":{"jetpack_post_was_ever_published":false,"_jetpack_newsletter_access":"","_jetpack_dont_email_post_to_subs":false,"_jetpack_newsletter_tier_id":0,"_jetpack_memberships_contains_paywalled_content":false,"_jetpack_memberships_contains_paid_content":false,"footnotes":"","jetpack_publicize_message":"","jetpack_publicize_feature_enabled":true,"jetpack_social_post_already_shared":true,"jetpack_social_options":{"image_generator_settings":{"template":"highway","default_image_id":0,"enabled":false},"version":2}},"categories":[16,17],"tags":[],"class_list":["post-7117","post","type-post","status-publish","format-standard","has-post-thumbnail","hentry","category-noticias","category-regiones"],"jetpack_publicize_connections":[],"jetpack_featured_media_url":"https:\/\/www.confederaciondelcobre.cl\/wp-content\/uploads\/2026\/09\/santiago-6.png","jetpack_sharing_enabled":true,"post_mailing_queue_ids":[],"_links":{"self":[{"href":"https:\/\/www.confederaciondelcobre.cl\/index.php\/wp-json\/wp\/v2\/posts\/7117","targetHints":{"allow":["GET"]}}],"collection":[{"href":"https:\/\/www.confederaciondelcobre.cl\/index.php\/wp-json\/wp\/v2\/posts"}],"about":[{"href":"https:\/\/www.confederaciondelcobre.cl\/index.php\/wp-json\/wp\/v2\/types\/post"}],"author":[{"embeddable":true,"href":"https:\/\/www.confederaciondelcobre.cl\/index.php\/wp-json\/wp\/v2\/users\/2"}],"replies":[{"embeddable":true,"href":"https:\/\/www.confederaciondelcobre.cl\/index.php\/wp-json\/wp\/v2\/comments?post=7117"}],"version-history":[{"count":1,"href":"https:\/\/www.confederaciondelcobre.cl\/index.php\/wp-json\/wp\/v2\/posts\/7117\/revisions"}],"predecessor-version":[{"id":7119,"href":"https:\/\/www.confederaciondelcobre.cl\/index.php\/wp-json\/wp\/v2\/posts\/7117\/revisions\/7119"}],"wp:featuredmedia":[{"embeddable":true,"href":"https:\/\/www.confederaciondelcobre.cl\/index.php\/wp-json\/wp\/v2\/media\/7118"}],"wp:attachment":[{"href":"https:\/\/www.confederaciondelcobre.cl\/index.php\/wp-json\/wp\/v2\/media?parent=7117"}],"wp:term":[{"taxonomy":"category","embeddable":true,"href":"https:\/\/www.confederaciondelcobre.cl\/index.php\/wp-json\/wp\/v2\/categories?post=7117"},{"taxonomy":"post_tag","embeddable":true,"href":"https:\/\/www.confederaciondelcobre.cl\/index.php\/wp-json\/wp\/v2\/tags?post=7117"}],"curies":[{"name":"wp","href":"https:\/\/api.w.org\/{rel}","templated":true}]}}