{"id":7120,"date":"2026-09-03T17:43:02","date_gmt":"2026-09-03T21:43:02","guid":{"rendered":"https:\/\/www.confederaciondelcobre.cl\/?p=7120"},"modified":"2026-09-03T17:43:05","modified_gmt":"2026-09-03T21:43:05","slug":"ctc-defendemos-a-codelco-como-una-empresa-estatal-porque-significa-defender-la-soberania-el-trabajo-y-el-futuro-de-chile","status":"publish","type":"post","link":"https:\/\/www.confederaciondelcobre.cl\/index.php\/2026\/09\/03\/ctc-defendemos-a-codelco-como-una-empresa-estatal-porque-significa-defender-la-soberania-el-trabajo-y-el-futuro-de-chile\/","title":{"rendered":"CTC: \u201cDefendemos a Codelco como una empresa estatal, porque significa defender la soberan\u00eda, el trabajo y el futuro de Chile\u201d"},"content":{"rendered":"\n<p><strong>La Confederaci\u00f3n de Trabajadores del Cobre estuvo presente en la manifestaci\u00f3n en rechazo del Foro de Madrid que se realiza en Santiago. \u201cNo podemos ser indiferentes frente al avance de la extrema derecha que busca relativizar los derechos humanos, dividir las sociedades con discursos de odio y negacionismo y poner en cuesti\u00f3n las conquistas que nos han costado d\u00e9cadas de organizaci\u00f3n y de lucha\u201d, dijo la presidenta Ana Lamas.<\/strong><\/p>\n\n\n\n<!--more-->\n\n\n\n<p><em>Santiago. &#8211; <\/em>La Confederaci\u00f3n de Trabajadores del Cobre (CTC) particip\u00f3 de la movilizaci\u00f3n en rechazo del Foro de Madrid que se realiza en Santiago agrupando a l\u00edderes pol\u00edticos ultraconservadores de Iberoam\u00e9rica.&nbsp;<\/p>\n\n\n\n<p>En la actividad convocada por las directivas metropolitanas de los partidos de oposici\u00f3n estuvieron presentes dirigentes pol\u00edticos, sociales y sindicales entre ellos, la Agrupaci\u00f3n de Familiares de Ejecutados Pol\u00edticos (AFEP), la Central Unitaria de Trabajadores (CUT) y la Coordinadora Nacional de Centros de Estudiantes (RENACE).<\/p>\n\n\n\n<p>La presidenta de la CTC, Ana Lamas, indic\u00f3 que \u201ccomo trabajadores y trabajadoras estamos presentes, porque defender la democracia tambi\u00e9n significa defender los derechos sociales, los derechos laborales y la soberan\u00eda de nuestro pa\u00eds\u201d.<\/p>\n\n\n\n<p>\u201cNo podemos ser indiferentes frente al avance de la extrema derecha que busca relativizar los derechos humanos, dividir las sociedades con discursos de odio y negacionismo y poner en cuesti\u00f3n las conquistas que nos han costado d\u00e9cadas de organizaci\u00f3n y de lucha\u201d, agreg\u00f3.<\/p>\n\n\n\n<p>Adem\u00e1s, la dirigenta recalc\u00f3 que defender la democracia tambi\u00e9n es proteger el trabajo digno. \u201cPara nosotros defender la democracia tambi\u00e9n significa defender el trabajo digno, los salarios justos, la seguridad social, la protecci\u00f3n social, la seguridad y salud en el trabajo de quienes d\u00eda a d\u00eda entregamos nuestra fuerza de trabajo para nuestro pa\u00eds\u201d.<\/p>\n\n\n\n<p>En ese marco, destac\u00f3 la importancia de que Codelco siga siendo una empresa estatal, as\u00ed como la renacionalizaci\u00f3n de los recursos naturales. \u201cEl cobre y el litio y nuestros recursos naturales pertenecen a Chile y deben estar al servicio de las grandes mayor\u00edas y no de los intereses de unos pocos\u201d, manifest\u00f3 Lamas.<\/p>\n\n\n\n<p>Y a\u00f1adi\u00f3 que \u201cpor eso defendemos a Codelco como una empresa estatal, porque significa defender la soberan\u00eda, el trabajo y el futuro de Chile. No aceptamos que bajo ning\u00fan discurso de libertad se pretenda privatizar la empresa de todos los chilenos, debilitar al Estado y retroceder en derechos conquistados por las y los trabajadores\u201d.<\/p>\n\n\n\n<p>\u201cLlamamos a la unidad frente al avance de la ultra derecha, a defender irrectricamnte la democracia, porque nuestro compromiso es con el proyecto de pa\u00eds donde la riqueza y los recursos naturales y el desarrollo est\u00e9n al servicio de las personas y no de una minor\u00eda. Con unidad, organizaci\u00f3n y lucha se defienden los derechos de los trabajadores, la democracia y los recursos naturales\u201d, concluy\u00f3.&nbsp;&nbsp;&nbsp;<\/p>\n","protected":false},"excerpt":{"rendered":"<p>La Confederaci\u00f3n de Trabajadores del Cobre estuvo presente en la manifestaci\u00f3n en rechazo del Foro de Madrid que se realiza en Santiago. \u201cNo podemos ser indiferentes frente al avance de &hellip; <\/p>\n","protected":false},"author":2,"featured_media":7121,"comment_status":"closed","ping_status":"closed","sticky":false,"template":"","format":"standard","meta":{"jetpack_post_was_ever_published":false,"_jetpack_newsletter_access":"","_jetpack_dont_email_post_to_subs":false,"_jetpack_newsletter_tier_id":0,"_jetpack_memberships_contains_paywalled_content":false,"_jetpack_memberships_contains_paid_content":false,"footnotes":"","jetpack_publicize_message":"","jetpack_publicize_feature_enabled":true,"jetpack_social_post_already_shared":true,"jetpack_social_options":{"image_generator_settings":{"template":"highway","default_image_id":0,"enabled":false},"version":2}},"categories":[16],"tags":[],"class_list":["post-7120","post","type-post","status-publish","format-standard","has-post-thumbnail","hentry","category-noticias"],"jetpack_publicize_connections":[],"jetpack_featured_media_url":"https:\/\/www.confederaciondelcobre.cl\/wp-content\/uploads\/2026\/09\/santiago-7.png","jetpack_sharing_enabled":true,"post_mailing_queue_ids":[],"_links":{"self":[{"href":"https:\/\/www.confederaciondelcobre.cl\/index.php\/wp-json\/wp\/v2\/posts\/7120","targetHints":{"allow":["GET"]}}],"collection":[{"href":"https:\/\/www.confederaciondelcobre.cl\/index.php\/wp-json\/wp\/v2\/posts"}],"about":[{"href":"https:\/\/www.confederaciondelcobre.cl\/index.php\/wp-json\/wp\/v2\/types\/post"}],"author":[{"embeddable":true,"href":"https:\/\/www.confederaciondelcobre.cl\/index.php\/wp-json\/wp\/v2\/users\/2"}],"replies":[{"embeddable":true,"href":"https:\/\/www.confederaciondelcobre.cl\/index.php\/wp-json\/wp\/v2\/comments?post=7120"}],"version-history":[{"count":1,"href":"https:\/\/www.confederaciondelcobre.cl\/index.php\/wp-json\/wp\/v2\/posts\/7120\/revisions"}],"predecessor-version":[{"id":7122,"href":"https:\/\/www.confederaciondelcobre.cl\/index.php\/wp-json\/wp\/v2\/posts\/7120\/revisions\/7122"}],"wp:featuredmedia":[{"embeddable":true,"href":"https:\/\/www.confederaciondelcobre.cl\/index.php\/wp-json\/wp\/v2\/media\/7121"}],"wp:attachment":[{"href":"https:\/\/www.confederaciondelcobre.cl\/index.php\/wp-json\/wp\/v2\/media?parent=7120"}],"wp:term":[{"taxonomy":"category","embeddable":true,"href":"https:\/\/www.confederaciondelcobre.cl\/index.php\/wp-json\/wp\/v2\/categories?post=7120"},{"taxonomy":"post_tag","embeddable":true,"href":"https:\/\/www.confederaciondelcobre.cl\/index.php\/wp-json\/wp\/v2\/tags?post=7120"}],"curies":[{"name":"wp","href":"https:\/\/api.w.org\/{rel}","templated":true}]}}