{"id":732,"date":"2020-01-10T19:31:57","date_gmt":"2020-01-10T19:31:57","guid":{"rendered":"http:\/\/www.confederaciondelcobre.cl\/?p=732"},"modified":"2020-01-10T19:31:57","modified_gmt":"2020-01-10T19:31:57","slug":"declaracionctc-solidaridad-con-el-movimiento-estudiantil-secundario","status":"publish","type":"post","link":"https:\/\/www.confederaciondelcobre.cl\/index.php\/2020\/01\/10\/declaracionctc-solidaridad-con-el-movimiento-estudiantil-secundario\/","title":{"rendered":"#Declaraci\u00f3nCTC: Solidaridad con el Movimiento Estudiantil Secundario"},"content":{"rendered":"\n<p><strong>DECLARACI\u00d3N\nP\u00daBLICA<\/strong><\/p>\n\n\n\n<p>Por\nconsiderarla un instrumento de selecci\u00f3n absolutamente discriminatorio y\nsegregador, y en la definici\u00f3n de un curso de acci\u00f3n coherente con su lucha,\nlas y los estudiantes secundarios chilenos, en un marco de movilizaci\u00f3n\npermanente de todo el pueblo a lo largo del pa\u00eds, han decidido actuar en\ndefensa del derecho de igualdad manifestando -una vez m\u00e1s- su rechazo a la\nPrueba de Selecci\u00f3n Universitaria (PSU). <\/p>\n\n\n\n<p>Es\nen ese contexto que el pa\u00eds entero ha sido testigo del ataque sistem\u00e1tico dirigido\nprincipalmente desde el Gobierno en contra de los estudiantes, llegando incluso\na invocar la nefasta Ley de Seguridad del Estado. Todo, en el fondo, para\naplacar el levantamiento estudiantil en pos de una sociedad mas justa e\nigualitaria.<\/p>\n\n\n\n<p>Son\nlos j\u00f3venes de Chile, compa\u00f1eras y compa\u00f1eros, quienes se levantan por una sociedad\nlibre de injusticias. Y ante aquello no da lo mismo de que lado de la historia\nnos ponemos, pues no son tiempos de posturas a medias. Son nuestras hijas e\nhijos que, siendo parte del movimiento estudiantil secundario, se levantan por\nuna sociedad y un pa\u00eds mejor.<\/p>\n\n\n\n<p>\u00a1Al\ngobierno no le basta perseguir, reprimir, mutilar y asesinar al pueblo y\nnuestros j\u00f3venes, y nosotros, los trabajadores subcontratados del cobre,\nsabemos y hemos sufrido en carne propia la persecuci\u00f3n, represi\u00f3n,\ncriminalizaci\u00f3n y asesinato por defender los derechos de las y los trabajadores!\nDesde all\u00ed, entonces, ante un gobierno que cierra los ojos frente a la cruda\nrealidad social, que no escucha las justas demandas del pueblo y que solo sabe\nresponder con la represi\u00f3n y el crimen, es que manifestamos nuestra irrestricta\nsolidaridad con el movimiento estudiantil secundario y sus dirigentes, a la vez\nque reivindicamos el leg\u00edtimo derecho del pueblo manifestarse y rebelarse ante\nel abuso.<\/p>\n\n\n\n<p style=\"text-align:center\"><strong>\u00a1Por una educaci\u00f3n p\u00fablica, universal, gratuita, laica y de calidad; arriba los que luchan y no se rinden jam\u00e1s!<\/strong><\/p>\n\n\n\n<p style=\"text-align:center\"><strong>CONFEDERACI\u00d3N\nDE TRABAJADORES DEL COBRE<\/strong><\/p>\n\n\n\n<p style=\"text-align:right\">Chile, 10 de enero de 2020.<\/p>\n\n\n\n<figure class=\"wp-block-image\"><img loading=\"lazy\" decoding=\"async\" width=\"627\" height=\"1024\" src=\"http:\/\/www.confederaciondelcobre.cl\/wp-content\/uploads\/2020\/01\/SOLIDARIDAD-CON-EL-MOVIMIENTO-ESTUDIANTIL-627x1024.png\" alt=\"\" class=\"wp-image-735\" srcset=\"https:\/\/www.confederaciondelcobre.cl\/wp-content\/uploads\/2020\/01\/SOLIDARIDAD-CON-EL-MOVIMIENTO-ESTUDIANTIL-627x1024.png 627w, https:\/\/www.confederaciondelcobre.cl\/wp-content\/uploads\/2020\/01\/SOLIDARIDAD-CON-EL-MOVIMIENTO-ESTUDIANTIL-184x300.png 184w, https:\/\/www.confederaciondelcobre.cl\/wp-content\/uploads\/2020\/01\/SOLIDARIDAD-CON-EL-MOVIMIENTO-ESTUDIANTIL-768x1255.png 768w\" sizes=\"auto, (max-width: 627px) 100vw, 627px\" \/><\/figure>\n","protected":false},"excerpt":{"rendered":"<p>DECLARACI\u00d3N P\u00daBLICA Por considerarla un instrumento de selecci\u00f3n absolutamente discriminatorio y segregador, y en la definici\u00f3n de un curso de acci\u00f3n coherente con su lucha, las y los estudiantes secundarios &hellip; <\/p>\n","protected":false},"author":2,"featured_media":737,"comment_status":"closed","ping_status":"closed","sticky":false,"template":"","format":"standard","meta":{"jetpack_post_was_ever_published":false,"_jetpack_newsletter_access":"","_jetpack_dont_email_post_to_subs":false,"_jetpack_newsletter_tier_id":0,"_jetpack_memberships_contains_paywalled_content":false,"_jetpack_memberships_contains_paid_content":false,"footnotes":"","jetpack_publicize_message":"","jetpack_publicize_feature_enabled":true,"jetpack_social_post_already_shared":false,"jetpack_social_options":{"image_generator_settings":{"template":"highway","default_image_id":0,"enabled":false},"version":2}},"categories":[8,9,14,15],"tags":[],"class_list":["post-732","post","type-post","status-publish","format-standard","has-post-thumbnail","hentry","category-comunicado","category-confederacion","category-movimientos-sociales","category-nacional"],"jetpack_publicize_connections":[],"jetpack_featured_media_url":"https:\/\/www.confederaciondelcobre.cl\/wp-content\/uploads\/2020\/01\/SMovEst.jpg","jetpack_sharing_enabled":true,"post_mailing_queue_ids":[],"_links":{"self":[{"href":"https:\/\/www.confederaciondelcobre.cl\/index.php\/wp-json\/wp\/v2\/posts\/732","targetHints":{"allow":["GET"]}}],"collection":[{"href":"https:\/\/www.confederaciondelcobre.cl\/index.php\/wp-json\/wp\/v2\/posts"}],"about":[{"href":"https:\/\/www.confederaciondelcobre.cl\/index.php\/wp-json\/wp\/v2\/types\/post"}],"author":[{"embeddable":true,"href":"https:\/\/www.confederaciondelcobre.cl\/index.php\/wp-json\/wp\/v2\/users\/2"}],"replies":[{"embeddable":true,"href":"https:\/\/www.confederaciondelcobre.cl\/index.php\/wp-json\/wp\/v2\/comments?post=732"}],"version-history":[{"count":1,"href":"https:\/\/www.confederaciondelcobre.cl\/index.php\/wp-json\/wp\/v2\/posts\/732\/revisions"}],"predecessor-version":[{"id":736,"href":"https:\/\/www.confederaciondelcobre.cl\/index.php\/wp-json\/wp\/v2\/posts\/732\/revisions\/736"}],"wp:featuredmedia":[{"embeddable":true,"href":"https:\/\/www.confederaciondelcobre.cl\/index.php\/wp-json\/wp\/v2\/media\/737"}],"wp:attachment":[{"href":"https:\/\/www.confederaciondelcobre.cl\/index.php\/wp-json\/wp\/v2\/media?parent=732"}],"wp:term":[{"taxonomy":"category","embeddable":true,"href":"https:\/\/www.confederaciondelcobre.cl\/index.php\/wp-json\/wp\/v2\/categories?post=732"},{"taxonomy":"post_tag","embeddable":true,"href":"https:\/\/www.confederaciondelcobre.cl\/index.php\/wp-json\/wp\/v2\/tags?post=732"}],"curies":[{"name":"wp","href":"https:\/\/api.w.org\/{rel}","templated":true}]}}