{"id":739,"date":"2020-01-27T18:48:55","date_gmt":"2020-01-27T18:48:55","guid":{"rendered":"http:\/\/www.confederaciondelcobre.cl\/?p=739"},"modified":"2020-04-26T23:22:59","modified_gmt":"2020-04-26T23:22:59","slug":"12o-congreso-central-unitaria-de-trabajadores","status":"publish","type":"post","link":"https:\/\/www.confederaciondelcobre.cl\/index.php\/2020\/01\/27\/12o-congreso-central-unitaria-de-trabajadores\/","title":{"rendered":"12\u00ba Congreso Central Unitaria de Trabajadores."},"content":{"rendered":"\n<p>Con importantes resoluciones, entre las cuales destacan la implementaci\u00f3n de un <strong>sistema de elecciones universales de la Central, a realizarse el 20 de agosto de 2020; la definici\u00f3n de un calendario de movilizaciones a nivel nacional<\/strong>, al menos para el primer semestre de este a\u00f1o que incluye -por cierto- la participaci\u00f3n en la conmemoraci\u00f3n del D\u00eda Internacional de la Mujer Trabajadora; y la creaci\u00f3n de un <strong>Comando de Trabajadores por la Nueva Constituci\u00f3n<\/strong> (llamado &#8220;<em>Comando 26 de abril<\/em>&#8220;), finaliz\u00f3 el s\u00e1bado 25 de enero reci\u00e9n pasado el 12\u00b0 Congreso Nacional de la <a href=\"http:\/\/cut.cl\/cutchile\/\">Central Unitaria de Trabajadores<\/a> (CUT).<\/p>\n\n\n\n<p><em>&#8220;Construyendo un Chile justo junto a las y los trabajadores&#8221;<\/em> fue el lema bajo el cual trabajadores de todo el territorio nacional, representados en sus organizaciones afiliadas acreditadas, entre ellas la Confederaci\u00f3n de Trabajadores del Cobre (CTC), adem\u00e1s de 14 organizaciones sindicales internacionales (de cuatro continentes), junto a la <a href=\"https:\/\/www.ituc-csi.org\/?lang=es\">Confederaci\u00f3n Sindical Internacional<\/a> (CSI) y la <a href=\"http:\/\/www.csa-csi.org\/\">Confederaci\u00f3n Sindical de Trabajadores y Trabajadoras de las Am\u00e9ricas<\/a> (CSA), se dieron cita y participaron de este evento, que es la m\u00e1xima instancia de deliberaci\u00f3n y resoluci\u00f3n de la hist\u00f3rica y m\u00e1s grande organizaci\u00f3n sindical del pa\u00eds.<\/p>\n\n\n\n<figure class=\"wp-block-image\"><img loading=\"lazy\" decoding=\"async\" width=\"800\" height=\"600\" src=\"http:\/\/www.confederaciondelcobre.cl\/wp-content\/uploads\/2020\/01\/JoanTurner.jpg\" alt=\"\" class=\"wp-image-752\" srcset=\"https:\/\/www.confederaciondelcobre.cl\/wp-content\/uploads\/2020\/01\/JoanTurner.jpg 800w, https:\/\/www.confederaciondelcobre.cl\/wp-content\/uploads\/2020\/01\/JoanTurner-300x225.jpg 300w, https:\/\/www.confederaciondelcobre.cl\/wp-content\/uploads\/2020\/01\/JoanTurner-768x576.jpg 768w\" sizes=\"auto, (max-width: 800px) 100vw, 800px\" \/><figcaption>Joan Turner recibe a nombre de V\u00edctor Jara medalla &#8220;L\u00edderes Sindicales&#8221;<\/figcaption><\/figure>\n\n\n\n<p>El viernes 25 y alrededor de las 19:00 horas, en el Estadio V\u00edctor Jara, tuvo lugar la ceremonia de apertura. En la ocasi\u00f3n, junto con una emotiva conmemoraci\u00f3n en honor al propio cantautor popular quien, de manera p\u00f3stuma y en manos de su compa\u00f1era de vida Joan Turner, recibi\u00f3 la medalla &#8220;<em>L\u00edderes Sindicales<\/em>&#8220;, se cont\u00f3 con presentaciones art\u00edsticas de danza y m\u00fasica. En tanto el discurso central estuvo a cargo de la Presidenta de la CUT, B\u00e1rbara Figueroa, que puedes revisar a continuaci\u00f3n.<\/p>\n\n\n\n<figure class=\"wp-block-embed-youtube wp-block-embed is-type-video is-provider-youtube wp-embed-aspect-16-9 wp-has-aspect-ratio\"><div class=\"wp-block-embed__wrapper\">\n<div class=\"jetpack-video-wrapper\"><iframe loading=\"lazy\" title=\"12\u00ba Congreso CUT - Discurso B\u00e1rbara Figueroa\" width=\"735\" height=\"413\" src=\"https:\/\/www.youtube.com\/embed\/1SU1y-8d2qI?feature=oembed\" frameborder=\"0\" allow=\"accelerometer; autoplay; encrypted-media; gyroscope; picture-in-picture\" allowfullscreen><\/iframe><\/div>\n<\/div><figcaption>Discurso central de la Presidenta de la CUT, B\u00e1rbara Figueroa.<\/figcaption><\/figure>\n\n\n\n<h4 class=\"wp-block-heading\">La CTC y el 12\u00ba Congreso de la CUT<\/h4>\n\n\n\n<p>La participaci\u00f3n de la <strong><a href=\"https:\/\/twitter.com\/ConfeCobre\">Confederaci\u00f3n de Trabajadores del Cobre<\/a><\/strong>, que estuvo a cargo de su Presidente y actual Consejero Nacional de la CUT, <strong>Manuel Ahumada Letelier<\/strong>; el Vicepresidente, <strong>Miguel Santana Hidalgo<\/strong>; la Secretaria General, <strong>Ana Lamas Aguirre<\/strong>; el tesorero, <strong>Jedry Velis Palma<\/strong>, el Director Nacional Encargado de Organizaci\u00f3n, <strong>Patricio Roco Bucarey<\/strong>; y el Director Nacional <strong>Jos\u00e9 Mardones Gallardo<\/strong> quien es adem\u00e1s Presidente de la CUT provincial el LOA, tuvo como ejes centrales la valoraci\u00f3n de la movilizaci\u00f3n y protesta nacionales que se han venido desarrollando durante m\u00e1s de cien d\u00edas, donde el pueblo en su conjunto, cansado de tanto abuso, est\u00e1 demandando cambios reales y profundos.<\/p>\n\n\n\n<p>En ese sentido, asuntos como la <strong>renacionalizaci\u00f3n del cobre y de todos los recursos naturales estrat\u00e9gicos<\/strong>, la <strong>eliminaci\u00f3n del subcontrato como mecanismo de precarizaci\u00f3n laboral<\/strong>, la <strong>eliminaci\u00f3n de las limitaciones al derecho de huelga<\/strong> y el <strong>derecho a negociaci\u00f3n ramal<\/strong>, entre otros, que siendo pilares pol\u00edtico fundacionales de la CTC, fueron puestos en relieve sobre todo hoy en v\u00edas al Proceso Constituyente que en abril pr\u00f3ximo tendr\u00e1 uno de sus hitos. De la misma forma manifestaron la convicci\u00f3n de que <strong>en este Nuevo Chile es la persona la que debe estar al centro y no el capital<\/strong>, pues la f\u00f3rmula aplicada desde la instalaci\u00f3n del actual modelo econ\u00f3mico, a sangre y fuego durante la dictadura c\u00edvico-militar, es la responsable de tantos atropellos contra los cuales hoy el pueblo de Chile se moviliza en la b\u00fasqueda de justicia y dignidad.<\/p>\n\n\n\n<figure class=\"wp-block-image\"><img loading=\"lazy\" decoding=\"async\" width=\"800\" height=\"600\" src=\"http:\/\/www.confederaciondelcobre.cl\/wp-content\/uploads\/2020\/01\/CTC12ConCUT.jpg\" alt=\"\" class=\"wp-image-759\" srcset=\"https:\/\/www.confederaciondelcobre.cl\/wp-content\/uploads\/2020\/01\/CTC12ConCUT.jpg 800w, https:\/\/www.confederaciondelcobre.cl\/wp-content\/uploads\/2020\/01\/CTC12ConCUT-300x225.jpg 300w, https:\/\/www.confederaciondelcobre.cl\/wp-content\/uploads\/2020\/01\/CTC12ConCUT-768x576.jpg 768w\" sizes=\"auto, (max-width: 800px) 100vw, 800px\" \/><\/figure>\n","protected":false},"excerpt":{"rendered":"<p>Con importantes resoluciones, entre las cuales destacan la implementaci\u00f3n de un sistema de elecciones universales de la Central, a realizarse el 20 de agosto de 2020; la definici\u00f3n de un &hellip; <\/p>\n","protected":false},"author":2,"featured_media":761,"comment_status":"closed","ping_status":"closed","sticky":false,"template":"","format":"standard","meta":{"jetpack_post_was_ever_published":false,"_jetpack_newsletter_access":"","_jetpack_dont_email_post_to_subs":false,"_jetpack_newsletter_tier_id":0,"_jetpack_memberships_contains_paywalled_content":false,"_jetpack_memberships_contains_paid_content":false,"footnotes":"","jetpack_publicize_message":"","jetpack_publicize_feature_enabled":true,"jetpack_social_post_already_shared":false,"jetpack_social_options":{"image_generator_settings":{"template":"highway","default_image_id":0,"enabled":false},"version":2}},"categories":[9,27,21,15,19],"tags":[],"class_list":["post-739","post","type-post","status-publish","format-standard","has-post-thumbnail","hentry","category-confederacion","category-cut","category-federaciones","category-nacional","category-trabajadores"],"jetpack_publicize_connections":[],"jetpack_featured_media_url":"https:\/\/www.confederaciondelcobre.cl\/wp-content\/uploads\/2020\/01\/PortadaCongresoCUT.jpg","jetpack_sharing_enabled":true,"post_mailing_queue_ids":[],"_links":{"self":[{"href":"https:\/\/www.confederaciondelcobre.cl\/index.php\/wp-json\/wp\/v2\/posts\/739","targetHints":{"allow":["GET"]}}],"collection":[{"href":"https:\/\/www.confederaciondelcobre.cl\/index.php\/wp-json\/wp\/v2\/posts"}],"about":[{"href":"https:\/\/www.confederaciondelcobre.cl\/index.php\/wp-json\/wp\/v2\/types\/post"}],"author":[{"embeddable":true,"href":"https:\/\/www.confederaciondelcobre.cl\/index.php\/wp-json\/wp\/v2\/users\/2"}],"replies":[{"embeddable":true,"href":"https:\/\/www.confederaciondelcobre.cl\/index.php\/wp-json\/wp\/v2\/comments?post=739"}],"version-history":[{"count":21,"href":"https:\/\/www.confederaciondelcobre.cl\/index.php\/wp-json\/wp\/v2\/posts\/739\/revisions"}],"predecessor-version":[{"id":763,"href":"https:\/\/www.confederaciondelcobre.cl\/index.php\/wp-json\/wp\/v2\/posts\/739\/revisions\/763"}],"wp:featuredmedia":[{"embeddable":true,"href":"https:\/\/www.confederaciondelcobre.cl\/index.php\/wp-json\/wp\/v2\/media\/761"}],"wp:attachment":[{"href":"https:\/\/www.confederaciondelcobre.cl\/index.php\/wp-json\/wp\/v2\/media?parent=739"}],"wp:term":[{"taxonomy":"category","embeddable":true,"href":"https:\/\/www.confederaciondelcobre.cl\/index.php\/wp-json\/wp\/v2\/categories?post=739"},{"taxonomy":"post_tag","embeddable":true,"href":"https:\/\/www.confederaciondelcobre.cl\/index.php\/wp-json\/wp\/v2\/tags?post=739"}],"curies":[{"name":"wp","href":"https:\/\/api.w.org\/{rel}","templated":true}]}}